{"id":19651,"date":"2012-06-20T09:46:12","date_gmt":"2012-06-20T13:46:12","guid":{"rendered":"http:\/\/www.eltrabajo.cl\/portal\/?p=19651"},"modified":"2012-06-20T09:46:12","modified_gmt":"2012-06-20T13:46:12","slug":"feria-de-artesanos-el-rastro-continua-siendo-la-mejor-a-nivel-regional","status":"publish","type":"post","link":"https:\/\/eltrabajo.cl\/portal\/feria-de-artesanos-el-rastro-continua-siendo-la-mejor-a-nivel-regional\/","title":{"rendered":"Feria de artesanos El Rastro contin\u00faa siendo la mejor a nivel regional"},"content":{"rendered":"<figure id=\"attachment_19652\" aria-describedby=\"caption-attachment-19652\" style=\"width: 600px\" class=\"wp-caption alignnone\"><a href=\"http:\/\/www.eltrabajo.cl\/portal\/2012\/06\/feria-de-artesanos-el-rastro-continua-siendo-la-mejor-a-nivel-regional\/artesanos1-3\/\" rel=\"attachment wp-att-19652\"><img data-recalc-dims=\"1\" loading=\"lazy\" decoding=\"async\" class=\"size-full wp-image-19652\" title=\"Artesanos1\" src=\"https:\/\/i0.wp.com\/www.eltrabajo.cl\/portal\/wp-content\/uploads\/2012\/06\/Artesanos11.jpg?resize=600%2C434\" alt=\"\" width=\"600\" height=\"434\" srcset=\"https:\/\/i0.wp.com\/eltrabajo.cl\/portal\/wp-content\/uploads\/2012\/06\/Artesanos11.jpg?w=600&amp;ssl=1 600w, https:\/\/i0.wp.com\/eltrabajo.cl\/portal\/wp-content\/uploads\/2012\/06\/Artesanos11.jpg?resize=200%2C144&amp;ssl=1 200w, https:\/\/i0.wp.com\/eltrabajo.cl\/portal\/wp-content\/uploads\/2012\/06\/Artesanos11.jpg?resize=300%2C217&amp;ssl=1 300w, https:\/\/i0.wp.com\/eltrabajo.cl\/portal\/wp-content\/uploads\/2012\/06\/Artesanos11.jpg?resize=150%2C108&amp;ssl=1 150w, https:\/\/i0.wp.com\/eltrabajo.cl\/portal\/wp-content\/uploads\/2012\/06\/Artesanos11.jpg?resize=400%2C289&amp;ssl=1 400w\" sizes=\"auto, (max-width: 600px) 100vw, 600px\" \/><\/a><figcaption id=\"caption-attachment-19652\" class=\"wp-caption-text\">Ellos son s\u00f3lo una parte del Grupo Cultural y Artesanal El Rastro que todos los meses montan su feria tambi\u00e9n en la Plaza de Armas.<\/figcaption><\/figure>\n<p>Roberto Gonz\u00e1lez Short &#8211; <a href=\"mailto:rgonzalez@eltrabajo.cl\">rgonzalez@eltrabajo.cl<\/a><\/p>\n<p>Los amantes a las artesan\u00edas y productos naturales para el consumo humano se arremolinaron durante todo el d\u00eda de este martes en la ya tradicional Feria El Rastro que se realiz\u00f3 en la sede de la Corporaci\u00f3n de Iniciativa Empresarial (CIEM) Aconcagua en El Almendral.<\/p>\n<p>La actividad la desarrollan m\u00e1s de 30 artesanos de la regi\u00f3n que desde hace algunos a\u00f1os vienen operando en las distintas ferias de Los Andes, San Felipe, Santa Mar\u00eda y Llay Llay.<\/p>\n<figure id=\"attachment_19653\" aria-describedby=\"caption-attachment-19653\" style=\"width: 300px\" class=\"wp-caption alignright\"><a href=\"http:\/\/www.eltrabajo.cl\/portal\/2012\/06\/feria-de-artesanos-el-rastro-continua-siendo-la-mejor-a-nivel-regional\/agendas1\/\" rel=\"attachment wp-att-19653\"><img data-recalc-dims=\"1\" loading=\"lazy\" decoding=\"async\" class=\"size-medium wp-image-19653\" title=\"Agendas1\" src=\"https:\/\/i0.wp.com\/www.eltrabajo.cl\/portal\/wp-content\/uploads\/2012\/06\/Agendas1-300x207.jpg?resize=300%2C207\" alt=\"\" width=\"300\" height=\"207\" srcset=\"https:\/\/i0.wp.com\/eltrabajo.cl\/portal\/wp-content\/uploads\/2012\/06\/Agendas1.jpg?resize=300%2C207&amp;ssl=1 300w, https:\/\/i0.wp.com\/eltrabajo.cl\/portal\/wp-content\/uploads\/2012\/06\/Agendas1.jpg?resize=200%2C138&amp;ssl=1 200w, https:\/\/i0.wp.com\/eltrabajo.cl\/portal\/wp-content\/uploads\/2012\/06\/Agendas1.jpg?resize=150%2C103&amp;ssl=1 150w, https:\/\/i0.wp.com\/eltrabajo.cl\/portal\/wp-content\/uploads\/2012\/06\/Agendas1.jpg?resize=400%2C276&amp;ssl=1 400w, https:\/\/i0.wp.com\/eltrabajo.cl\/portal\/wp-content\/uploads\/2012\/06\/Agendas1.jpg?w=600&amp;ssl=1 600w\" sizes=\"auto, (max-width: 300px) 100vw, 300px\" \/><\/a><figcaption id=\"caption-attachment-19653\" class=\"wp-caption-text\">Olivia Ram\u00edrez fabrica estas \u00fatiles agendas y libretas hechas con papel org\u00e1nico, el material reciclado es m\u00e1s amigable con el Medio Ambiente.<\/figcaption><\/figure>\n<p>\u201cNuestro proyecto fue conocido hace muchos a\u00f1os como \u2018El Mercado de Las Pulgas\u2019, logramos nuestra Personer\u00eda Jur\u00eddica hace varios a\u00f1os y desde entonces nos ganamos la vida ofreciendo nuestras mejores creaciones\u201d, detall\u00f3 a Diario El Trabajo, Berta Valdebenito S\u00e1nchez, Presidente del Grupo Artesanal El Rastro.<\/p>\n<p>Productos derivados de la miel, agendas de papel org\u00e1nico, collares de madera y jade, plantas florales, ba\u00fales de madera, cer\u00e1mica de arcilla y jabones elaborados a base de hierbas, son s\u00f3lo parte del men\u00fa disponible para quienes visitaron la feria, misma que se realiza los 13 y 14 de cada mes en la Plaza de Armas de San Felipe.<\/p>\n<p>\u201cLo importante en nuestro grupo de artesanos, es que no se permiten m\u00e1s de dos productores con el mismo producto, esto porque entrar\u00edamos en una competencia muy agresiva que no permitir\u00eda ganancias justas para los participantes\u201d, agreg\u00f3 Valdebenito.<\/p>\n<p>Aunque esta asociaci\u00f3n de artesanos existe desde 2001, el CIEM es un centro cultural que realiza tambi\u00e9n exposiciones art\u00edsticas de categor\u00eda impecable y que opera en ese lugar desde 1997.<\/p>\n","protected":false},"excerpt":{"rendered":"<p>Roberto Gonz\u00e1lez Short &#8211; rgonzalez@eltrabajo.cl Los amantes a las artesan\u00edas y productos naturales para el consumo humano se arremolinaron durante todo el d\u00eda de este martes en la ya tradicional Feria El&#8230;<\/p>\n","protected":false},"author":482,"featured_media":19652,"comment_status":"open","ping_status":"closed","sticky":false,"template":"","format":"standard","meta":{"advanced_seo_description":"","jetpack_seo_html_title":"","jetpack_seo_noindex":false,"_jetpack_memberships_contains_paid_content":false,"footnotes":""},"categories":[15],"tags":[],"class_list":["post-19651","post","type-post","status-publish","format-standard","has-post-thumbnail","hentry","category-comunidad"],"jetpack_featured_media_url":"https:\/\/i0.wp.com\/eltrabajo.cl\/portal\/wp-content\/uploads\/2012\/06\/Artesanos11.jpg?fit=600%2C434&ssl=1","jetpack_sharing_enabled":true,"jetpack_likes_enabled":true,"jetpack-related-posts":[],"_links":{"self":[{"href":"https:\/\/eltrabajo.cl\/portal\/wp-json\/wp\/v2\/posts\/19651","targetHints":{"allow":["GET"]}}],"collection":[{"href":"https:\/\/eltrabajo.cl\/portal\/wp-json\/wp\/v2\/posts"}],"about":[{"href":"https:\/\/eltrabajo.cl\/portal\/wp-json\/wp\/v2\/types\/post"}],"author":[{"embeddable":true,"href":"https:\/\/eltrabajo.cl\/portal\/wp-json\/wp\/v2\/users\/482"}],"replies":[{"embeddable":true,"href":"https:\/\/eltrabajo.cl\/portal\/wp-json\/wp\/v2\/comments?post=19651"}],"version-history":[{"count":0,"href":"https:\/\/eltrabajo.cl\/portal\/wp-json\/wp\/v2\/posts\/19651\/revisions"}],"wp:featuredmedia":[{"embeddable":true,"href":"https:\/\/eltrabajo.cl\/portal\/wp-json\/wp\/v2\/media\/19652"}],"wp:attachment":[{"href":"https:\/\/eltrabajo.cl\/portal\/wp-json\/wp\/v2\/media?parent=19651"}],"wp:term":[{"taxonomy":"category","embeddable":true,"href":"https:\/\/eltrabajo.cl\/portal\/wp-json\/wp\/v2\/categories?post=19651"},{"taxonomy":"post_tag","embeddable":true,"href":"https:\/\/eltrabajo.cl\/portal\/wp-json\/wp\/v2\/tags?post=19651"}],"curies":[{"name":"wp","href":"https:\/\/api.w.org\/{rel}","templated":true}]}}