{"id":19656,"date":"2012-06-20T09:47:34","date_gmt":"2012-06-20T13:47:34","guid":{"rendered":"http:\/\/www.eltrabajo.cl\/portal\/?p=19656"},"modified":"2012-06-20T09:47:34","modified_gmt":"2012-06-20T13:47:34","slug":"municipio-se-querella-por-robo-e-incendio-intencional-en-panquehue","status":"publish","type":"post","link":"https:\/\/eltrabajo.cl\/portal\/municipio-se-querella-por-robo-e-incendio-intencional-en-panquehue\/","title":{"rendered":"Municipio se querella por robo e incendio intencional en Panquehue"},"content":{"rendered":"<figure id=\"attachment_19657\" aria-describedby=\"caption-attachment-19657\" style=\"width: 600px\" class=\"wp-caption alignnone\"><a href=\"http:\/\/www.eltrabajo.cl\/portal\/2012\/06\/municipio-se-querella-por-robo-e-incendio-intencional-en-panquehue\/planta-de-tratamiento-3\/\" rel=\"attachment wp-att-19657\"><img data-recalc-dims=\"1\" loading=\"lazy\" decoding=\"async\" class=\"size-full wp-image-19657\" title=\"Planta de Tratamiento 3\" src=\"https:\/\/i0.wp.com\/www.eltrabajo.cl\/portal\/wp-content\/uploads\/2012\/06\/Planta-de-Tratamiento-3.jpg?resize=600%2C450\" alt=\"\" width=\"600\" height=\"450\" srcset=\"https:\/\/i0.wp.com\/eltrabajo.cl\/portal\/wp-content\/uploads\/2012\/06\/Planta-de-Tratamiento-3.jpg?w=600&amp;ssl=1 600w, https:\/\/i0.wp.com\/eltrabajo.cl\/portal\/wp-content\/uploads\/2012\/06\/Planta-de-Tratamiento-3.jpg?resize=200%2C150&amp;ssl=1 200w, https:\/\/i0.wp.com\/eltrabajo.cl\/portal\/wp-content\/uploads\/2012\/06\/Planta-de-Tratamiento-3.jpg?resize=300%2C225&amp;ssl=1 300w, https:\/\/i0.wp.com\/eltrabajo.cl\/portal\/wp-content\/uploads\/2012\/06\/Planta-de-Tratamiento-3.jpg?resize=150%2C112&amp;ssl=1 150w, https:\/\/i0.wp.com\/eltrabajo.cl\/portal\/wp-content\/uploads\/2012\/06\/Planta-de-Tratamiento-3.jpg?resize=400%2C300&amp;ssl=1 400w\" sizes=\"auto, (max-width: 600px) 100vw, 600px\" \/><\/a><figcaption id=\"caption-attachment-19657\" class=\"wp-caption-text\">El incendio a la planta de tratamiento habr\u00eda sido aparentemente intencional, destruyendo dos de los cinco motores con que opera el sistema.<\/figcaption><\/figure>\n<p><strong>PANQUEHUE.-<\/strong> El Alcalde Luis Pradenas presentar\u00e1 una querella en los pr\u00f3ximos d\u00edas en contra de quienes resulten responsables de dos hechos delictuales sucedidos en los \u00faltimos d\u00edas, como lo son un robo de herramientas y un incendio intencional.<\/p>\n<p>El primero de ellos se trata de un robo de dos motosierras el d\u00eda jueves y posteriormente la noche del s\u00e1bado, un incendio que dej\u00f3 inutilizados dos motores de los cinco con que cuenta la Planta de Tratamiento de la comuna.<\/p>\n<p>Las dos motosierras fueron extra\u00eddas de una bodega municipal ubicada en el estadio Los Libertadores, situado en el sector La Pirca. Ah\u00ed la bodega fue abierta sin fuerza de chapa ni puerta, sustrayendo las m\u00e1quinas que estaban preparadas para cualquier eventualidad ante el frente mal tiempo que ocurri\u00f3 el fin de semana pasado.<\/p>\n<p>Posteriormente, el s\u00e1bado por la noche ocurri\u00f3 un incendio en la sala de m\u00e1quinas de la Planta de Tratamiento, donde dos de los cinco motores con que cuenta la construcci\u00f3n se perdieron totalmente. Hasta el lugar concurri\u00f3 bomberos de Panquehue y San Felipe. Adem\u00e1s de Carabineros.<\/p>\n<p>La brigada investigadora de incendio del Cuerpo de Bomberos descart\u00f3 en primera instancia que el fuego se hubiese originado por un corto circuito, recopilando en el lugar medios de pruebas y fotograf\u00edas para la investigaci\u00f3n de rigor para determinar la causa del incendio, la cual ser\u00e1 por parte de la Fiscal\u00eda de San Felipe, donde se dio cuenta por parte de los hechos ocurridos. Da\u00f1os que ser\u00e1n evaluados por la Fiscal\u00eda.<\/p>\n<p>\u201cMe da pena que esto suceda porque con estos hechos, s\u00f3lo resulta afectada la comunidad. Los actores del delito de robo de las dos motosierras causan un da\u00f1o enorme, porque estas son herramientas que lamentablemente las usan los trabajadores municipales para trabajar especialmente en situaciones de temporal. Y con respecto al incendio, s\u00f3lo me pronunciar\u00e9 cuando la investigaci\u00f3n de la justicia determine cuales fueron las causas, ya que la causa del mismo, que en principio pod\u00eda atribuirse a un cortocircuito, ha sido desestimada por Bomberos, lo que a este Alcalde le produce una honda preocupaci\u00f3n\u201d.<\/p>\n<p>El jefe comunal prosigui\u00f3 diciendo que \u201cse trabaj\u00f3 todo el fin de semana y el domingo en la tarde la Planta de Tratamiento ya estaba funcionando. Esta vez con tres motores\u201d.<\/p>\n<p>Finalmente el Alcalde se\u00f1al\u00f3: \u201cSeguir\u00e9 trabajando para buscar los recursos para reparar \u00edntegramente los da\u00f1os causados por el incendio y as\u00ed la Planta de Tratamiento, que ha mejorado la calidad de vida de los panquehuinos, pueda seguir funcionando en \u00f3ptimas condiciones\u201d.<\/p>\n","protected":false},"excerpt":{"rendered":"<p>PANQUEHUE.- El Alcalde Luis Pradenas presentar\u00e1 una querella en los pr\u00f3ximos d\u00edas en contra de quienes resulten responsables de dos hechos delictuales sucedidos en los \u00faltimos d\u00edas, como lo son un robo&#8230;<\/p>\n","protected":false},"author":482,"featured_media":19657,"comment_status":"open","ping_status":"closed","sticky":false,"template":"","format":"standard","meta":{"advanced_seo_description":"","jetpack_seo_html_title":"","jetpack_seo_noindex":false,"_jetpack_memberships_contains_paid_content":false,"footnotes":""},"categories":[1],"tags":[],"class_list":["post-19656","post","type-post","status-publish","format-standard","has-post-thumbnail","hentry","category-cronica"],"jetpack_featured_media_url":"https:\/\/i0.wp.com\/eltrabajo.cl\/portal\/wp-content\/uploads\/2012\/06\/Planta-de-Tratamiento-3.jpg?fit=600%2C450&ssl=1","jetpack_sharing_enabled":true,"jetpack_likes_enabled":true,"jetpack-related-posts":[],"_links":{"self":[{"href":"https:\/\/eltrabajo.cl\/portal\/wp-json\/wp\/v2\/posts\/19656","targetHints":{"allow":["GET"]}}],"collection":[{"href":"https:\/\/eltrabajo.cl\/portal\/wp-json\/wp\/v2\/posts"}],"about":[{"href":"https:\/\/eltrabajo.cl\/portal\/wp-json\/wp\/v2\/types\/post"}],"author":[{"embeddable":true,"href":"https:\/\/eltrabajo.cl\/portal\/wp-json\/wp\/v2\/users\/482"}],"replies":[{"embeddable":true,"href":"https:\/\/eltrabajo.cl\/portal\/wp-json\/wp\/v2\/comments?post=19656"}],"version-history":[{"count":0,"href":"https:\/\/eltrabajo.cl\/portal\/wp-json\/wp\/v2\/posts\/19656\/revisions"}],"wp:featuredmedia":[{"embeddable":true,"href":"https:\/\/eltrabajo.cl\/portal\/wp-json\/wp\/v2\/media\/19657"}],"wp:attachment":[{"href":"https:\/\/eltrabajo.cl\/portal\/wp-json\/wp\/v2\/media?parent=19656"}],"wp:term":[{"taxonomy":"category","embeddable":true,"href":"https:\/\/eltrabajo.cl\/portal\/wp-json\/wp\/v2\/categories?post=19656"},{"taxonomy":"post_tag","embeddable":true,"href":"https:\/\/eltrabajo.cl\/portal\/wp-json\/wp\/v2\/tags?post=19656"}],"curies":[{"name":"wp","href":"https:\/\/api.w.org\/{rel}","templated":true}]}}