{"id":19660,"date":"2012-06-20T09:50:22","date_gmt":"2012-06-20T13:50:22","guid":{"rendered":"http:\/\/www.eltrabajo.cl\/portal\/?p=19660"},"modified":"2012-06-20T09:50:22","modified_gmt":"2012-06-20T13:50:22","slug":"agricultores-y-comuneros-de-santa-maria-pierden-cosechas-por-falta-de-agua","status":"publish","type":"post","link":"https:\/\/eltrabajo.cl\/portal\/agricultores-y-comuneros-de-santa-maria-pierden-cosechas-por-falta-de-agua\/","title":{"rendered":"Agricultores y comuneros de Santa Mar\u00eda pierden cosechas por falta de agua"},"content":{"rendered":"<figure id=\"attachment_19661\" aria-describedby=\"caption-attachment-19661\" style=\"width: 600px\" class=\"wp-caption alignnone\"><a href=\"http:\/\/www.eltrabajo.cl\/portal\/2012\/06\/agricultores-y-comuneros-de-santa-maria-pierden-cosechas-por-falta-de-agua\/tunas1\/\" rel=\"attachment wp-att-19661\"><img data-recalc-dims=\"1\" loading=\"lazy\" decoding=\"async\" class=\"size-full wp-image-19661\" title=\"Tunas1\" src=\"https:\/\/i0.wp.com\/www.eltrabajo.cl\/portal\/wp-content\/uploads\/2012\/06\/Tunas1.jpg?resize=600%2C443\" alt=\"\" width=\"600\" height=\"443\" srcset=\"https:\/\/i0.wp.com\/eltrabajo.cl\/portal\/wp-content\/uploads\/2012\/06\/Tunas1.jpg?w=600&amp;ssl=1 600w, https:\/\/i0.wp.com\/eltrabajo.cl\/portal\/wp-content\/uploads\/2012\/06\/Tunas1.jpg?resize=200%2C147&amp;ssl=1 200w, https:\/\/i0.wp.com\/eltrabajo.cl\/portal\/wp-content\/uploads\/2012\/06\/Tunas1.jpg?resize=300%2C221&amp;ssl=1 300w, https:\/\/i0.wp.com\/eltrabajo.cl\/portal\/wp-content\/uploads\/2012\/06\/Tunas1.jpg?resize=150%2C110&amp;ssl=1 150w, https:\/\/i0.wp.com\/eltrabajo.cl\/portal\/wp-content\/uploads\/2012\/06\/Tunas1.jpg?resize=400%2C295&amp;ssl=1 400w\" sizes=\"auto, (max-width: 600px) 100vw, 600px\" \/><\/a><figcaption id=\"caption-attachment-19661\" class=\"wp-caption-text\">La agricultora Marta Ponce y su empleado Alex Gustavo, muestran Diario El Trabajo las tunas deshidratadas que tiene que tirar a la basura tras las fuertes sequ\u00edas en Los Galdames de Santa Mar\u00eda.<\/figcaption><\/figure>\n<p>Roberto Gonz\u00e1lez Short &#8211; <a href=\"mailto:rgonzalez@eltrabajo.cl\">rgonzalez@eltrabajo.cl<\/a><\/p>\n<p>Al no contar con suficiente agua para sus faenas agr\u00edcolas, muy angustiados aseguran estar algunos productores de tuna, aceitunas y peque\u00f1os ganaderos del sector de Jahuelito y Los Galdames de Santa Mar\u00eda. Esta situaci\u00f3n, seg\u00fan ellos, la vienen sufriendo desde hace ya dos a\u00f1os y tiene su origen en la carencia de recursos h\u00eddricos suficientes para poder mantener en pie sus plantaciones.<\/p>\n<figure id=\"attachment_19662\" aria-describedby=\"caption-attachment-19662\" style=\"width: 300px\" class=\"wp-caption alignright\"><a href=\"http:\/\/www.eltrabajo.cl\/portal\/2012\/06\/agricultores-y-comuneros-de-santa-maria-pierden-cosechas-por-falta-de-agua\/flaco1\/\" rel=\"attachment wp-att-19662\"><img data-recalc-dims=\"1\" loading=\"lazy\" decoding=\"async\" class=\"size-medium wp-image-19662\" title=\"Flaco1\" src=\"https:\/\/i0.wp.com\/www.eltrabajo.cl\/portal\/wp-content\/uploads\/2012\/06\/Flaco1-300x225.jpg?resize=300%2C225\" alt=\"\" width=\"300\" height=\"225\" srcset=\"https:\/\/i0.wp.com\/eltrabajo.cl\/portal\/wp-content\/uploads\/2012\/06\/Flaco1.jpg?resize=300%2C225&amp;ssl=1 300w, https:\/\/i0.wp.com\/eltrabajo.cl\/portal\/wp-content\/uploads\/2012\/06\/Flaco1.jpg?resize=200%2C150&amp;ssl=1 200w, https:\/\/i0.wp.com\/eltrabajo.cl\/portal\/wp-content\/uploads\/2012\/06\/Flaco1.jpg?resize=150%2C112&amp;ssl=1 150w, https:\/\/i0.wp.com\/eltrabajo.cl\/portal\/wp-content\/uploads\/2012\/06\/Flaco1.jpg?resize=400%2C300&amp;ssl=1 400w, https:\/\/i0.wp.com\/eltrabajo.cl\/portal\/wp-content\/uploads\/2012\/06\/Flaco1.jpg?w=600&amp;ssl=1 600w\" sizes=\"auto, (max-width: 300px) 100vw, 300px\" \/><\/a><figcaption id=\"caption-attachment-19662\" class=\"wp-caption-text\">Este ternerito sufre los estragos de la sequ\u00eda en Los Galdames y Jahuelito, su fam\u00e9lica figura deja a la vista la gravedad de esta crisis h\u00eddrica en la regi\u00f3n.<\/figcaption><\/figure>\n<p>Diario El Trabajo visit\u00f3 algunas plantaciones de esa regi\u00f3n con miras a conocer la situaci\u00f3n denunciada por el Presidente de la Junta Vecinal N\u00ba24 de Los Galdames, Rub\u00e9n Mu\u00f1oz.<\/p>\n<p>\u00abNuestro reclamo es porque hasta el d\u00eda de hoy, ninguna autoridad nos ha resuelto la situaci\u00f3n del suministro de agua a nosotros los comuneros, aunque el Alcalde Claudio Zurita ha intentado buscar soluciones, el resto de autoridades nos han abandonado. Hace algunos meses la Gobernadora Patricia Boffa nos convoc\u00f3 a una reuni\u00f3n, asistimos muchos agricultores, ella nos prometi\u00f3 que estar\u00edan envi\u00e1ndonos cisternas con agua para pasar la crisis, pues hasta el d\u00eda de hoy ella nunca nos cumpli\u00f3 ese ofrecimiento\u00bb, coment\u00f3 Rub\u00e9n Mu\u00f1oz a Diario El Trabajo.<\/p>\n<p>Seg\u00fan lo reportado por Mu\u00f1oz, desde 2010 los due\u00f1os de parcelas no logran tener una cosecha digna, los olivos est\u00e1n muy amarillos y las tunas se han secado.<\/p>\n<p><strong>\u00abMIS ANIMALES SE MUEREN\u00bb<\/strong><\/p>\n<p>\u00abHace a\u00f1os que mis hijos y yo produc\u00edamos 300 cajas de tunas, tambi\u00e9n nos gan\u00e1bamos una platita con las hojas, sin embargo, con esta sequ\u00eda, actualmente estamos sacando 50 cajas al a\u00f1o\u00bb, declar\u00f3 a Diario El Trabajo la se\u00f1ora Marta Ponce, una mujer que se dedica a la agricultura y crianza de animales en Los Galdames.<\/p>\n<p>\u00abYo estuve en esa reuni\u00f3n y recuerdo que se nos prometi\u00f3 ayuda con el agua, los resultados est\u00e1n a la vista, mis tunas, que eran miles de ellas, est\u00e1n muriendo por falta de agua (\u2026) mis animales se mueren de hambre, los terneros est\u00e1n todos flacos, tenemos que llevarlos muy arriba en la monta\u00f1a para que puedan comer un poco de hierba verde, si no tenemos cosecha, no podemos comprar alimento para las vacas, todo depende del agua\u00bb, agreg\u00f3 la se\u00f1ora Ponce.<\/p>\n<p><strong>\u00abLOS ESTAMOS ATENDIENDO\u00bb<\/strong><\/p>\n<p>Una versi\u00f3n muy diferente suministr\u00f3 a Diario El Trabajo la Jefa del Instituto Nacional de Desarrollo Agropecuario (Indap) de San Felipe, Patricia Montes. Seg\u00fan lo reportado por esta funcionaria, desde hace meses, esa instituci\u00f3n viene trabajando hombro a hombro con el Comit\u00e9 de Riego El Zaino.<\/p>\n<p>\u00abEs verdad que la situaci\u00f3n de estos agricultores es seria, pero la estamos atendiendo desde hace tiempo. La semana pasada ellos, en una de las tantas reuniones que realizamos, decidieron aceptar una de las opciones que Indap ofreci\u00f3 para mejorar sus condiciones, el revestimiento de canales\u00bb, inform\u00f3 Montes.<\/p>\n<p>Este revestimiento, seg\u00fan la funcionaria de Indap, viene siendo implementado a los ramales del canal principal de \u2018El Zaino\u2019, \u2018La Mancillana\u2019, \u2018La Lopina\u2019 y \u2018Tabolango\u2019.<\/p>\n<p>\u00abNos reunimos con ellos regularmente, Indap sigue buscando mejorar la distribuci\u00f3n temprana del agua, si todo sale como lo planeamos, para noviembre podemos postular a un proyecto que, si se gana, en enero de 2013 ya se estar\u00edan ejecutando soluciones m\u00e1s definitivas para ellos\u00bb, agreg\u00f3 Montes.<\/p>\n","protected":false},"excerpt":{"rendered":"<p>Roberto Gonz\u00e1lez Short &#8211; rgonzalez@eltrabajo.cl Al no contar con suficiente agua para sus faenas agr\u00edcolas, muy angustiados aseguran estar algunos productores de tuna, aceitunas y peque\u00f1os ganaderos del sector de Jahuelito y&#8230;<\/p>\n","protected":false},"author":482,"featured_media":19661,"comment_status":"open","ping_status":"closed","sticky":false,"template":"","format":"standard","meta":{"advanced_seo_description":"","jetpack_seo_html_title":"","jetpack_seo_noindex":false,"_jetpack_memberships_contains_paid_content":false,"footnotes":""},"categories":[15],"tags":[],"class_list":["post-19660","post","type-post","status-publish","format-standard","has-post-thumbnail","hentry","category-comunidad"],"jetpack_featured_media_url":"https:\/\/i0.wp.com\/eltrabajo.cl\/portal\/wp-content\/uploads\/2012\/06\/Tunas1.jpg?fit=600%2C443&ssl=1","jetpack_sharing_enabled":true,"jetpack_likes_enabled":true,"jetpack-related-posts":[],"_links":{"self":[{"href":"https:\/\/eltrabajo.cl\/portal\/wp-json\/wp\/v2\/posts\/19660","targetHints":{"allow":["GET"]}}],"collection":[{"href":"https:\/\/eltrabajo.cl\/portal\/wp-json\/wp\/v2\/posts"}],"about":[{"href":"https:\/\/eltrabajo.cl\/portal\/wp-json\/wp\/v2\/types\/post"}],"author":[{"embeddable":true,"href":"https:\/\/eltrabajo.cl\/portal\/wp-json\/wp\/v2\/users\/482"}],"replies":[{"embeddable":true,"href":"https:\/\/eltrabajo.cl\/portal\/wp-json\/wp\/v2\/comments?post=19660"}],"version-history":[{"count":0,"href":"https:\/\/eltrabajo.cl\/portal\/wp-json\/wp\/v2\/posts\/19660\/revisions"}],"wp:featuredmedia":[{"embeddable":true,"href":"https:\/\/eltrabajo.cl\/portal\/wp-json\/wp\/v2\/media\/19661"}],"wp:attachment":[{"href":"https:\/\/eltrabajo.cl\/portal\/wp-json\/wp\/v2\/media?parent=19660"}],"wp:term":[{"taxonomy":"category","embeddable":true,"href":"https:\/\/eltrabajo.cl\/portal\/wp-json\/wp\/v2\/categories?post=19660"},{"taxonomy":"post_tag","embeddable":true,"href":"https:\/\/eltrabajo.cl\/portal\/wp-json\/wp\/v2\/tags?post=19660"}],"curies":[{"name":"wp","href":"https:\/\/api.w.org\/{rel}","templated":true}]}}