{"id":19665,"date":"2012-06-20T09:54:14","date_gmt":"2012-06-20T13:54:14","guid":{"rendered":"http:\/\/www.eltrabajo.cl\/portal\/?p=19665"},"modified":"2012-06-20T09:54:14","modified_gmt":"2012-06-20T13:54:14","slug":"trio-de-senoritas-intimida-con-cuchillo-a-vendedora-cuando-las-pillo-robando","status":"publish","type":"post","link":"https:\/\/eltrabajo.cl\/portal\/trio-de-senoritas-intimida-con-cuchillo-a-vendedora-cuando-las-pillo-robando\/","title":{"rendered":"Tr\u00edo de se\u00f1oritas intimida con cuchillo a vendedora cuando las pill\u00f3 robando"},"content":{"rendered":"<figure id=\"attachment_19666\" aria-describedby=\"caption-attachment-19666\" style=\"width: 600px\" class=\"wp-caption alignnone\"><a href=\"http:\/\/www.eltrabajo.cl\/portal\/2012\/06\/trio-de-senoritas-intimida-con-cuchillo-a-vendedora-cuando-las-pillo-robando\/detenidas-1\/\" rel=\"attachment wp-att-19666\"><img data-recalc-dims=\"1\" loading=\"lazy\" decoding=\"async\" class=\"size-full wp-image-19666\" title=\"detenidas 1\" src=\"https:\/\/i0.wp.com\/www.eltrabajo.cl\/portal\/wp-content\/uploads\/2012\/06\/detenidas-1.jpg?resize=600%2C432\" alt=\"\" width=\"600\" height=\"432\" srcset=\"https:\/\/i0.wp.com\/eltrabajo.cl\/portal\/wp-content\/uploads\/2012\/06\/detenidas-1.jpg?w=600&amp;ssl=1 600w, https:\/\/i0.wp.com\/eltrabajo.cl\/portal\/wp-content\/uploads\/2012\/06\/detenidas-1.jpg?resize=200%2C144&amp;ssl=1 200w, https:\/\/i0.wp.com\/eltrabajo.cl\/portal\/wp-content\/uploads\/2012\/06\/detenidas-1.jpg?resize=300%2C216&amp;ssl=1 300w, https:\/\/i0.wp.com\/eltrabajo.cl\/portal\/wp-content\/uploads\/2012\/06\/detenidas-1.jpg?resize=150%2C108&amp;ssl=1 150w, https:\/\/i0.wp.com\/eltrabajo.cl\/portal\/wp-content\/uploads\/2012\/06\/detenidas-1.jpg?resize=400%2C288&amp;ssl=1 400w\" sizes=\"auto, (max-width: 600px) 100vw, 600px\" \/><\/a><figcaption id=\"caption-attachment-19666\" class=\"wp-caption-text\">En Carlos Condell casi esquina Toromazote se efectu\u00f3 la detenci\u00f3n, la que fue captada por un vecino, Nelson Salinas, quien nos proporcion\u00f3 esta imagen.<\/figcaption><\/figure>\n<p>Tres mujeres fueron detenidas por el delito de robo con violencia e intimidaci\u00f3n, hecho ocurrido en horas de la tarde del lunes, cuando fueron descubiertas sustrayendo distintas prendas de vestir desde la tienda Family Shop en San Felipe.<\/p>\n<p>La detenci\u00f3n se produjo pasadas las 20 horas, cuando personal policial que trabaja en el marco del programa Barrio en Paz Comercial, se encontraba patrullando por el sector c\u00e9ntrico de la comuna de San Felipe, los que fueron alertados por transe\u00fantes que se encontraban en las cercan\u00edas de la tienda Family Shop, se\u00f1alando que una de las dependientes hab\u00eda sido agredida por tres mujeres que se habr\u00edan dado a la fuga.<\/p>\n<p>Una vez que los carabineros llegaron a la tienda comercial se entrevistaron con la trabajadora afectada, quien les se\u00f1al\u00f3 que las tres mujeres hab\u00edan ingresado al local, sustrayendo una importante cantidad de ropa.<\/p>\n<p>Cuando el personal de la tienda se dio cuenta de la situaci\u00f3n, llamaron la atenci\u00f3n de las mujeres, quienes comenzaron a forcejear con los dependientes, momento en que una de ellas sac\u00f3 un arma blanca con la que habr\u00eda amenazado a los trabajadores.<\/p>\n<p>Ante esta situaci\u00f3n, las antisociales se dieron a la fuga, por lo que los efectivos policiales salieron en su b\u00fasqueda, dando con ellas en calle Carlos Condell, a la altura del 101, donde fueron detenidas y trasladadas a la Segunda Comisar\u00eda de Carabineros.<\/p>\n<p><strong>DETENIDAS<\/strong><\/p>\n<p>Las mujeres detenidas fueron identificadas como Francesca H.G., de 20 a\u00f1os, domiciliada en villa El Totoral y quien registra antecedentes por porte de drogas y hurto simple en varias oportunidades en grado de frustrado; Karen S.S., de 24 a\u00f1os de edad, domiciliada en la misma villa y quien registra antecedentes por hurto simple en grado de frustrado, hurto en supermercado y tr\u00e1fico en peque\u00f1as cantidades; y Francisca V.G., de 20 a\u00f1os de edad, domiciliada en la villa San Alberto de Los Andes, quien registra antecedentes por hurto simple en varias oportunidades, en grado de frustrado y consumado. Adem\u00e1s registra una orden de detenci\u00f3n pendiente de este a\u00f1o por el delito de receptaci\u00f3n.<\/p>\n","protected":false},"excerpt":{"rendered":"<p>Tres mujeres fueron detenidas por el delito de robo con violencia e intimidaci\u00f3n, hecho ocurrido en horas de la tarde del lunes, cuando fueron descubiertas sustrayendo distintas prendas de vestir desde la&#8230;<\/p>\n","protected":false},"author":482,"featured_media":19666,"comment_status":"open","ping_status":"closed","sticky":false,"template":"","format":"standard","meta":{"advanced_seo_description":"","jetpack_seo_html_title":"","jetpack_seo_noindex":false,"_jetpack_memberships_contains_paid_content":false,"footnotes":""},"categories":[21],"tags":[],"class_list":["post-19665","post","type-post","status-publish","format-standard","has-post-thumbnail","hentry","category-policial"],"jetpack_featured_media_url":"https:\/\/i0.wp.com\/eltrabajo.cl\/portal\/wp-content\/uploads\/2012\/06\/detenidas-1.jpg?fit=600%2C432&ssl=1","jetpack_sharing_enabled":true,"jetpack_likes_enabled":true,"jetpack-related-posts":[],"_links":{"self":[{"href":"https:\/\/eltrabajo.cl\/portal\/wp-json\/wp\/v2\/posts\/19665","targetHints":{"allow":["GET"]}}],"collection":[{"href":"https:\/\/eltrabajo.cl\/portal\/wp-json\/wp\/v2\/posts"}],"about":[{"href":"https:\/\/eltrabajo.cl\/portal\/wp-json\/wp\/v2\/types\/post"}],"author":[{"embeddable":true,"href":"https:\/\/eltrabajo.cl\/portal\/wp-json\/wp\/v2\/users\/482"}],"replies":[{"embeddable":true,"href":"https:\/\/eltrabajo.cl\/portal\/wp-json\/wp\/v2\/comments?post=19665"}],"version-history":[{"count":0,"href":"https:\/\/eltrabajo.cl\/portal\/wp-json\/wp\/v2\/posts\/19665\/revisions"}],"wp:featuredmedia":[{"embeddable":true,"href":"https:\/\/eltrabajo.cl\/portal\/wp-json\/wp\/v2\/media\/19666"}],"wp:attachment":[{"href":"https:\/\/eltrabajo.cl\/portal\/wp-json\/wp\/v2\/media?parent=19665"}],"wp:term":[{"taxonomy":"category","embeddable":true,"href":"https:\/\/eltrabajo.cl\/portal\/wp-json\/wp\/v2\/categories?post=19665"},{"taxonomy":"post_tag","embeddable":true,"href":"https:\/\/eltrabajo.cl\/portal\/wp-json\/wp\/v2\/tags?post=19665"}],"curies":[{"name":"wp","href":"https:\/\/api.w.org\/{rel}","templated":true}]}}