{"id":19669,"date":"2012-06-20T09:56:02","date_gmt":"2012-06-20T13:56:02","guid":{"rendered":"http:\/\/www.eltrabajo.cl\/portal\/?p=19669"},"modified":"2012-06-20T09:56:02","modified_gmt":"2012-06-20T13:56:02","slug":"pequeno-de-dos-anos-con-paralisis-cerebral-muere-en-su-hogar-en-putaendo","status":"publish","type":"post","link":"https:\/\/eltrabajo.cl\/portal\/pequeno-de-dos-anos-con-paralisis-cerebral-muere-en-su-hogar-en-putaendo\/","title":{"rendered":"Peque\u00f1o de dos a\u00f1os con par\u00e1lisis cerebral muere en su hogar en Putaendo"},"content":{"rendered":"<figure id=\"attachment_19670\" aria-describedby=\"caption-attachment-19670\" style=\"width: 600px\" class=\"wp-caption alignnone\"><a href=\"http:\/\/www.eltrabajo.cl\/portal\/2012\/06\/pequeno-de-dos-anos-con-paralisis-cerebral-muere-en-su-hogar-en-putaendo\/muerte-menor-con-paralisis-4\/\" rel=\"attachment wp-att-19670\"><img data-recalc-dims=\"1\" loading=\"lazy\" decoding=\"async\" class=\"size-full wp-image-19670\" title=\"muerte menor con paralisis (4)\" src=\"https:\/\/i0.wp.com\/www.eltrabajo.cl\/portal\/wp-content\/uploads\/2012\/06\/muerte-menor-con-paralisis-4.jpg?resize=600%2C450\" alt=\"\" width=\"600\" height=\"450\" srcset=\"https:\/\/i0.wp.com\/eltrabajo.cl\/portal\/wp-content\/uploads\/2012\/06\/muerte-menor-con-paralisis-4.jpg?w=600&amp;ssl=1 600w, https:\/\/i0.wp.com\/eltrabajo.cl\/portal\/wp-content\/uploads\/2012\/06\/muerte-menor-con-paralisis-4.jpg?resize=200%2C150&amp;ssl=1 200w, https:\/\/i0.wp.com\/eltrabajo.cl\/portal\/wp-content\/uploads\/2012\/06\/muerte-menor-con-paralisis-4.jpg?resize=300%2C225&amp;ssl=1 300w, https:\/\/i0.wp.com\/eltrabajo.cl\/portal\/wp-content\/uploads\/2012\/06\/muerte-menor-con-paralisis-4.jpg?resize=150%2C112&amp;ssl=1 150w, https:\/\/i0.wp.com\/eltrabajo.cl\/portal\/wp-content\/uploads\/2012\/06\/muerte-menor-con-paralisis-4.jpg?resize=400%2C300&amp;ssl=1 400w\" sizes=\"auto, (max-width: 600px) 100vw, 600px\" \/><\/a><figcaption id=\"caption-attachment-19670\" class=\"wp-caption-text\">Una situaci\u00f3n bastante dram\u00e1tica se vivi\u00f3 este martes en una vivienda de la poblaci\u00f3n El Sendero en Putaendo, donde un menor de 2 a\u00f1os fue hallado sin vida.<\/figcaption><\/figure>\n<p><strong>PUTAENDO.-<\/strong> Hondo pesar gener\u00f3 la muerte de un peque\u00f1o ni\u00f1o de tan solo dos a\u00f1os de edad identificado como William Alexander Villarroel Olivares, quien padec\u00eda de una severa par\u00e1lisis cerebral y que falleci\u00f3 la ma\u00f1ana de este martes en su hogar de la poblaci\u00f3n El Sendero de Putaendo.<\/p>\n<p>Seg\u00fan se\u00f1alaron familiares a Diario El Trabajo, cerca de las 09.45 horas, la madre del peque\u00f1o lo volvi\u00f3 a ver ya que necesitaba que cada cierto tiempo el peque\u00f1o fuera monitoreado, encontr\u00e1ndolo muy r\u00edgido por lo que r\u00e1pidamente se pidi\u00f3 la asistencia del personal del Samu que solo comprob\u00f3 que el peque\u00f1ito ya estaba fallecido.<\/p>\n<p>Carabineros adopt\u00f3 el procedimiento de rigor, informando al fiscal de turno quien dispuso la presencia de la Brigada de Homicidios de la Polic\u00eda de Investigaciones, cuyos efectivos realizaron el reconocimiento externo al cuerpo, conoci\u00e9ndose en forma extra oficial que, preliminarmente, se habr\u00eda tratado de una muerte natural producto de las severas enfermedades que el peque\u00f1o ten\u00eda, descart\u00e1ndose la intervenci\u00f3n de terceras personas en el fallecimiento del menor.<\/p>\n<p>El cuerpo del peque\u00f1o William fue trasladado hasta el Servicio M\u00e9dico Legal de San Felipe para la autopsia de rigor que determinar\u00e1 fehacientemente la causa precisa de muerte del peque\u00f1o.<\/p>\n<p><strong>HONDO PESAR<\/strong><\/p>\n<p>Escenas de profundo dolor se vivieron en el lugar de los hechos, ya que este peque\u00f1o constantemente estuvo internado en distintos hospitales de la regi\u00f3n luchando por su vida, y en m\u00e1s de una ocasi\u00f3n fue la comunidad la que se uni\u00f3 para tenderle una mano al peque\u00f1o, donde por ejemplo en esta ocasi\u00f3n la empresa de funerales La Uni\u00f3n don\u00f3 el servicio f\u00fanebre para este peque\u00f1ito, demostrando el cari\u00f1o que gran parte de la comunidad ten\u00eda por William.<\/p>\n<p>Patricio Gallardo M.<\/p>\n","protected":false},"excerpt":{"rendered":"<p>PUTAENDO.- Hondo pesar gener\u00f3 la muerte de un peque\u00f1o ni\u00f1o de tan solo dos a\u00f1os de edad identificado como William Alexander Villarroel Olivares, quien padec\u00eda de una severa par\u00e1lisis cerebral y que&#8230;<\/p>\n","protected":false},"author":482,"featured_media":19670,"comment_status":"open","ping_status":"closed","sticky":false,"template":"","format":"standard","meta":{"advanced_seo_description":"","jetpack_seo_html_title":"","jetpack_seo_noindex":false,"_jetpack_memberships_contains_paid_content":false,"footnotes":""},"categories":[21],"tags":[],"class_list":["post-19669","post","type-post","status-publish","format-standard","has-post-thumbnail","hentry","category-policial"],"jetpack_featured_media_url":"https:\/\/i0.wp.com\/eltrabajo.cl\/portal\/wp-content\/uploads\/2012\/06\/muerte-menor-con-paralisis-4.jpg?fit=600%2C450&ssl=1","jetpack_sharing_enabled":true,"jetpack_likes_enabled":true,"jetpack-related-posts":[],"_links":{"self":[{"href":"https:\/\/eltrabajo.cl\/portal\/wp-json\/wp\/v2\/posts\/19669","targetHints":{"allow":["GET"]}}],"collection":[{"href":"https:\/\/eltrabajo.cl\/portal\/wp-json\/wp\/v2\/posts"}],"about":[{"href":"https:\/\/eltrabajo.cl\/portal\/wp-json\/wp\/v2\/types\/post"}],"author":[{"embeddable":true,"href":"https:\/\/eltrabajo.cl\/portal\/wp-json\/wp\/v2\/users\/482"}],"replies":[{"embeddable":true,"href":"https:\/\/eltrabajo.cl\/portal\/wp-json\/wp\/v2\/comments?post=19669"}],"version-history":[{"count":0,"href":"https:\/\/eltrabajo.cl\/portal\/wp-json\/wp\/v2\/posts\/19669\/revisions"}],"wp:featuredmedia":[{"embeddable":true,"href":"https:\/\/eltrabajo.cl\/portal\/wp-json\/wp\/v2\/media\/19670"}],"wp:attachment":[{"href":"https:\/\/eltrabajo.cl\/portal\/wp-json\/wp\/v2\/media?parent=19669"}],"wp:term":[{"taxonomy":"category","embeddable":true,"href":"https:\/\/eltrabajo.cl\/portal\/wp-json\/wp\/v2\/categories?post=19669"},{"taxonomy":"post_tag","embeddable":true,"href":"https:\/\/eltrabajo.cl\/portal\/wp-json\/wp\/v2\/tags?post=19669"}],"curies":[{"name":"wp","href":"https:\/\/api.w.org\/{rel}","templated":true}]}}