{"id":19673,"date":"2012-06-20T09:58:54","date_gmt":"2012-06-20T13:58:54","guid":{"rendered":"http:\/\/www.eltrabajo.cl\/portal\/?p=19673"},"modified":"2012-06-20T09:58:54","modified_gmt":"2012-06-20T13:58:54","slug":"carabineros-detiene-a-uno-de-los-antisociales-mas-buscados-en-san-felipe","status":"publish","type":"post","link":"https:\/\/eltrabajo.cl\/portal\/carabineros-detiene-a-uno-de-los-antisociales-mas-buscados-en-san-felipe\/","title":{"rendered":"Carabineros detiene a uno de los antisociales m\u00e1s buscados en San Felipe"},"content":{"rendered":"<figure id=\"attachment_19674\" aria-describedby=\"caption-attachment-19674\" style=\"width: 300px\" class=\"wp-caption alignleft\"><a href=\"http:\/\/www.eltrabajo.cl\/portal\/2012\/06\/carabineros-detiene-a-uno-de-los-antisociales-mas-buscados-en-san-felipe\/capitan-alfredo-castillo1-2\/\" rel=\"attachment wp-att-19674\"><img data-recalc-dims=\"1\" loading=\"lazy\" decoding=\"async\" class=\"size-medium wp-image-19674\" title=\"Capitan alfredo castillo1\" src=\"https:\/\/i0.wp.com\/www.eltrabajo.cl\/portal\/wp-content\/uploads\/2012\/06\/Capitan-alfredo-castillo1-300x248.jpg?resize=300%2C248\" alt=\"\" width=\"300\" height=\"248\" srcset=\"https:\/\/i0.wp.com\/eltrabajo.cl\/portal\/wp-content\/uploads\/2012\/06\/Capitan-alfredo-castillo1.jpg?resize=300%2C248&amp;ssl=1 300w, https:\/\/i0.wp.com\/eltrabajo.cl\/portal\/wp-content\/uploads\/2012\/06\/Capitan-alfredo-castillo1.jpg?resize=181%2C150&amp;ssl=1 181w, https:\/\/i0.wp.com\/eltrabajo.cl\/portal\/wp-content\/uploads\/2012\/06\/Capitan-alfredo-castillo1.jpg?resize=150%2C124&amp;ssl=1 150w, https:\/\/i0.wp.com\/eltrabajo.cl\/portal\/wp-content\/uploads\/2012\/06\/Capitan-alfredo-castillo1.jpg?resize=400%2C330&amp;ssl=1 400w, https:\/\/i0.wp.com\/eltrabajo.cl\/portal\/wp-content\/uploads\/2012\/06\/Capitan-alfredo-castillo1.jpg?w=600&amp;ssl=1 600w\" sizes=\"auto, (max-width: 300px) 100vw, 300px\" \/><\/a><figcaption id=\"caption-attachment-19674\" class=\"wp-caption-text\">El capit\u00e1n Alfredo Castillo se\u00f1al\u00f3 que personal policial logr\u00f3 la detenci\u00f3n de uno de los antisociales m\u00e1s buscados en la comuna de San Felipe, quien manten\u00eda cuatro \u00f3rdenes de detenci\u00f3n vigentes.<\/figcaption><\/figure>\n<ul>\n<li><strong>Ten\u00eda cuatro \u00f3rdenes de detenci\u00f3n vigentes, emanadas desde el Juzgado de Garant\u00eda de San Felipe, por lo delitos de robo y hurto.<\/strong><\/li>\n<\/ul>\n<p>Sylvia Vergara G. &#8211; <a href=\"mailto:vergara@eltrabajo.cl\">vergara@eltrabajo.cl<\/a><\/p>\n<p>Uno de los antisociales m\u00e1s buscados en la comuna de San Felipe, apodado \u2018El Jonathan\u2019, fue detenido en horas de la tarde del lunes por personal policial mientras transitaba por la villa Padre Hurtado en esta misma comuna.<\/p>\n<p>La detenci\u00f3n se produjo alrededor de las 20 horas, cuando el personal policial, encabezado por el Subteniente \u00c1ngelo Acevedo y el Cabo 1\u00ba Juan Navarrete realizaban un patrullaje y controles vehiculares en las villas Padre Hurtado, Industrial y 250 A\u00f1os.<\/p>\n<p>Mientras se trasladaban por la calle 5 de Abril, uno de los efectivos policiales pudo detectar la presencia de un sujeto que reconoci\u00f3 como uno de los antisociales m\u00e1s buscados de la comuna, apodado \u2018El Jonathan\u2019, sujeto que manten\u00eda cuatro \u00f3rdenes de detenci\u00f3n vigentes por el Juzgado de Garant\u00eda de San Felipe.<\/p>\n<p>Al divisar al sujeto, los efectivos policiales se acercaron, pero \u2018El Jonathan\u2019, identificado como Joaqu\u00edn Alexander Arias Estay, y quien hace poco cumpli\u00f3 los 18 a\u00f1os de edad, al ver la presencia policial se da a la fuga, siendo capturado s\u00f3lo a metros de ah\u00ed, en la villa Padre Hurtado.<\/p>\n<p><strong>\u00d3RDENES DE DETENCI\u00d3N<\/strong><\/p>\n<p>\u2018El Jonathan\u2019 manten\u00eda dos \u00f3rdenes de detenci\u00f3n vigentes por robo y otras dos por hurto, adem\u00e1s de \u00f3rdenes de detenci\u00f3n por reiterados robos a accesorios de veh\u00edculos, como radios y otras especies que muchas veces las personas dejan en el interior de los veh\u00edculos a la vista de los delincuentes.<\/p>\n<p>Las \u00f3rdenes de detenci\u00f3n se encontraban vigentes de este a\u00f1o, por lo que Carabineros hab\u00eda extremado las diligencias para dar con el paradero de \u00e9ste y otros sujetos que se encuentran en una situaci\u00f3n similar.<\/p>\n","protected":false},"excerpt":{"rendered":"<p>Ten\u00eda cuatro \u00f3rdenes de detenci\u00f3n vigentes, emanadas desde el Juzgado de Garant\u00eda de San Felipe, por lo delitos de robo y hurto. Sylvia Vergara G. &#8211; vergara@eltrabajo.cl Uno de los antisociales m\u00e1s&#8230;<\/p>\n","protected":false},"author":482,"featured_media":19674,"comment_status":"open","ping_status":"closed","sticky":false,"template":"","format":"standard","meta":{"advanced_seo_description":"","jetpack_seo_html_title":"","jetpack_seo_noindex":false,"_jetpack_memberships_contains_paid_content":false,"footnotes":""},"categories":[21],"tags":[],"class_list":["post-19673","post","type-post","status-publish","format-standard","has-post-thumbnail","hentry","category-policial"],"jetpack_featured_media_url":"https:\/\/i0.wp.com\/eltrabajo.cl\/portal\/wp-content\/uploads\/2012\/06\/Capitan-alfredo-castillo1.jpg?fit=600%2C496&ssl=1","jetpack_sharing_enabled":true,"jetpack_likes_enabled":true,"jetpack-related-posts":[],"_links":{"self":[{"href":"https:\/\/eltrabajo.cl\/portal\/wp-json\/wp\/v2\/posts\/19673","targetHints":{"allow":["GET"]}}],"collection":[{"href":"https:\/\/eltrabajo.cl\/portal\/wp-json\/wp\/v2\/posts"}],"about":[{"href":"https:\/\/eltrabajo.cl\/portal\/wp-json\/wp\/v2\/types\/post"}],"author":[{"embeddable":true,"href":"https:\/\/eltrabajo.cl\/portal\/wp-json\/wp\/v2\/users\/482"}],"replies":[{"embeddable":true,"href":"https:\/\/eltrabajo.cl\/portal\/wp-json\/wp\/v2\/comments?post=19673"}],"version-history":[{"count":0,"href":"https:\/\/eltrabajo.cl\/portal\/wp-json\/wp\/v2\/posts\/19673\/revisions"}],"wp:featuredmedia":[{"embeddable":true,"href":"https:\/\/eltrabajo.cl\/portal\/wp-json\/wp\/v2\/media\/19674"}],"wp:attachment":[{"href":"https:\/\/eltrabajo.cl\/portal\/wp-json\/wp\/v2\/media?parent=19673"}],"wp:term":[{"taxonomy":"category","embeddable":true,"href":"https:\/\/eltrabajo.cl\/portal\/wp-json\/wp\/v2\/categories?post=19673"},{"taxonomy":"post_tag","embeddable":true,"href":"https:\/\/eltrabajo.cl\/portal\/wp-json\/wp\/v2\/tags?post=19673"}],"curies":[{"name":"wp","href":"https:\/\/api.w.org\/{rel}","templated":true}]}}