{"id":19677,"date":"2012-06-20T10:01:26","date_gmt":"2012-06-20T14:01:26","guid":{"rendered":"http:\/\/www.eltrabajo.cl\/portal\/?p=19677"},"modified":"2012-06-20T10:01:26","modified_gmt":"2012-06-20T14:01:26","slug":"dramatico-testimonio-de-nicolas-gonzalez-dio-inicio-a-juicio-oral-por-homicidio-de-tamara-lepe","status":"publish","type":"post","link":"https:\/\/eltrabajo.cl\/portal\/dramatico-testimonio-de-nicolas-gonzalez-dio-inicio-a-juicio-oral-por-homicidio-de-tamara-lepe\/","title":{"rendered":"Dram\u00e1tico testimonio de Nicol\u00e1s Gonz\u00e1lez dio inicio a Juicio Oral por homicidio de Tamara Lepe"},"content":{"rendered":"<figure id=\"attachment_19679\" aria-describedby=\"caption-attachment-19679\" style=\"width: 300px\" class=\"wp-caption alignleft\"><a href=\"http:\/\/www.eltrabajo.cl\/portal\/2012\/06\/dramatico-testimonio-de-nicolas-gonzalez-dio-inicio-a-juicio-oral-por-homicidio-de-tamara-lepe\/nicolas-gonzalez-3\/\" rel=\"attachment wp-att-19679\"><img data-recalc-dims=\"1\" loading=\"lazy\" decoding=\"async\" class=\"size-medium wp-image-19679\" title=\"Nicol\u00e1s Gonz\u00e1lez\" src=\"https:\/\/i0.wp.com\/www.eltrabajo.cl\/portal\/wp-content\/uploads\/2012\/06\/Nicol%C3%A1s-Gonz%C3%A1lez-300x169.jpg?resize=300%2C169\" alt=\"\" width=\"300\" height=\"169\" srcset=\"https:\/\/i0.wp.com\/eltrabajo.cl\/portal\/wp-content\/uploads\/2012\/06\/Nicol%C3%A1s-Gonz%C3%A1lez.jpg?resize=300%2C169&amp;ssl=1 300w, https:\/\/i0.wp.com\/eltrabajo.cl\/portal\/wp-content\/uploads\/2012\/06\/Nicol%C3%A1s-Gonz%C3%A1lez.jpg?resize=200%2C112&amp;ssl=1 200w, https:\/\/i0.wp.com\/eltrabajo.cl\/portal\/wp-content\/uploads\/2012\/06\/Nicol%C3%A1s-Gonz%C3%A1lez.jpg?resize=150%2C84&amp;ssl=1 150w, https:\/\/i0.wp.com\/eltrabajo.cl\/portal\/wp-content\/uploads\/2012\/06\/Nicol%C3%A1s-Gonz%C3%A1lez.jpg?resize=400%2C225&amp;ssl=1 400w, https:\/\/i0.wp.com\/eltrabajo.cl\/portal\/wp-content\/uploads\/2012\/06\/Nicol%C3%A1s-Gonz%C3%A1lez.jpg?w=600&amp;ssl=1 600w\" sizes=\"auto, (max-width: 300px) 100vw, 300px\" \/><\/a><figcaption id=\"caption-attachment-19679\" class=\"wp-caption-text\">Con el testimonio de Nicol\u00e1s Gonz\u00e1lez comenz\u00f3 Juicio Oral por el homicidio calificado y aborto violento sobre Tamara Lepe y el beb\u00e9 de 8 meses de gestaci\u00f3n que estaba en su vientre.<\/figcaption><\/figure>\n<ul>\n<li><strong>La frase \u201cVas a ir a la c\u00e1rcel\u201d de la joven y futura madre, habr\u00eda desatado la furia incontrolable de Nicol\u00e1s Gonzalez, quien la golpe\u00f3 brutalmente y la remat\u00f3 a puntapi\u00e9s en la cabeza y el pecho.<\/strong><\/li>\n<\/ul>\n<p>Pablo Salinas Sald\u00edas &#8211; <a href=\"mailto:psalinas@eltrabajo.cl\">psalinas@eltrabajo.cl<\/a><\/p>\n<p>Con el escalofriante testimonio de Nicol\u00e1s Gonz\u00e1lez se dio inicio al esperado juicio oral por homicidio calificado y aborto violento sobre Tamara Lepe, quien perdi\u00f3 su vida tras haber sido golpeada violentamente en varias partes de su cuerpo, dejando de existir junto a su beb\u00e9 no nato de ocho meses que esperaba en su vientre y que ser\u00eda bautizado con el nombre de Cristi\u00e1n.<\/p>\n<p>Fue a eso de las 09:17 horas cuando hizo ingreso la terna de jueces del Tribunal Oral en Lo Penal de San Felipe, encabezada por la Magistrado Constanza Olsen, quien present\u00f3 a los intervinientes, por el Ministerio P\u00fablico al Fiscal Osvaldo Basso y la parte Querellante, la Abogada del Sernam Katherina Pe\u00f1afiel, adem\u00e1s de la presencia del abogado Defensor Julio \u00c1lvarez.<\/p>\n<p>Tras los alegatos de apertura, el juicio cont\u00f3 con el importante testimonio del imputado, Nicol\u00e1s Patricio Gonz\u00e1lez Aguilera, un muchacho de escasos 19 a\u00f1os de edad domiciliado en la Poblaci\u00f3n Yungay de San Felipe, quien permaneci\u00f3 m\u00e1s de una hora en el estrado confesando ante los intervinientes su papel protag\u00f3nico en el brutal asesinato de Tamara Lepe, a quien embaraz\u00f3, demostr\u00e1ndose un antes y un despu\u00e9s en su vida tras los sucesos cometidos en el domicilio de la muchacha en calle Hophenblatt el pasado 6 de noviembre del a\u00f1o 2011.<\/p>\n<figure id=\"attachment_19678\" aria-describedby=\"caption-attachment-19678\" style=\"width: 300px\" class=\"wp-caption alignright\"><a href=\"http:\/\/www.eltrabajo.cl\/portal\/2012\/06\/dramatico-testimonio-de-nicolas-gonzalez-dio-inicio-a-juicio-oral-por-homicidio-de-tamara-lepe\/tamara-lepe-2\/\" rel=\"attachment wp-att-19678\"><img data-recalc-dims=\"1\" loading=\"lazy\" decoding=\"async\" class=\"size-medium wp-image-19678\" title=\"tamara lepe\" src=\"https:\/\/i0.wp.com\/www.eltrabajo.cl\/portal\/wp-content\/uploads\/2012\/06\/tamara-lepe-300x224.jpg?resize=300%2C224\" alt=\"\" width=\"300\" height=\"224\" srcset=\"https:\/\/i0.wp.com\/eltrabajo.cl\/portal\/wp-content\/uploads\/2012\/06\/tamara-lepe.jpg?resize=300%2C224&amp;ssl=1 300w, https:\/\/i0.wp.com\/eltrabajo.cl\/portal\/wp-content\/uploads\/2012\/06\/tamara-lepe.jpg?resize=200%2C150&amp;ssl=1 200w, https:\/\/i0.wp.com\/eltrabajo.cl\/portal\/wp-content\/uploads\/2012\/06\/tamara-lepe.jpg?resize=150%2C112&amp;ssl=1 150w, https:\/\/i0.wp.com\/eltrabajo.cl\/portal\/wp-content\/uploads\/2012\/06\/tamara-lepe.jpg?resize=400%2C298&amp;ssl=1 400w, https:\/\/i0.wp.com\/eltrabajo.cl\/portal\/wp-content\/uploads\/2012\/06\/tamara-lepe.jpg?w=600&amp;ssl=1 600w\" sizes=\"auto, (max-width: 300px) 100vw, 300px\" \/><\/a><figcaption id=\"caption-attachment-19678\" class=\"wp-caption-text\">La joven Tamara Lepe falleci\u00f3 v\u00edctima de una brutal golpiza que en su minuto fue comparada por el Fiscal Osvaldo Basso como una ca\u00edda de gran altura o un choque a alta velocidad.<\/figcaption><\/figure>\n<p><strong>\u201cVas a ir a la c\u00e1rcel\u201d<\/strong><\/p>\n<p>Al narrar los acontecimientos de ese aciago d\u00eda, Nicol\u00e1s se\u00f1ala: \u201cElla me pregunt\u00f3 si le iba a pagar la pensi\u00f3n, hab\u00edamos conversado varias veces sobre ese tema as\u00ed que me iba a ir, me par\u00e9 en direcci\u00f3n a la calle por el pasillo del living y me tom\u00f3 por el brazo izquierdo, me dio vuelta y me comenz\u00f3 a golpear. Yo con la mano cerrada saqu\u00e9 los golpes y le pegu\u00e9 en la boca y se dio cuenta que le sal\u00eda sangre, ella me dijo: \u2018Vas a ir a la c\u00e1rcel\u2019 y asustada corri\u00f3 hacia la puerta para escapar. Luego la trat\u00e9 de detener, la tom\u00e9 del brazo y la llev\u00e9 hacia el dormitorio por el cuello. Luego con un parlante me lo arroj\u00f3 en la cabeza, tropezamos y ca\u00edmos al suelo y le di golpes de pu\u00f1o en su rostro\u201d, relata sollozando Nicol\u00e1s.<\/p>\n<p>Seg\u00fan su versi\u00f3n de los hechos ocurridos alrededor de las 13:30 horas de aquel fat\u00eddico d\u00eda, el imputado hace menci\u00f3n a que Tamara se habr\u00eda tratado de levantar aturdida, donde habr\u00eda comenzado a toser tratando de respirar, remat\u00e1ndola con puntapi\u00e9s en la cabeza y luego en el pecho, dej\u00e1ndola a\u00fan con vida tendida en el suelo para luego huir del lugar.<\/p>\n<p><strong>\u2018Mat\u00e9 a Tamara\u2019<\/strong><\/p>\n<p>\u201cMe saqu\u00e9 el pantal\u00f3n porque andaba con dos y lo guard\u00e9 dentro de la mochila y me limpi\u00e9 las zapatillas, me asust\u00e9 y me fui a mi casa. Al llegar me ba\u00f1\u00e9 y guard\u00e9 la ropa dentro de una bolsa, mi pap\u00e1 iba saliendo y le cont\u00e9 que hab\u00eda matado a Tamara, mi pap\u00e1 no me crey\u00f3 y me pregunt\u00f3 por qu\u00e9 lo hice\u201d, a\u00f1adi\u00f3 Gonz\u00e1lez.<\/p>\n<p>Posteriormente puntualiz\u00f3 que junto a su padre se trasladaron en direcci\u00f3n a la comuna de Catemu, asegurando que se deshizo de las vestimentas arroj\u00e1ndolas al r\u00edo para posteriormente ser entregado en compa\u00f1\u00eda de su padre y un t\u00edo a Carabineros de San Felipe, quienes se constituyeron en el lugar donde pudieron observar que la muchacha se encontraba tendida en el suelo y sin se\u00f1ales de vida, siendo constatada su muerte por personal del SAMU a eso de las 17:00 horas.<\/p>\n<p>Nicol\u00e1s remat\u00f3 diciendo que siempre tuvo la convicci\u00f3n que el hijo era de \u00e9l, pero ante el cuestionamiento del Fiscal Osvaldo Basso, s\u00f3lo se limit\u00f3 a responder algunas preguntas como \u2018No s\u00e9 por qu\u00e9 lo hice\u2019 y \u2018Todav\u00eda no s\u00e9 qu\u00e9 me pas\u00f3\u2019.<\/p>\n<p>El d\u00eda de hoy, desde las 09:00 horas, se reanudar\u00e1 el juicio que contar\u00e1 con el testimonio del padre de Nicol\u00e1s y al parecer los peritos del Servicio M\u00e9dico Legal y los polic\u00edas que adoptaron el procedimiento.<\/p>\n","protected":false},"excerpt":{"rendered":"<p>La frase \u201cVas a ir a la c\u00e1rcel\u201d de la joven y futura madre, habr\u00eda desatado la furia incontrolable de Nicol\u00e1s Gonzalez, quien la golpe\u00f3 brutalmente y la remat\u00f3 a puntapi\u00e9s en&#8230;<\/p>\n","protected":false},"author":482,"featured_media":19679,"comment_status":"open","ping_status":"closed","sticky":false,"template":"","format":"standard","meta":{"advanced_seo_description":"","jetpack_seo_html_title":"","jetpack_seo_noindex":false,"_jetpack_memberships_contains_paid_content":false,"footnotes":""},"categories":[21],"tags":[],"class_list":["post-19677","post","type-post","status-publish","format-standard","has-post-thumbnail","hentry","category-policial"],"jetpack_featured_media_url":"https:\/\/i0.wp.com\/eltrabajo.cl\/portal\/wp-content\/uploads\/2012\/06\/Nicol%C3%A1s-Gonz%C3%A1lez.jpg?fit=600%2C338&ssl=1","jetpack_sharing_enabled":true,"jetpack_likes_enabled":true,"jetpack-related-posts":[],"_links":{"self":[{"href":"https:\/\/eltrabajo.cl\/portal\/wp-json\/wp\/v2\/posts\/19677","targetHints":{"allow":["GET"]}}],"collection":[{"href":"https:\/\/eltrabajo.cl\/portal\/wp-json\/wp\/v2\/posts"}],"about":[{"href":"https:\/\/eltrabajo.cl\/portal\/wp-json\/wp\/v2\/types\/post"}],"author":[{"embeddable":true,"href":"https:\/\/eltrabajo.cl\/portal\/wp-json\/wp\/v2\/users\/482"}],"replies":[{"embeddable":true,"href":"https:\/\/eltrabajo.cl\/portal\/wp-json\/wp\/v2\/comments?post=19677"}],"version-history":[{"count":0,"href":"https:\/\/eltrabajo.cl\/portal\/wp-json\/wp\/v2\/posts\/19677\/revisions"}],"wp:featuredmedia":[{"embeddable":true,"href":"https:\/\/eltrabajo.cl\/portal\/wp-json\/wp\/v2\/media\/19679"}],"wp:attachment":[{"href":"https:\/\/eltrabajo.cl\/portal\/wp-json\/wp\/v2\/media?parent=19677"}],"wp:term":[{"taxonomy":"category","embeddable":true,"href":"https:\/\/eltrabajo.cl\/portal\/wp-json\/wp\/v2\/categories?post=19677"},{"taxonomy":"post_tag","embeddable":true,"href":"https:\/\/eltrabajo.cl\/portal\/wp-json\/wp\/v2\/tags?post=19677"}],"curies":[{"name":"wp","href":"https:\/\/api.w.org\/{rel}","templated":true}]}}