{"id":19682,"date":"2012-06-20T10:06:10","date_gmt":"2012-06-20T14:06:10","guid":{"rendered":"http:\/\/www.eltrabajo.cl\/portal\/?p=19682"},"modified":"2012-06-20T10:06:10","modified_gmt":"2012-06-20T14:06:10","slug":"%e2%80%9cquiero-la-pena-mas-alta-para-esta-persona%e2%80%9d-clamo-madre-de-tamara","status":"publish","type":"post","link":"https:\/\/eltrabajo.cl\/portal\/%e2%80%9cquiero-la-pena-mas-alta-para-esta-persona%e2%80%9d-clamo-madre-de-tamara\/","title":{"rendered":"\u201cQuiero la pena m\u00e1s alta para esta persona\u201d clam\u00f3 madre de Tamara"},"content":{"rendered":"<figure id=\"attachment_19683\" aria-describedby=\"caption-attachment-19683\" style=\"width: 300px\" class=\"wp-caption alignleft\"><a href=\"http:\/\/www.eltrabajo.cl\/portal\/2012\/06\/%e2%80%9cquiero-la-pena-mas-alta-para-esta-persona%e2%80%9d-clamo-madre-de-tamara\/alicia-vargas\/\" rel=\"attachment wp-att-19683\"><img data-recalc-dims=\"1\" loading=\"lazy\" decoding=\"async\" class=\"size-medium wp-image-19683\" title=\"Alicia Vargas\" src=\"https:\/\/i0.wp.com\/www.eltrabajo.cl\/portal\/wp-content\/uploads\/2012\/06\/Alicia-Vargas-300x168.jpg?resize=300%2C168\" alt=\"\" width=\"300\" height=\"168\" srcset=\"https:\/\/i0.wp.com\/eltrabajo.cl\/portal\/wp-content\/uploads\/2012\/06\/Alicia-Vargas.jpg?resize=300%2C168&amp;ssl=1 300w, https:\/\/i0.wp.com\/eltrabajo.cl\/portal\/wp-content\/uploads\/2012\/06\/Alicia-Vargas.jpg?resize=200%2C112&amp;ssl=1 200w, https:\/\/i0.wp.com\/eltrabajo.cl\/portal\/wp-content\/uploads\/2012\/06\/Alicia-Vargas.jpg?resize=150%2C84&amp;ssl=1 150w, https:\/\/i0.wp.com\/eltrabajo.cl\/portal\/wp-content\/uploads\/2012\/06\/Alicia-Vargas.jpg?resize=400%2C224&amp;ssl=1 400w, https:\/\/i0.wp.com\/eltrabajo.cl\/portal\/wp-content\/uploads\/2012\/06\/Alicia-Vargas.jpg?w=600&amp;ssl=1 600w\" sizes=\"auto, (max-width: 300px) 100vw, 300px\" \/><\/a><figcaption id=\"caption-attachment-19683\" class=\"wp-caption-text\">Entre l\u00e1grimas Alicia Vargas, madre de Tamara, clam\u00f3 justicia por la brutal muerte de su hija.<\/figcaption><\/figure>\n<p>Pablo Salinas Sald\u00edas &#8211; <a href=\"mailto:psalinas@eltrabajo.cl\">psalinas@eltrabajo.cl<\/a><\/p>\n<p>\u201cMe imagin\u00e9 el sufrimiento de mi hija y la manera que pudo haber sido, tuvo que haberle rogado que no lo hiciera y lo hizo igual\u201d. Con estas palabras, entre l\u00e1grimas y voz quebradiza, parti\u00f3 el relato de Alicia Vargas, madre de Tamara, quien muy emocionada prest\u00f3 su declaraci\u00f3n ante el Tribunal exigiendo justicia por la muerte de su hija de 21 a\u00f1os de edad.<\/p>\n<p>Alicia manifest\u00f3 que su vida ya no era la misma sin su hija por la tragedia que la embarga como madre al perder un ser tan querido: \u201cMi vida ya no es lo que era antes, porque es la peor tragedia que le pueda pasar a un ser humano, a una madre (\u2026) no soy Dios, ni rencorosa, s\u00f3lo pido que se haga justicia, de privarme de la compa\u00f1\u00eda de mi hija, quiero que se d\u00e9 la pena m\u00e1s alta para esta persona\u201d, clam\u00f3 Alicia ante los magistrados.<\/p>\n<figure id=\"attachment_19684\" aria-describedby=\"caption-attachment-19684\" style=\"width: 300px\" class=\"wp-caption alignright\"><a href=\"http:\/\/www.eltrabajo.cl\/portal\/2012\/06\/%e2%80%9cquiero-la-pena-mas-alta-para-esta-persona%e2%80%9d-clamo-madre-de-tamara\/juan-carlos-lepe\/\" rel=\"attachment wp-att-19684\"><img data-recalc-dims=\"1\" loading=\"lazy\" decoding=\"async\" class=\"size-medium wp-image-19684\" title=\"Juan Carlos Lepe\" src=\"https:\/\/i0.wp.com\/www.eltrabajo.cl\/portal\/wp-content\/uploads\/2012\/06\/Juan-Carlos-Lepe-300x168.jpg?resize=300%2C168\" alt=\"\" width=\"300\" height=\"168\" srcset=\"https:\/\/i0.wp.com\/eltrabajo.cl\/portal\/wp-content\/uploads\/2012\/06\/Juan-Carlos-Lepe.jpg?resize=300%2C168&amp;ssl=1 300w, https:\/\/i0.wp.com\/eltrabajo.cl\/portal\/wp-content\/uploads\/2012\/06\/Juan-Carlos-Lepe.jpg?resize=200%2C112&amp;ssl=1 200w, https:\/\/i0.wp.com\/eltrabajo.cl\/portal\/wp-content\/uploads\/2012\/06\/Juan-Carlos-Lepe.jpg?resize=150%2C84&amp;ssl=1 150w, https:\/\/i0.wp.com\/eltrabajo.cl\/portal\/wp-content\/uploads\/2012\/06\/Juan-Carlos-Lepe.jpg?resize=400%2C224&amp;ssl=1 400w, https:\/\/i0.wp.com\/eltrabajo.cl\/portal\/wp-content\/uploads\/2012\/06\/Juan-Carlos-Lepe.jpg?w=600&amp;ssl=1 600w\" sizes=\"auto, (max-width: 300px) 100vw, 300px\" \/><\/a><figcaption id=\"caption-attachment-19684\" class=\"wp-caption-text\">Juan Carlos Lepe entreg\u00f3 su testimonio, dejando en evidencia el duro proceso de vivir con la ausencia de Tamara.<\/figcaption><\/figure>\n<p>\u201cNo era mi hija la que estaba en ese cuerpo morado y sus huesos quebrados, le toqu\u00e9 su cara, la ten\u00eda hinchada, la bes\u00e9, no pod\u00eda creer que mi hija estaba en un caj\u00f3n con mi nieto\u201d, relat\u00f3 emocionada Alicia.<\/p>\n<p>Por su parte Juan Carlos Lepe, padre de Tamara, entreg\u00f3 su testimonio sobre la tragedia que ha vivido por la ausencia de su hija y de las esperanzas que ten\u00eda por su futuro nieto: \u201cElla me manifest\u00f3 que el sujeto dudaba de la paternidad del hijo y que le aconsej\u00f3 que abortara (\u2026) Nicol\u00e1s maliciosamente sac\u00f3 una copia de las llaves para ingresar a la casa, porque varias veces Tamara despertaba vi\u00e9ndolo a \u00e9l sentado en su cama, porque saltaba por sobre la reja para ingresar. Ese d\u00eda me llaman a las 17:15 horas y me manifiestan que Tamara estaba muerta y que su ex pololo la hab\u00eda asesinado (\u2026) \u00c9l cuando supo del embarazo huy\u00f3, no quer\u00eda ese hijo\u201d, a\u00f1adi\u00f3 Juan Carlos.<\/p>\n<figure id=\"attachment_19685\" aria-describedby=\"caption-attachment-19685\" style=\"width: 300px\" class=\"wp-caption alignleft\"><a href=\"http:\/\/www.eltrabajo.cl\/portal\/2012\/06\/%e2%80%9cquiero-la-pena-mas-alta-para-esta-persona%e2%80%9d-clamo-madre-de-tamara\/jonathan-aceituno\/\" rel=\"attachment wp-att-19685\"><img data-recalc-dims=\"1\" loading=\"lazy\" decoding=\"async\" class=\"size-medium wp-image-19685\" title=\"Jonathan Aceituno\" src=\"https:\/\/i0.wp.com\/www.eltrabajo.cl\/portal\/wp-content\/uploads\/2012\/06\/Jonathan-Aceituno-300x168.jpg?resize=300%2C168\" alt=\"\" width=\"300\" height=\"168\" srcset=\"https:\/\/i0.wp.com\/eltrabajo.cl\/portal\/wp-content\/uploads\/2012\/06\/Jonathan-Aceituno.jpg?resize=300%2C168&amp;ssl=1 300w, https:\/\/i0.wp.com\/eltrabajo.cl\/portal\/wp-content\/uploads\/2012\/06\/Jonathan-Aceituno.jpg?resize=200%2C112&amp;ssl=1 200w, https:\/\/i0.wp.com\/eltrabajo.cl\/portal\/wp-content\/uploads\/2012\/06\/Jonathan-Aceituno.jpg?resize=150%2C84&amp;ssl=1 150w, https:\/\/i0.wp.com\/eltrabajo.cl\/portal\/wp-content\/uploads\/2012\/06\/Jonathan-Aceituno.jpg?resize=400%2C224&amp;ssl=1 400w, https:\/\/i0.wp.com\/eltrabajo.cl\/portal\/wp-content\/uploads\/2012\/06\/Jonathan-Aceituno.jpg?w=600&amp;ssl=1 600w\" sizes=\"auto, (max-width: 300px) 100vw, 300px\" \/><\/a><figcaption id=\"caption-attachment-19685\" class=\"wp-caption-text\">Jonathan Aceituno fue testigo de los hechos al escuchar en la casa contigua gritos de auxilio de Tamara.<\/figcaption><\/figure>\n<p><strong>LOS TESTIGOS<\/strong><\/p>\n<p>El juicio concluy\u00f3 pasadas las 15:00 horas con el testimonio de Jonathan Aceituno, quien se encontraba en la casa contigua a la de Tamara, siendo testigo de los ruidos y golpes que se sintieron a esa hora: \u201cSe escuchaba gritar una mujer que dec\u00eda \u2018Pap\u00e1&#8230; Pap\u00e1\u2019, se sent\u00eda la vibraci\u00f3n en el suelo producto de los golpes entre 5 a 10 minutos\u201d, sostiene el testigo.<\/p>\n<p>Asimismo, Jonathan asegur\u00f3 que por su calidad de pololo de la due\u00f1a de casa que precisamente se encontraba en su trabajo a esa hora, la llam\u00f3 a su celular para relatarle los hechos y que lo manten\u00edan nervioso por los constantes ladridos del perro que estaba en la casa. Record\u00f3 que ese d\u00eda le solicit\u00f3 a su polola Catalina que llamara a Carabineros para denunciar los hechos sin obtener resultados positivos por parte de la instituci\u00f3n.<\/p>\n<figure id=\"attachment_19686\" aria-describedby=\"caption-attachment-19686\" style=\"width: 300px\" class=\"wp-caption alignright\"><a href=\"http:\/\/www.eltrabajo.cl\/portal\/2012\/06\/%e2%80%9cquiero-la-pena-mas-alta-para-esta-persona%e2%80%9d-clamo-madre-de-tamara\/catalina-bastidas\/\" rel=\"attachment wp-att-19686\"><img data-recalc-dims=\"1\" loading=\"lazy\" decoding=\"async\" class=\"size-medium wp-image-19686\" title=\"Catalina Bastidas\" src=\"https:\/\/i0.wp.com\/www.eltrabajo.cl\/portal\/wp-content\/uploads\/2012\/06\/Catalina-Bastidas-300x168.jpg?resize=300%2C168\" alt=\"\" width=\"300\" height=\"168\" srcset=\"https:\/\/i0.wp.com\/eltrabajo.cl\/portal\/wp-content\/uploads\/2012\/06\/Catalina-Bastidas.jpg?resize=300%2C168&amp;ssl=1 300w, https:\/\/i0.wp.com\/eltrabajo.cl\/portal\/wp-content\/uploads\/2012\/06\/Catalina-Bastidas.jpg?resize=200%2C112&amp;ssl=1 200w, https:\/\/i0.wp.com\/eltrabajo.cl\/portal\/wp-content\/uploads\/2012\/06\/Catalina-Bastidas.jpg?resize=150%2C84&amp;ssl=1 150w, https:\/\/i0.wp.com\/eltrabajo.cl\/portal\/wp-content\/uploads\/2012\/06\/Catalina-Bastidas.jpg?resize=400%2C224&amp;ssl=1 400w, https:\/\/i0.wp.com\/eltrabajo.cl\/portal\/wp-content\/uploads\/2012\/06\/Catalina-Bastidas.jpg?w=600&amp;ssl=1 600w\" sizes=\"auto, (max-width: 300px) 100vw, 300px\" \/><\/a><figcaption id=\"caption-attachment-19686\" class=\"wp-caption-text\">Catalina Bastidas llam\u00f3 a Carabineros para advertir los hechos desde su trabajo, pero Carabineros no se present\u00f3.<\/figcaption><\/figure>\n<p>Por su parte Catalina Bastidas, autora del llamado, testimoni\u00f3 que dio cuenta de los hechos al nivel 133 recalcando que su vecina Tamara se encontraba embarazada y que estaba siendo agredida: \u201cDespu\u00e9s mi pololo me llam\u00f3 y me dijo que Carabineros nunca lleg\u00f3\u201d, agreg\u00f3 Catalina.<\/p>\n<p>Cabe mencionar que durante la audiencia se encontraban presente familiares y amigos de Tamara como tambi\u00e9n del imputado, quienes durante los testimonios se emocionaron ante las potentes declaraciones de los participantes.<\/p>\n","protected":false},"excerpt":{"rendered":"<p>Pablo Salinas Sald\u00edas &#8211; psalinas@eltrabajo.cl \u201cMe imagin\u00e9 el sufrimiento de mi hija y la manera que pudo haber sido, tuvo que haberle rogado que no lo hiciera y lo hizo igual\u201d. Con&#8230;<\/p>\n","protected":false},"author":482,"featured_media":19683,"comment_status":"open","ping_status":"closed","sticky":false,"template":"","format":"standard","meta":{"advanced_seo_description":"","jetpack_seo_html_title":"","jetpack_seo_noindex":false,"_jetpack_memberships_contains_paid_content":false,"footnotes":""},"categories":[21],"tags":[],"class_list":["post-19682","post","type-post","status-publish","format-standard","has-post-thumbnail","hentry","category-policial"],"jetpack_featured_media_url":"https:\/\/i0.wp.com\/eltrabajo.cl\/portal\/wp-content\/uploads\/2012\/06\/Alicia-Vargas.jpg?fit=600%2C337&ssl=1","jetpack_sharing_enabled":true,"jetpack_likes_enabled":true,"jetpack-related-posts":[],"_links":{"self":[{"href":"https:\/\/eltrabajo.cl\/portal\/wp-json\/wp\/v2\/posts\/19682","targetHints":{"allow":["GET"]}}],"collection":[{"href":"https:\/\/eltrabajo.cl\/portal\/wp-json\/wp\/v2\/posts"}],"about":[{"href":"https:\/\/eltrabajo.cl\/portal\/wp-json\/wp\/v2\/types\/post"}],"author":[{"embeddable":true,"href":"https:\/\/eltrabajo.cl\/portal\/wp-json\/wp\/v2\/users\/482"}],"replies":[{"embeddable":true,"href":"https:\/\/eltrabajo.cl\/portal\/wp-json\/wp\/v2\/comments?post=19682"}],"version-history":[{"count":0,"href":"https:\/\/eltrabajo.cl\/portal\/wp-json\/wp\/v2\/posts\/19682\/revisions"}],"wp:featuredmedia":[{"embeddable":true,"href":"https:\/\/eltrabajo.cl\/portal\/wp-json\/wp\/v2\/media\/19683"}],"wp:attachment":[{"href":"https:\/\/eltrabajo.cl\/portal\/wp-json\/wp\/v2\/media?parent=19682"}],"wp:term":[{"taxonomy":"category","embeddable":true,"href":"https:\/\/eltrabajo.cl\/portal\/wp-json\/wp\/v2\/categories?post=19682"},{"taxonomy":"post_tag","embeddable":true,"href":"https:\/\/eltrabajo.cl\/portal\/wp-json\/wp\/v2\/tags?post=19682"}],"curies":[{"name":"wp","href":"https:\/\/api.w.org\/{rel}","templated":true}]}}