{"id":19696,"date":"2012-06-21T09:25:10","date_gmt":"2012-06-21T13:25:10","guid":{"rendered":"http:\/\/www.eltrabajo.cl\/portal\/?p=19696"},"modified":"2012-06-21T09:25:10","modified_gmt":"2012-06-21T13:25:10","slug":"inauguran-%e2%80%98biblioteca-graciela-balharry-del-canto%e2%80%99-en-u-de-aconcagua","status":"publish","type":"post","link":"https:\/\/eltrabajo.cl\/portal\/inauguran-%e2%80%98biblioteca-graciela-balharry-del-canto%e2%80%99-en-u-de-aconcagua\/","title":{"rendered":"Inauguran \u2018Biblioteca Graciela Balharry del Canto\u2019 en U. de Aconcagua"},"content":{"rendered":"<figure id=\"attachment_19697\" aria-describedby=\"caption-attachment-19697\" style=\"width: 600px\" class=\"wp-caption alignnone\"><a href=\"http:\/\/www.eltrabajo.cl\/portal\/2012\/06\/inauguran-%e2%80%98biblioteca-graciela-balharry-del-canto%e2%80%99-en-u-de-aconcagua\/biblioteca1-2\/\" rel=\"attachment wp-att-19697\"><img data-recalc-dims=\"1\" loading=\"lazy\" decoding=\"async\" class=\"size-full wp-image-19697\" title=\"Biblioteca1\" src=\"https:\/\/i0.wp.com\/www.eltrabajo.cl\/portal\/wp-content\/uploads\/2012\/06\/Biblioteca1.jpg?resize=600%2C414\" alt=\"\" width=\"600\" height=\"414\" srcset=\"https:\/\/i0.wp.com\/eltrabajo.cl\/portal\/wp-content\/uploads\/2012\/06\/Biblioteca1.jpg?w=600&amp;ssl=1 600w, https:\/\/i0.wp.com\/eltrabajo.cl\/portal\/wp-content\/uploads\/2012\/06\/Biblioteca1.jpg?resize=200%2C138&amp;ssl=1 200w, https:\/\/i0.wp.com\/eltrabajo.cl\/portal\/wp-content\/uploads\/2012\/06\/Biblioteca1.jpg?resize=300%2C207&amp;ssl=1 300w, https:\/\/i0.wp.com\/eltrabajo.cl\/portal\/wp-content\/uploads\/2012\/06\/Biblioteca1.jpg?resize=150%2C103&amp;ssl=1 150w, https:\/\/i0.wp.com\/eltrabajo.cl\/portal\/wp-content\/uploads\/2012\/06\/Biblioteca1.jpg?resize=400%2C276&amp;ssl=1 400w\" sizes=\"auto, (max-width: 600px) 100vw, 600px\" \/><\/a><figcaption id=\"caption-attachment-19697\" class=\"wp-caption-text\">El Rector de la Universidad de Aconcagua, Jos\u00e9 Francisco Aguirre y Pedro Herrera Balharry, muestran en Exclusiva a Diario El Trabajo, parte de los libros donados.<\/figcaption><\/figure>\n<p>Roberto Gonz\u00e1lez Short &#8211;\u00a0rgonzalez@eltrabajo.cl<\/p>\n<p>Profundamente emocionado y con un c\u00famulo de recuerdos por compartir, Pedro Herrera Balharry, Director del Centro de Emprendimiento y Capacitaci\u00f3n de la Universidad de Aconcagua, logr\u00f3 encontrar las palabras que justificaran la donaci\u00f3n de los m\u00e1s de 900 libros a la Biblioteca de la UAC, que compon\u00edan su colecci\u00f3n personal y la de su madre, Graciela Balharry del Canto, quien en vida llegara a figurar como una escritora de talla internacional, amante de las letras y el saber.<\/p>\n<p>\u201cHacer entrega de los libros de mi madre a esta universidad ha sido para m\u00ed un honor y una necesidad espiritual, pues estoy plenamente seguro de que a ella le habr\u00eda encantado y me siento ahora con mucha paz por \u2018cerrar este c\u00edrculo\u2019 personal al que mi madre no pudo dar cierre\u201d, coment\u00f3 Pedro Herrera.<\/p>\n<p>\u201cPara nosotros en la Universidad, que nuestra biblioteca se llame \u2018Biblioteca Graciela Balharry del Canto\u2019, insigne escritora que vivi\u00f3 parte de su vida en San Felipe, es un gran honor. Todos conocemos su gran generosidad, sabemos que uno de sus libros lleva por t\u00edtulo \u2018Como la vida misma\u2019, creemos que do\u00f1a Graciela pudo estar encantada de este homenaje, pero por ser una persona con la virtud de la humildad, le habr\u00eda dado quiz\u00e1s un poco de pena ver esta manifestaci\u00f3n\u201d, coment\u00f3 a Diario El Trabajo el Rector de la Universidad de Aconcagua, Jos\u00e9 Francisco Aguirre.<\/p>\n<p>La Universidad de Aconcagua cuenta adem\u00e1s con un \u2018Banco de libros\u2019 que asciende a unas 50.000 obras por la v\u00eda digital. La Sociedad de Escritores de Chile, Filial San Felipe, ofreci\u00f3 tambi\u00e9n una peque\u00f1a muestra de libros que fueron recibidos por el Rector de la UAC.<\/p>\n<p>\u201cLa donaci\u00f3n de libros de don Pedro Herrera y los de su madre, son aproximadamente unos 900. Esta biblioteca est\u00e1 reci\u00e9n form\u00e1ndose, pero ya tiene m\u00e1s de 2.000 vol\u00famenes\u201d, agreg\u00f3 Aguirre.<\/p>\n<p><strong>MUJER DE LUCHA<\/strong><\/p>\n<figure id=\"attachment_19700\" aria-describedby=\"caption-attachment-19700\" style=\"width: 300px\" class=\"wp-caption alignright\"><a href=\"http:\/\/www.eltrabajo.cl\/portal\/2012\/06\/inauguran-%e2%80%98biblioteca-graciela-balharry-del-canto%e2%80%99-en-u-de-aconcagua\/graciela1-3\/\" rel=\"attachment wp-att-19700\"><img data-recalc-dims=\"1\" loading=\"lazy\" decoding=\"async\" class=\"size-medium wp-image-19700 \" title=\"Graciela1\" src=\"https:\/\/i0.wp.com\/www.eltrabajo.cl\/portal\/wp-content\/uploads\/2012\/06\/Graciela12-300x218.jpg?resize=300%2C218\" alt=\"\" width=\"300\" height=\"218\" srcset=\"https:\/\/i0.wp.com\/eltrabajo.cl\/portal\/wp-content\/uploads\/2012\/06\/Graciela12.jpg?resize=300%2C218&amp;ssl=1 300w, https:\/\/i0.wp.com\/eltrabajo.cl\/portal\/wp-content\/uploads\/2012\/06\/Graciela12.jpg?resize=200%2C145&amp;ssl=1 200w, https:\/\/i0.wp.com\/eltrabajo.cl\/portal\/wp-content\/uploads\/2012\/06\/Graciela12.jpg?resize=150%2C109&amp;ssl=1 150w, https:\/\/i0.wp.com\/eltrabajo.cl\/portal\/wp-content\/uploads\/2012\/06\/Graciela12.jpg?resize=400%2C291&amp;ssl=1 400w, https:\/\/i0.wp.com\/eltrabajo.cl\/portal\/wp-content\/uploads\/2012\/06\/Graciela12.jpg?w=600&amp;ssl=1 600w\" sizes=\"auto, (max-width: 300px) 100vw, 300px\" \/><\/a><figcaption id=\"caption-attachment-19700\" class=\"wp-caption-text\">Graciela Balharry del Canto, falleci\u00f3 en abril de 2009.<\/figcaption><\/figure>\n<p>Graciela Balharry del Canto fue una mujer de un gran esp\u00edritu solidario. Ella perteneci\u00f3 a diversas instituciones de bien social, en especial de ayuda a los ni\u00f1os y estudiantes a trav\u00e9s de la Liga de Estudiantes Pobres; la Asociaci\u00f3n de Protecci\u00f3n de Menores; Las Colonias Escolares, La Uni\u00f3n Femenina y otras entidades. Graciela Balharry muri\u00f3 a la edad de 94 a\u00f1os, dejando un gran sentimiento de pesar sobre todo en el Grupo de Las Amigas del Libro.<\/p>\n<p>Como escritora, public\u00f3 dos libros en San Jos\u00e9 de Costa Rica, desarrollando en esa naci\u00f3n centroamericana una intensa vida literaria. De regreso a San Felipe, organiz\u00f3 un grupo dedicado a la lectura y el an\u00e1lisis de los escritores, fomentando la lectura, la poes\u00eda y todo lo relacionado con la cultura y las artes. Sus funerales se realizaron el s\u00e1bado 11 de abril de 2009, en el Parque El Almendral.<\/p>\n<p><strong>ESCRITORES OPINAN<\/strong><\/p>\n<p>Decenas de escritores y novelistas fueron invitados al acto de inauguraci\u00f3n de este centro de lectura, Diario El Trabajo habl\u00f3 con alguno de ellos.<\/p>\n<p>\u201cEn estos tiempos en que muchos creen que todo debe ser digital, es una linda locura poder estar presente en este acto hist\u00f3rico para decirle a todos que los libros y la lectura siguen estando vigentes. Un merecido honor que esta biblioteca lleve el nombre de do\u00f1a Graciela\u201d, as\u00ed habl\u00f3 el escritor llaylla\u00edno, V\u00edctor Contreras.<\/p>\n<p>\u201cEl nombramiento a esta biblioteca en referencia a la colega Graciela Balharry del Canto, es un honor bien merecido para toda nuestra sociedad, sus aportes son bien aquilatados y de seguro que nuestra filial seguir\u00e1 tambi\u00e9n aportando ejemplares de nuestros escritores\u201d, asegur\u00f3 a nuestro medio la Presidente de la Sociedad de Escritores de Chile, Filial San Felipe, Azucena Caballero.<\/p>\n<p>Por su parte el escritor sanfelipe\u00f1o, Ernesto de Blasis, fue generoso en sus apreciaciones sobre este proyecto cultural.<\/p>\n<p>\u201cUn grato honor el saber que mis libros podr\u00e1n ser encontrados y le\u00eddos en la biblioteca que lleva por nombre el de una prestigiosa mujer de las letras y el humanismo universal\u201d.<\/p>\n<p>&nbsp;<\/p>\n","protected":false},"excerpt":{"rendered":"<p>Roberto Gonz\u00e1lez Short &#8211;\u00a0rgonzalez@eltrabajo.cl Profundamente emocionado y con un c\u00famulo de recuerdos por compartir, Pedro Herrera Balharry, Director del Centro de Emprendimiento y Capacitaci\u00f3n de la Universidad de Aconcagua, logr\u00f3 encontrar las&#8230;<\/p>\n","protected":false},"author":482,"featured_media":19697,"comment_status":"open","ping_status":"closed","sticky":false,"template":"","format":"standard","meta":{"advanced_seo_description":"","jetpack_seo_html_title":"","jetpack_seo_noindex":false,"_jetpack_memberships_contains_paid_content":false,"footnotes":""},"categories":[15],"tags":[],"class_list":["post-19696","post","type-post","status-publish","format-standard","has-post-thumbnail","hentry","category-comunidad"],"jetpack_featured_media_url":"https:\/\/i0.wp.com\/eltrabajo.cl\/portal\/wp-content\/uploads\/2012\/06\/Biblioteca1.jpg?fit=600%2C414&ssl=1","jetpack_sharing_enabled":true,"jetpack_likes_enabled":true,"jetpack-related-posts":[],"_links":{"self":[{"href":"https:\/\/eltrabajo.cl\/portal\/wp-json\/wp\/v2\/posts\/19696","targetHints":{"allow":["GET"]}}],"collection":[{"href":"https:\/\/eltrabajo.cl\/portal\/wp-json\/wp\/v2\/posts"}],"about":[{"href":"https:\/\/eltrabajo.cl\/portal\/wp-json\/wp\/v2\/types\/post"}],"author":[{"embeddable":true,"href":"https:\/\/eltrabajo.cl\/portal\/wp-json\/wp\/v2\/users\/482"}],"replies":[{"embeddable":true,"href":"https:\/\/eltrabajo.cl\/portal\/wp-json\/wp\/v2\/comments?post=19696"}],"version-history":[{"count":0,"href":"https:\/\/eltrabajo.cl\/portal\/wp-json\/wp\/v2\/posts\/19696\/revisions"}],"wp:featuredmedia":[{"embeddable":true,"href":"https:\/\/eltrabajo.cl\/portal\/wp-json\/wp\/v2\/media\/19697"}],"wp:attachment":[{"href":"https:\/\/eltrabajo.cl\/portal\/wp-json\/wp\/v2\/media?parent=19696"}],"wp:term":[{"taxonomy":"category","embeddable":true,"href":"https:\/\/eltrabajo.cl\/portal\/wp-json\/wp\/v2\/categories?post=19696"},{"taxonomy":"post_tag","embeddable":true,"href":"https:\/\/eltrabajo.cl\/portal\/wp-json\/wp\/v2\/tags?post=19696"}],"curies":[{"name":"wp","href":"https:\/\/api.w.org\/{rel}","templated":true}]}}