{"id":19703,"date":"2012-06-21T09:27:27","date_gmt":"2012-06-21T13:27:27","guid":{"rendered":"http:\/\/www.eltrabajo.cl\/portal\/?p=19703"},"modified":"2012-06-21T09:27:27","modified_gmt":"2012-06-21T13:27:27","slug":"feriantes-y-arquitectos-sanfelipenos-suenan-con-crear-%e2%80%98alameda-cultural%e2%80%99","status":"publish","type":"post","link":"https:\/\/eltrabajo.cl\/portal\/feriantes-y-arquitectos-sanfelipenos-suenan-con-crear-%e2%80%98alameda-cultural%e2%80%99\/","title":{"rendered":"Feriantes y arquitectos sanfelipe\u00f1os sue\u00f1an con crear \u2018Alameda Cultural\u2019"},"content":{"rendered":"<figure id=\"attachment_19704\" aria-describedby=\"caption-attachment-19704\" style=\"width: 600px\" class=\"wp-caption alignnone\"><a href=\"http:\/\/www.eltrabajo.cl\/portal\/2012\/06\/feriantes-y-arquitectos-sanfelipenos-suenan-con-crear-%e2%80%98alameda-cultural%e2%80%99\/propuesta-nov-dic\/\" rel=\"attachment wp-att-19704\"><img data-recalc-dims=\"1\" loading=\"lazy\" decoding=\"async\" class=\"size-full wp-image-19704\" title=\"PROPUESTA NOV.DIC.\" src=\"https:\/\/i0.wp.com\/www.eltrabajo.cl\/portal\/wp-content\/uploads\/2012\/06\/PROPUESTA-NOV.DIC_..jpg?resize=600%2C267\" alt=\"\" width=\"600\" height=\"267\" srcset=\"https:\/\/i0.wp.com\/eltrabajo.cl\/portal\/wp-content\/uploads\/2012\/06\/PROPUESTA-NOV.DIC_..jpg?w=600&amp;ssl=1 600w, https:\/\/i0.wp.com\/eltrabajo.cl\/portal\/wp-content\/uploads\/2012\/06\/PROPUESTA-NOV.DIC_..jpg?resize=200%2C89&amp;ssl=1 200w, https:\/\/i0.wp.com\/eltrabajo.cl\/portal\/wp-content\/uploads\/2012\/06\/PROPUESTA-NOV.DIC_..jpg?resize=300%2C133&amp;ssl=1 300w, https:\/\/i0.wp.com\/eltrabajo.cl\/portal\/wp-content\/uploads\/2012\/06\/PROPUESTA-NOV.DIC_..jpg?resize=150%2C66&amp;ssl=1 150w, https:\/\/i0.wp.com\/eltrabajo.cl\/portal\/wp-content\/uploads\/2012\/06\/PROPUESTA-NOV.DIC_..jpg?resize=400%2C178&amp;ssl=1 400w\" sizes=\"auto, (max-width: 600px) 100vw, 600px\" \/><\/a><figcaption id=\"caption-attachment-19704\" class=\"wp-caption-text\">Definitivamente ser\u00eda otro rostro el que tendr\u00eda este sector de San Felipe y que ser\u00eda aprovechable durante todo el a\u00f1o.<\/figcaption><\/figure>\n<p>Roberto Gonz\u00e1lez Short &#8211; rgonzalez@eltrabajo.cl<\/p>\n<p>Cada d\u00eda toma m\u00e1s fuerza la posible puesta en ejecuci\u00f3n de un proyecto arquitect\u00f3nico propuesto por la oficina de arquitectos \u2018Mafil &amp; Arq\u2019, que pretende dar tr\u00e1mite a una solicitud planteada por el Sindicato de Trabajadores Independientes y Feriantes Libres del Juguete, con miras a desarrollar un cambio radical en el bandej\u00f3n central que desde hace 30 a\u00f1os usan estos comerciantes sobre Avenida Yungay.<\/p>\n<figure id=\"attachment_19705\" aria-describedby=\"caption-attachment-19705\" style=\"width: 300px\" class=\"wp-caption alignright\"><a href=\"http:\/\/www.eltrabajo.cl\/portal\/2012\/06\/feriantes-y-arquitectos-sanfelipenos-suenan-con-crear-%e2%80%98alameda-cultural%e2%80%99\/arquitectos-matias-iligaray-y-jorge-reyes\/\" rel=\"attachment wp-att-19705\"><img data-recalc-dims=\"1\" loading=\"lazy\" decoding=\"async\" class=\"size-medium wp-image-19705\" title=\"Arquitectos Mat\u00edas Iligaray y Jorge Reyes\" src=\"https:\/\/i0.wp.com\/www.eltrabajo.cl\/portal\/wp-content\/uploads\/2012\/06\/Arquitectos-Mat%C3%ADas-Iligaray-y-Jorge-Reyes--300x198.jpg?resize=300%2C198\" alt=\"\" width=\"300\" height=\"198\" srcset=\"https:\/\/i0.wp.com\/eltrabajo.cl\/portal\/wp-content\/uploads\/2012\/06\/Arquitectos-Mat%C3%ADas-Iligaray-y-Jorge-Reyes-.jpg?resize=300%2C198&amp;ssl=1 300w, https:\/\/i0.wp.com\/eltrabajo.cl\/portal\/wp-content\/uploads\/2012\/06\/Arquitectos-Mat%C3%ADas-Iligaray-y-Jorge-Reyes-.jpg?resize=200%2C132&amp;ssl=1 200w, https:\/\/i0.wp.com\/eltrabajo.cl\/portal\/wp-content\/uploads\/2012\/06\/Arquitectos-Mat%C3%ADas-Iligaray-y-Jorge-Reyes-.jpg?resize=150%2C99&amp;ssl=1 150w, https:\/\/i0.wp.com\/eltrabajo.cl\/portal\/wp-content\/uploads\/2012\/06\/Arquitectos-Mat%C3%ADas-Iligaray-y-Jorge-Reyes-.jpg?resize=400%2C264&amp;ssl=1 400w, https:\/\/i0.wp.com\/eltrabajo.cl\/portal\/wp-content\/uploads\/2012\/06\/Arquitectos-Mat%C3%ADas-Iligaray-y-Jorge-Reyes-.jpg?w=600&amp;ssl=1 600w\" sizes=\"auto, (max-width: 300px) 100vw, 300px\" \/><\/a><figcaption id=\"caption-attachment-19705\" class=\"wp-caption-text\">Los Arquitectos Mat\u00edas Iligaray y Jorge Reyes de \u2018Mafil &amp; Arq\u2019, mostraron a Diario El Trabajo los planos originales que estar\u00edan pr\u00f3ximamente puestos a disposici\u00f3n de las autoridades para valorar su vialidad.<\/figcaption><\/figure>\n<p>\u201cEn los meses de noviembre y diciembre, cuando estos feriantes realizan su feria de fin de a\u00f1o, el polvo, la suciedad y mal estado de la zona, hace que mucha tierra ensucie los productos, a veces comidas, sean mal logrados\u201d, coment\u00f3 a Diario El Trabajo, Mat\u00edas Iligaray, Arquitecto que pretende presentar la propuesta \u2018Alameda Cultural\u2019 ante la Municipalidad de San Felipe.<\/p>\n<p>Esta iniciativa pretende reformular unos 2.232 m2 del campo ferial, seg\u00fan lo planteado por este joven arquitecto y su colega colaborador, Jorge Reyes. El monto aproximado para hacer realidad esta propuesta, asciende a cuarenta millones de pesos aproximadamente.<\/p>\n<p>\u201cYa hablamos con la Gobernadora Patricia Boffa, a quien le pareci\u00f3 muy apropiada la idea, por su parte el Alcalde Jaime Amar nos indic\u00f3 que present\u00e1ramos todo lo necesario para estar postulando a un proyecto eventualmente viable\u201d, coment\u00f3 Iligaray.<\/p>\n<p>\u201cNuestros c\u00e1lculos preliminares estar\u00edan apuntando a los cuarenta millones de pesos la realizaci\u00f3n de la \u2018Alameda Cultural\u2019, entendemos que los mismos feriantes tambi\u00e9n aportar\u00edan una parte de los recursos para as\u00ed motivar a las autoridades a darle curso al proyecto\u201d, detall\u00f3 Reyes.<\/p>\n<p>Diario El Trabajo pudo hablar con Roberto Ar\u00e1nguiz, Secretario del Sindicato de Trabajadores Independientes y Feriantes Libres del Juguete.<\/p>\n<p>\u201cEfectivamente, los 54 feriantes que conformamos este sindicato estamos de acuerdo en aportar una parte del dinero para que esto sea posible, sin embargo a\u00fan no me puedo pronunciar sobre el monto, porque ese tema deber\u00e1 ser discutido por todos los involucrados\u201d, expres\u00f3 Ar\u00e1nguiz.<\/p>\n<p>De ser ejecutado este novedoso proyecto, los sanfelipe\u00f1os podr\u00edan tener un espacio urbano de primer nivel que permitir\u00eda el uso de la \u2018Alameda Cultural\u2019 desde enero hasta octubre para actividades folkl\u00f3ricas, artesanales, actos p\u00fablicos y de recreaci\u00f3n, en tanto noviembre y diciembre ser\u00edan dos meses por tradici\u00f3n asignados a la feria navide\u00f1a de los comerciantes.<\/p>\n<p>&nbsp;<\/p>\n","protected":false},"excerpt":{"rendered":"<p>Roberto Gonz\u00e1lez Short &#8211; rgonzalez@eltrabajo.cl Cada d\u00eda toma m\u00e1s fuerza la posible puesta en ejecuci\u00f3n de un proyecto arquitect\u00f3nico propuesto por la oficina de arquitectos \u2018Mafil &amp; Arq\u2019, que pretende dar tr\u00e1mite&#8230;<\/p>\n","protected":false},"author":482,"featured_media":19704,"comment_status":"open","ping_status":"closed","sticky":false,"template":"","format":"standard","meta":{"advanced_seo_description":"","jetpack_seo_html_title":"","jetpack_seo_noindex":false,"_jetpack_memberships_contains_paid_content":false,"footnotes":""},"categories":[1],"tags":[],"class_list":["post-19703","post","type-post","status-publish","format-standard","has-post-thumbnail","hentry","category-cronica"],"jetpack_featured_media_url":"https:\/\/i0.wp.com\/eltrabajo.cl\/portal\/wp-content\/uploads\/2012\/06\/PROPUESTA-NOV.DIC_..jpg?fit=600%2C267&ssl=1","jetpack_sharing_enabled":true,"jetpack_likes_enabled":true,"jetpack-related-posts":[],"_links":{"self":[{"href":"https:\/\/eltrabajo.cl\/portal\/wp-json\/wp\/v2\/posts\/19703","targetHints":{"allow":["GET"]}}],"collection":[{"href":"https:\/\/eltrabajo.cl\/portal\/wp-json\/wp\/v2\/posts"}],"about":[{"href":"https:\/\/eltrabajo.cl\/portal\/wp-json\/wp\/v2\/types\/post"}],"author":[{"embeddable":true,"href":"https:\/\/eltrabajo.cl\/portal\/wp-json\/wp\/v2\/users\/482"}],"replies":[{"embeddable":true,"href":"https:\/\/eltrabajo.cl\/portal\/wp-json\/wp\/v2\/comments?post=19703"}],"version-history":[{"count":0,"href":"https:\/\/eltrabajo.cl\/portal\/wp-json\/wp\/v2\/posts\/19703\/revisions"}],"wp:featuredmedia":[{"embeddable":true,"href":"https:\/\/eltrabajo.cl\/portal\/wp-json\/wp\/v2\/media\/19704"}],"wp:attachment":[{"href":"https:\/\/eltrabajo.cl\/portal\/wp-json\/wp\/v2\/media?parent=19703"}],"wp:term":[{"taxonomy":"category","embeddable":true,"href":"https:\/\/eltrabajo.cl\/portal\/wp-json\/wp\/v2\/categories?post=19703"},{"taxonomy":"post_tag","embeddable":true,"href":"https:\/\/eltrabajo.cl\/portal\/wp-json\/wp\/v2\/tags?post=19703"}],"curies":[{"name":"wp","href":"https:\/\/api.w.org\/{rel}","templated":true}]}}