{"id":19708,"date":"2012-06-21T09:28:58","date_gmt":"2012-06-21T13:28:58","guid":{"rendered":"http:\/\/www.eltrabajo.cl\/portal\/?p=19708"},"modified":"2012-06-21T09:28:58","modified_gmt":"2012-06-21T13:28:58","slug":"oficina-de-apoyo-a-victimas-podra-ampliar-cobertura-al-adjudicarse-proyecto","status":"publish","type":"post","link":"https:\/\/eltrabajo.cl\/portal\/oficina-de-apoyo-a-victimas-podra-ampliar-cobertura-al-adjudicarse-proyecto\/","title":{"rendered":"Oficina de apoyo a v\u00edctimas podr\u00e1 ampliar cobertura al adjudicarse proyecto"},"content":{"rendered":"<figure id=\"attachment_19709\" aria-describedby=\"caption-attachment-19709\" style=\"width: 300px\" class=\"wp-caption alignleft\"><a href=\"http:\/\/www.eltrabajo.cl\/portal\/2012\/06\/oficina-de-apoyo-a-victimas-podra-ampliar-cobertura-al-adjudicarse-proyecto\/alexis-guerrero-2-2\/\" rel=\"attachment wp-att-19709\"><img data-recalc-dims=\"1\" loading=\"lazy\" decoding=\"async\" class=\"size-medium wp-image-19709\" title=\"alexis guerrero (2)\" src=\"https:\/\/i0.wp.com\/www.eltrabajo.cl\/portal\/wp-content\/uploads\/2012\/06\/alexis-guerrero-2-300x225.jpg?resize=300%2C225\" alt=\"\" width=\"300\" height=\"225\" srcset=\"https:\/\/i0.wp.com\/eltrabajo.cl\/portal\/wp-content\/uploads\/2012\/06\/alexis-guerrero-2.jpg?resize=300%2C225&amp;ssl=1 300w, https:\/\/i0.wp.com\/eltrabajo.cl\/portal\/wp-content\/uploads\/2012\/06\/alexis-guerrero-2.jpg?resize=200%2C150&amp;ssl=1 200w, https:\/\/i0.wp.com\/eltrabajo.cl\/portal\/wp-content\/uploads\/2012\/06\/alexis-guerrero-2.jpg?resize=150%2C112&amp;ssl=1 150w, https:\/\/i0.wp.com\/eltrabajo.cl\/portal\/wp-content\/uploads\/2012\/06\/alexis-guerrero-2.jpg?resize=400%2C300&amp;ssl=1 400w, https:\/\/i0.wp.com\/eltrabajo.cl\/portal\/wp-content\/uploads\/2012\/06\/alexis-guerrero-2.jpg?w=600&amp;ssl=1 600w\" sizes=\"auto, (max-width: 300px) 100vw, 300px\" \/><\/a><figcaption id=\"caption-attachment-19709\" class=\"wp-caption-text\">El coordinador Alexis Guerrero se\u00f1al\u00f3 que estos recursos permiten ampliar la cobertura a las v\u00edctimas al contar con un equipo multidisciplinario.<\/figcaption><\/figure>\n<p>Sylvia Vergara G. &#8211;\u00a0svergara@eltrabajo.cl<\/p>\n<p>Un proyecto que estaba enfocado al apoyo de las v\u00edctimas de delitos de las provincias de San Felipe y Los Andes, fue postulado este a\u00f1o al fondo de Seguridad P\u00fablica del Ministerio del Interior, siendo adjudicado junto a otras cien iniciativas que se postularon a lo largo de todo el pa\u00eds.<\/p>\n<p>El proyecto fue postulado en el mes de abril y de cuatrocientos que se presentaron, s\u00f3lo cien fueron adjudicados, con un monto de aproximadamente cuarenta millones de pesos, entre ellos uno de San Felipe.<\/p>\n<p>La oficina de Seguridad a nivel comunal cuenta desde el a\u00f1o pasado con una profesional en la comuna de San Felipe, que realiza apoyo a v\u00edctimas de delitos, tanto en la provincia de Los Andes como San Felipe, y al adjudicarse el proyecto presentado este a\u00f1o, se podr\u00e1 ampliar la cobertura a las v\u00edctimas.<\/p>\n<p>El ingreso a este programa de apoyo a v\u00edctimas tiene diversas formas de ingreso, puede ser espont\u00e1nea, por derivaci\u00f3n de la Fiscal\u00eda o de Carabineros, personas que cuentan con atenci\u00f3n tanto psicol\u00f3gica y, en algunos casos, jur\u00eddica.<\/p>\n<p>Este proyecto contempla contar con un equipo multidisciplinario que tendr\u00e1 un trabajo bastante fuerte con las juntas de vecinos y distintas organizaciones en las comunas de las provincias de Los Andes y San Felipe.<\/p>\n<p>La cobertura anual esperada de esta ofician de apoyo a v\u00edctimas es de 150 personas, actualmente son alrededor de 25 las que est\u00e1n siendo atendidas mensualmente, aunque el coordinador Alexis Guerrero espera que no sean tantas las v\u00edctimas que se tengan que atender, ya que eso est\u00e1 relacionado con la cantidad de delitos que se cometen en la zona, \u201caunque siempre vamos a estar con la cobertura abierta a todas las personas\u201d, dijo Guerrero.<\/p>\n<p>El fondo se postul\u00f3 para un per\u00edodo de 12 meses y la idea es ampliarlo el pr\u00f3ximo a\u00f1o para llegar al m\u00e1ximo de personas que se pueda.<\/p>\n<p>&nbsp;<\/p>\n","protected":false},"excerpt":{"rendered":"<p>Sylvia Vergara G. &#8211;\u00a0svergara@eltrabajo.cl Un proyecto que estaba enfocado al apoyo de las v\u00edctimas de delitos de las provincias de San Felipe y Los Andes, fue postulado este a\u00f1o al fondo de&#8230;<\/p>\n","protected":false},"author":482,"featured_media":19709,"comment_status":"open","ping_status":"closed","sticky":false,"template":"","format":"standard","meta":{"advanced_seo_description":"","jetpack_seo_html_title":"","jetpack_seo_noindex":false,"_jetpack_memberships_contains_paid_content":false,"footnotes":""},"categories":[1],"tags":[],"class_list":["post-19708","post","type-post","status-publish","format-standard","has-post-thumbnail","hentry","category-cronica"],"jetpack_featured_media_url":"https:\/\/i0.wp.com\/eltrabajo.cl\/portal\/wp-content\/uploads\/2012\/06\/alexis-guerrero-2.jpg?fit=600%2C451&ssl=1","jetpack_sharing_enabled":true,"jetpack_likes_enabled":true,"jetpack-related-posts":[],"_links":{"self":[{"href":"https:\/\/eltrabajo.cl\/portal\/wp-json\/wp\/v2\/posts\/19708","targetHints":{"allow":["GET"]}}],"collection":[{"href":"https:\/\/eltrabajo.cl\/portal\/wp-json\/wp\/v2\/posts"}],"about":[{"href":"https:\/\/eltrabajo.cl\/portal\/wp-json\/wp\/v2\/types\/post"}],"author":[{"embeddable":true,"href":"https:\/\/eltrabajo.cl\/portal\/wp-json\/wp\/v2\/users\/482"}],"replies":[{"embeddable":true,"href":"https:\/\/eltrabajo.cl\/portal\/wp-json\/wp\/v2\/comments?post=19708"}],"version-history":[{"count":0,"href":"https:\/\/eltrabajo.cl\/portal\/wp-json\/wp\/v2\/posts\/19708\/revisions"}],"wp:featuredmedia":[{"embeddable":true,"href":"https:\/\/eltrabajo.cl\/portal\/wp-json\/wp\/v2\/media\/19709"}],"wp:attachment":[{"href":"https:\/\/eltrabajo.cl\/portal\/wp-json\/wp\/v2\/media?parent=19708"}],"wp:term":[{"taxonomy":"category","embeddable":true,"href":"https:\/\/eltrabajo.cl\/portal\/wp-json\/wp\/v2\/categories?post=19708"},{"taxonomy":"post_tag","embeddable":true,"href":"https:\/\/eltrabajo.cl\/portal\/wp-json\/wp\/v2\/tags?post=19708"}],"curies":[{"name":"wp","href":"https:\/\/api.w.org\/{rel}","templated":true}]}}