{"id":19716,"date":"2012-06-21T09:32:26","date_gmt":"2012-06-21T13:32:26","guid":{"rendered":"http:\/\/www.eltrabajo.cl\/portal\/?p=19716"},"modified":"2012-06-21T09:32:26","modified_gmt":"2012-06-21T13:32:26","slug":"en-las-proximas-semanas-se-produciria-peak-de-enfermedades-respiratorias","status":"publish","type":"post","link":"https:\/\/eltrabajo.cl\/portal\/en-las-proximas-semanas-se-produciria-peak-de-enfermedades-respiratorias\/","title":{"rendered":"En las pr\u00f3ximas semanas se producir\u00eda peak de enfermedades respiratorias"},"content":{"rendered":"<figure id=\"attachment_19717\" aria-describedby=\"caption-attachment-19717\" style=\"width: 300px\" class=\"wp-caption alignleft\"><a href=\"http:\/\/www.eltrabajo.cl\/portal\/2012\/06\/en-las-proximas-semanas-se-produciria-peak-de-enfermedades-respiratorias\/claudia-camerati\/\" rel=\"attachment wp-att-19717\"><img data-recalc-dims=\"1\" loading=\"lazy\" decoding=\"async\" class=\"size-medium wp-image-19717\" title=\"claudia camerati\" src=\"https:\/\/i0.wp.com\/www.eltrabajo.cl\/portal\/wp-content\/uploads\/2012\/06\/claudia-camerati-300x225.jpg?resize=300%2C225\" alt=\"\" width=\"300\" height=\"225\" srcset=\"https:\/\/i0.wp.com\/eltrabajo.cl\/portal\/wp-content\/uploads\/2012\/06\/claudia-camerati.jpg?resize=300%2C225&amp;ssl=1 300w, https:\/\/i0.wp.com\/eltrabajo.cl\/portal\/wp-content\/uploads\/2012\/06\/claudia-camerati.jpg?resize=200%2C150&amp;ssl=1 200w, https:\/\/i0.wp.com\/eltrabajo.cl\/portal\/wp-content\/uploads\/2012\/06\/claudia-camerati.jpg?resize=150%2C112&amp;ssl=1 150w, https:\/\/i0.wp.com\/eltrabajo.cl\/portal\/wp-content\/uploads\/2012\/06\/claudia-camerati.jpg?resize=400%2C300&amp;ssl=1 400w, https:\/\/i0.wp.com\/eltrabajo.cl\/portal\/wp-content\/uploads\/2012\/06\/claudia-camerati.jpg?w=600&amp;ssl=1 600w\" sizes=\"auto, (max-width: 300px) 100vw, 300px\" \/><\/a><figcaption id=\"caption-attachment-19717\" class=\"wp-caption-text\">Claudia Camerati se\u00f1al\u00f3 que aunque han aumentado las consultas por enfermedades respiratorias, \u00e9stas no son de gravedad y no han significado la hospitalizaci\u00f3n de los pacientes.<\/figcaption><\/figure>\n<ul>\n<li><strong>Pese al aumento, las enfermedades no tienen mayor gravedad, por lo que no se ha elevado hasta el momento el n\u00famero de hospitalizaciones<\/strong>.<\/li>\n<\/ul>\n<p>Un aumento en las consultas por enfermedades respiratorias, tanto en ni\u00f1os como en adultos, se ha registrado durante los \u00faltimos d\u00edas en la atenci\u00f3n primaria en la comuna de San Felipe.<\/p>\n<p>As\u00ed lo dio a conocer la enfermera Claudia Camerati, quien destac\u00f3 adem\u00e1s que los egresos por patolog\u00edas respiratorias en los hospitales se han mantenido estables en el tiempo, se\u00f1alando que en la zona han aumentado a un 45% de consultas respiratorias en las urgencias hospitalarias.<\/p>\n<p>\u201cEn relaci\u00f3n al a\u00f1o pasado, estamos casi en la misma curva y el aumento est\u00e1 en relaci\u00f3n a lo esperado, alrededor de un 40 y 50%, no tenemos una epidemia, para llamar a la tranquilidad a la poblaci\u00f3n\u201d, dijo Camerati.<\/p>\n<p>Seg\u00fan la profesional, el valle de Aconcagua se comporta de manera similar, epidemiol\u00f3gicamente, a la regi\u00f3n Metropolitana en el tema de las enfermedades de invierno, aunque con un retraso de tres a cuatro semanas, por lo que se estima que el peak de enfermedades de invierno se produzca en las pr\u00f3ximas semanas.<\/p>\n<p>Sin embargo para Camerati es tranquilizante que las consultas por enfermedades respiratorias, hasta la fecha no implican mayor gravedad, ya que de otra forma se habr\u00eda registrado un aumento en el n\u00famero de hospitalizaciones por esta causa, lo que no se ha producido.<\/p>\n<p><strong>VIRUS RESPIRATORIO SINCICIAL<\/strong><\/p>\n<p>En relaci\u00f3n a la circulaci\u00f3n viral, especialmente del virus respiratorio sincicial, a diferencia del a\u00f1o pasado, est\u00e1 en un porcentaje menor, es decir est\u00e1 presente pero en menor cantidad de casos.<\/p>\n<p>El virus respiratorio sincicial es una de las primeras causas de infecci\u00f3n respiratoria aguda baja y la poblaci\u00f3n m\u00e1s susceptible corresponde a menores de un a\u00f1o de vida, en especial lactantes de menos de seis meses o adultos mayores.<\/p>\n<p>Cuando el virus se enfrenta por primera vez con el ni\u00f1o, antes del a\u00f1o de vida, produce una infecci\u00f3n severa, provocando un cuadro obstructivo con dificultad respiratoria. En general los menores de seis meses hacen los cuadros m\u00e1s graves, lo cual es especialmente relevante en ni\u00f1os prematuros.<\/p>\n<p>Asimismo el contagio se produce de persona a persona, mediante el contacto f\u00edsico y las part\u00edculas que se esparcen en el aire al toser, estornudar o hablar. Se trata de un virus muy contagioso, por lo que puede sobrevivir en las superficies hasta seis horas. Por ello lo m\u00e1s importante es el lavado de manos frecuente y la desinfecci\u00f3n de los objetos que pudieran estar contaminados.<\/p>\n<p>&nbsp;<\/p>\n<p>VACUNACI\u00d3N DE GRUPOS DE RIESGO<\/p>\n<p>De acuerdo a lo que explic\u00f3 Camerati, existe poblaci\u00f3n m\u00e1s susceptible de contagiarse con las enfermedades respiratorias y desarrollar cuadros m\u00e1s severos, que son los ni\u00f1os menores de cinco a\u00f1os, y en especial los lactantes y los adultos mayores de 65 a\u00f1os, por eso ellos son los grupos focalizados de vacunaci\u00f3n anti influenza, lo que no evita que se contagien con la enfermedad sino que para evitar complicaciones severas.<\/p>\n<p>&nbsp;<\/p>\n","protected":false},"excerpt":{"rendered":"<p>Pese al aumento, las enfermedades no tienen mayor gravedad, por lo que no se ha elevado hasta el momento el n\u00famero de hospitalizaciones. Un aumento en las consultas por enfermedades respiratorias, tanto&#8230;<\/p>\n","protected":false},"author":482,"featured_media":19717,"comment_status":"open","ping_status":"closed","sticky":false,"template":"","format":"standard","meta":{"advanced_seo_description":"","jetpack_seo_html_title":"","jetpack_seo_noindex":false,"_jetpack_memberships_contains_paid_content":false,"footnotes":""},"categories":[1],"tags":[],"class_list":["post-19716","post","type-post","status-publish","format-standard","has-post-thumbnail","hentry","category-cronica"],"jetpack_featured_media_url":"https:\/\/i0.wp.com\/eltrabajo.cl\/portal\/wp-content\/uploads\/2012\/06\/claudia-camerati.jpg?fit=600%2C451&ssl=1","jetpack_sharing_enabled":true,"jetpack_likes_enabled":true,"jetpack-related-posts":[],"_links":{"self":[{"href":"https:\/\/eltrabajo.cl\/portal\/wp-json\/wp\/v2\/posts\/19716","targetHints":{"allow":["GET"]}}],"collection":[{"href":"https:\/\/eltrabajo.cl\/portal\/wp-json\/wp\/v2\/posts"}],"about":[{"href":"https:\/\/eltrabajo.cl\/portal\/wp-json\/wp\/v2\/types\/post"}],"author":[{"embeddable":true,"href":"https:\/\/eltrabajo.cl\/portal\/wp-json\/wp\/v2\/users\/482"}],"replies":[{"embeddable":true,"href":"https:\/\/eltrabajo.cl\/portal\/wp-json\/wp\/v2\/comments?post=19716"}],"version-history":[{"count":0,"href":"https:\/\/eltrabajo.cl\/portal\/wp-json\/wp\/v2\/posts\/19716\/revisions"}],"wp:featuredmedia":[{"embeddable":true,"href":"https:\/\/eltrabajo.cl\/portal\/wp-json\/wp\/v2\/media\/19717"}],"wp:attachment":[{"href":"https:\/\/eltrabajo.cl\/portal\/wp-json\/wp\/v2\/media?parent=19716"}],"wp:term":[{"taxonomy":"category","embeddable":true,"href":"https:\/\/eltrabajo.cl\/portal\/wp-json\/wp\/v2\/categories?post=19716"},{"taxonomy":"post_tag","embeddable":true,"href":"https:\/\/eltrabajo.cl\/portal\/wp-json\/wp\/v2\/tags?post=19716"}],"curies":[{"name":"wp","href":"https:\/\/api.w.org\/{rel}","templated":true}]}}