{"id":19720,"date":"2012-06-21T09:33:47","date_gmt":"2012-06-21T13:33:47","guid":{"rendered":"http:\/\/www.eltrabajo.cl\/portal\/?p=19720"},"modified":"2012-06-21T09:33:47","modified_gmt":"2012-06-21T13:33:47","slug":"publican-articulo-de-profesor-sanfelipeno-en-prestigiosa-revista-internacional","status":"publish","type":"post","link":"https:\/\/eltrabajo.cl\/portal\/publican-articulo-de-profesor-sanfelipeno-en-prestigiosa-revista-internacional\/","title":{"rendered":"Publican art\u00edculo de profesor sanfelipe\u00f1o en prestigiosa revista internacional"},"content":{"rendered":"<figure id=\"attachment_19721\" aria-describedby=\"caption-attachment-19721\" style=\"width: 300px\" class=\"wp-caption alignleft\"><a href=\"http:\/\/www.eltrabajo.cl\/portal\/2012\/06\/publican-articulo-de-profesor-sanfelipeno-en-prestigiosa-revista-internacional\/hidalgo1\/\" rel=\"attachment wp-att-19721\"><img data-recalc-dims=\"1\" loading=\"lazy\" decoding=\"async\" class=\"size-medium wp-image-19721\" title=\"Hidalgo1\" src=\"https:\/\/i0.wp.com\/www.eltrabajo.cl\/portal\/wp-content\/uploads\/2012\/06\/Hidalgo1-300x274.jpg?resize=300%2C274\" alt=\"\" width=\"300\" height=\"274\" srcset=\"https:\/\/i0.wp.com\/eltrabajo.cl\/portal\/wp-content\/uploads\/2012\/06\/Hidalgo1.jpg?resize=300%2C274&amp;ssl=1 300w, https:\/\/i0.wp.com\/eltrabajo.cl\/portal\/wp-content\/uploads\/2012\/06\/Hidalgo1.jpg?resize=164%2C150&amp;ssl=1 164w, https:\/\/i0.wp.com\/eltrabajo.cl\/portal\/wp-content\/uploads\/2012\/06\/Hidalgo1.jpg?resize=150%2C137&amp;ssl=1 150w, https:\/\/i0.wp.com\/eltrabajo.cl\/portal\/wp-content\/uploads\/2012\/06\/Hidalgo1.jpg?resize=400%2C365&amp;ssl=1 400w, https:\/\/i0.wp.com\/eltrabajo.cl\/portal\/wp-content\/uploads\/2012\/06\/Hidalgo1.jpg?w=600&amp;ssl=1 600w\" sizes=\"auto, (max-width: 300px) 100vw, 300px\" \/><\/a><figcaption id=\"caption-attachment-19721\" class=\"wp-caption-text\">Pedro Hidalgo, actual Director de la Escuela Jos\u00e9 Manso de Velasco.<\/figcaption><\/figure>\n<p>Roberto Gonz\u00e1lez Short &#8211; rgonzalez@eltrabajo.cl<\/p>\n<p>Un art\u00edculo escrito por el profesor sanfelipe\u00f1o, Pedro Hidalgo Herrera, Director de la Escuela Jos\u00e9 Manso de Velasco, fue publicado por la revista internacional \u2018Synergies\u2019 que circula a nivel mundial. En esta publicaci\u00f3n, el docente aconcag\u00fcino hace un profundo an\u00e1lisis de la educaci\u00f3n en Chile a la luz de las demandas, los derechos, los deberes y la responsabilidad del Estado.<\/p>\n<p>\u2018Synergies\u2019 es una publicaci\u00f3n de circulaci\u00f3n global que y forma parte de la Red Mundial de Difusi\u00f3n Cient\u00edfica Gerflint (Grupo de Estudio e Investigaci\u00f3n para la Lengua Francesa Internacional).<\/p>\n<p>Gerflint, es una instituci\u00f3n dedicada a la investigaci\u00f3n, que publica y distribuye a treinta revistas cient\u00edficas francesas de Humanidades, promoviendo los trabajos e investigaciones en Ciencias Humanas, como contribuci\u00f3n al di\u00e1logo entre las disciplinas, las lenguas y las culturas.<\/p>\n<p>Hidalgo explic\u00f3 a Diario El Trabajo que \u201cEn lo personal me llena de orgullo que un art\u00edculo de mi autor\u00eda haya sido seleccionado para esta revista, pero tambi\u00e9n lo es por tratarse de un docente que laboro en una escuela municipal, especialmente en momentos en que la Educaci\u00f3n P\u00fablica chilena ha sido objeto de cuestionamientos\u201d, explic\u00f3 el director escolar.<\/p>\n<p>Hidalgo agreg\u00f3 que \u201cEsta publicaci\u00f3n de investigaci\u00f3n cient\u00edfica, aborda distintos temas orientados a las Humanidades y en ellos est\u00e1 obviamente la educaci\u00f3n y en mi condici\u00f3n de acad\u00e9mico de la Universidad de Playa Ancha, cont\u00e9 con el respaldo de esa casa de estudios para poder publicar\u201d, indic\u00f3 Hidalgo.<\/p>\n<p>Consultado en cuanto al tema abordado en la publicaci\u00f3n, explic\u00f3 que la misma plantea el dilema que existe entre el derecho a la educaci\u00f3n y la libertad de ense\u00f1anza.<\/p>\n<p><strong>EN DOS IDIOMAS<\/strong><\/p>\n<p>\u201cTiene que ver con las situaciones que vivimos con el movimiento estudiantil, fundamentalmente el a\u00f1o 2011, en que la discusi\u00f3n se ha llevado al t\u00e9rmino del Derecho, entendiendo que la Constituci\u00f3n garantiza el derecho a la educaci\u00f3n y tambi\u00e9n la libertad de ense\u00f1anza. Pareciera ser que hay un choque de derechos, sin embargo hay uno que est\u00e1 sobre otro, que es el derecho a la educaci\u00f3n\u201d, explica el acad\u00e9mico.<\/p>\n<p>El docente se\u00f1al\u00f3 que seguir\u00e1 publicando en esta revista, fundamentalmente en temas relacionados con la educaci\u00f3n. Dijo que est\u00e1 muy interesado en abordar el tema de los valores porque, sostuvo: \u201cNosotros estamos viviendo pr\u00e1cticamente la p\u00e9rdida del Principio de la Autoridad, en lo que es el profesor frente al estudiante y al apoderado\u201d, asegur\u00f3 Hidalgo.<\/p>\n<p>En parte de su art\u00edculo, que es publicado en espa\u00f1ol y franc\u00e9s, Hidalgo plantea que \u201choy es evidente que el actual sistema predominante en Chile y el mundo no es sostenible y necesita profundas reformas. No es necesario reemplazarlo totalmente, pero s\u00ed equilibrar las virtudes del mercado con el contrapeso de un Estado fuerte y solidario, admitiendo que ambos deben coexistir y complementarse. Y en educaci\u00f3n como en otras \u00e1reas sociales, en un contexto de descentralizaci\u00f3n y privatizaci\u00f3n de los servicios, se deben situar en el centro de las pol\u00edticas p\u00fablicas los derechos de la poblaci\u00f3n, a fin de garantizar su satisfacci\u00f3n universal. Esto obliga a repensar las relaciones entre el Estado y la Sociedad civil\u201d, concluy\u00f3 el articulista internacional.<\/p>\n<p>&nbsp;<\/p>\n","protected":false},"excerpt":{"rendered":"<p>Roberto Gonz\u00e1lez Short &#8211; rgonzalez@eltrabajo.cl Un art\u00edculo escrito por el profesor sanfelipe\u00f1o, Pedro Hidalgo Herrera, Director de la Escuela Jos\u00e9 Manso de Velasco, fue publicado por la revista internacional \u2018Synergies\u2019 que circula&#8230;<\/p>\n","protected":false},"author":482,"featured_media":19721,"comment_status":"open","ping_status":"closed","sticky":false,"template":"","format":"standard","meta":{"advanced_seo_description":"","jetpack_seo_html_title":"","jetpack_seo_noindex":false,"_jetpack_memberships_contains_paid_content":false,"footnotes":""},"categories":[15],"tags":[],"class_list":["post-19720","post","type-post","status-publish","format-standard","has-post-thumbnail","hentry","category-comunidad"],"jetpack_featured_media_url":"https:\/\/i0.wp.com\/eltrabajo.cl\/portal\/wp-content\/uploads\/2012\/06\/Hidalgo1.jpg?fit=600%2C548&ssl=1","jetpack_sharing_enabled":true,"jetpack_likes_enabled":true,"jetpack-related-posts":[],"_links":{"self":[{"href":"https:\/\/eltrabajo.cl\/portal\/wp-json\/wp\/v2\/posts\/19720","targetHints":{"allow":["GET"]}}],"collection":[{"href":"https:\/\/eltrabajo.cl\/portal\/wp-json\/wp\/v2\/posts"}],"about":[{"href":"https:\/\/eltrabajo.cl\/portal\/wp-json\/wp\/v2\/types\/post"}],"author":[{"embeddable":true,"href":"https:\/\/eltrabajo.cl\/portal\/wp-json\/wp\/v2\/users\/482"}],"replies":[{"embeddable":true,"href":"https:\/\/eltrabajo.cl\/portal\/wp-json\/wp\/v2\/comments?post=19720"}],"version-history":[{"count":0,"href":"https:\/\/eltrabajo.cl\/portal\/wp-json\/wp\/v2\/posts\/19720\/revisions"}],"wp:featuredmedia":[{"embeddable":true,"href":"https:\/\/eltrabajo.cl\/portal\/wp-json\/wp\/v2\/media\/19721"}],"wp:attachment":[{"href":"https:\/\/eltrabajo.cl\/portal\/wp-json\/wp\/v2\/media?parent=19720"}],"wp:term":[{"taxonomy":"category","embeddable":true,"href":"https:\/\/eltrabajo.cl\/portal\/wp-json\/wp\/v2\/categories?post=19720"},{"taxonomy":"post_tag","embeddable":true,"href":"https:\/\/eltrabajo.cl\/portal\/wp-json\/wp\/v2\/tags?post=19720"}],"curies":[{"name":"wp","href":"https:\/\/api.w.org\/{rel}","templated":true}]}}