{"id":19724,"date":"2012-06-21T09:36:05","date_gmt":"2012-06-21T13:36:05","guid":{"rendered":"http:\/\/www.eltrabajo.cl\/portal\/?p=19724"},"modified":"2012-06-21T09:36:05","modified_gmt":"2012-06-21T13:36:05","slug":"antisociales-ingresaron-a-carniceria-susaron-y-arrancaron-con-caja-registradora","status":"publish","type":"post","link":"https:\/\/eltrabajo.cl\/portal\/antisociales-ingresaron-a-carniceria-susaron-y-arrancaron-con-caja-registradora\/","title":{"rendered":"Antisociales ingresaron a carnicer\u00eda Susaron y arrancaron con caja registradora"},"content":{"rendered":"<figure id=\"attachment_19725\" aria-describedby=\"caption-attachment-19725\" style=\"width: 300px\" class=\"wp-caption alignleft\"><a href=\"http:\/\/www.eltrabajo.cl\/portal\/2012\/06\/antisociales-ingresaron-a-carniceria-susaron-y-arrancaron-con-caja-registradora\/cap-alfredo-castillo-1\/\" rel=\"attachment wp-att-19725\"><img data-recalc-dims=\"1\" loading=\"lazy\" decoding=\"async\" class=\"size-medium wp-image-19725\" title=\"cap alfredo castillo (1)\" src=\"https:\/\/i0.wp.com\/www.eltrabajo.cl\/portal\/wp-content\/uploads\/2012\/06\/cap-alfredo-castillo-1-300x225.jpg?resize=300%2C225\" alt=\"\" width=\"300\" height=\"225\" srcset=\"https:\/\/i0.wp.com\/eltrabajo.cl\/portal\/wp-content\/uploads\/2012\/06\/cap-alfredo-castillo-1.jpg?resize=300%2C225&amp;ssl=1 300w, https:\/\/i0.wp.com\/eltrabajo.cl\/portal\/wp-content\/uploads\/2012\/06\/cap-alfredo-castillo-1.jpg?resize=200%2C150&amp;ssl=1 200w, https:\/\/i0.wp.com\/eltrabajo.cl\/portal\/wp-content\/uploads\/2012\/06\/cap-alfredo-castillo-1.jpg?resize=150%2C112&amp;ssl=1 150w, https:\/\/i0.wp.com\/eltrabajo.cl\/portal\/wp-content\/uploads\/2012\/06\/cap-alfredo-castillo-1.jpg?resize=400%2C300&amp;ssl=1 400w, https:\/\/i0.wp.com\/eltrabajo.cl\/portal\/wp-content\/uploads\/2012\/06\/cap-alfredo-castillo-1.jpg?w=600&amp;ssl=1 600w\" sizes=\"auto, (max-width: 300px) 100vw, 300px\" \/><\/a><figcaption id=\"caption-attachment-19725\" class=\"wp-caption-text\">Los sujetos rompieron la cortina met\u00e1lica para ingresar al local, pero la alarma hizo que huyeran, llev\u00e1ndose la caja registradora que no conten\u00eda dinero, se\u00f1al\u00f3 el Capit\u00e1n Alfredo Castillo.<\/figcaption><\/figure>\n<p>La alarma que mantiene la carnicer\u00eda Susaron evit\u00f3 que dos antisociales ingresaran al local comercial para robar especies, los que se dieron a la fuga, no siendo encontrados por Carabineros.<\/p>\n<p>El hecho se registr\u00f3 alrededor de las 6 de la ma\u00f1ana, cuando dos sujetos, al parecer un hombre y una mujer, quienes manten\u00edan sus rostros tapados, ayudados por una herramienta que al parecer era un chuzo, rompieron los seguros de la cortina met\u00e1lica de la carnicer\u00eda para ingresar y sustraer productos, la que se ubica en la intersecci\u00f3n de las calles Merced y Traslavi\u00f1a.<\/p>\n<p>Sin embargo la alarma que mantiene el local comercial se activ\u00f3, lo que produjo que los antisociales abandonaran el lugar.<\/p>\n<p>El hecho fue registrado por las c\u00e1maras de televigilancia ubicadas en el centro de la comuna, las que dan cuenta del momento en que uno de los sujetos se devuelve y saca la caja registradora del local, la que fue abandonada unos metros m\u00e1s all\u00e1, al ver, seguramente, que no conten\u00eda dinero.<\/p>\n<p>La situaci\u00f3n fue comunicada a los encargados del local, quienes se\u00f1alaron que a pesar del ingreso de los sujetos, no faltaba nada dentro del local.<\/p>\n<p>\u201cTenemos conexi\u00f3n con la empresa de seguridad directamente con Carabineros y gracias a eso pudimos tener la informaci\u00f3n lo m\u00e1s r\u00e1pido posible\u201d, se\u00f1al\u00f3 el Capit\u00e1n Alfredo Castillo.<\/p>\n<p>Al llegar Carabineros al lugar s\u00f3lo encontraron la cortina da\u00f1ada, pero no hab\u00eda rastro de los antisociales, por lo que contin\u00faan las diligencias para dar con su paradero.<\/p>\n<p>&nbsp;<\/p>\n","protected":false},"excerpt":{"rendered":"<p>La alarma que mantiene la carnicer\u00eda Susaron evit\u00f3 que dos antisociales ingresaran al local comercial para robar especies, los que se dieron a la fuga, no siendo encontrados por Carabineros. El hecho&#8230;<\/p>\n","protected":false},"author":482,"featured_media":19725,"comment_status":"open","ping_status":"closed","sticky":false,"template":"","format":"standard","meta":{"advanced_seo_description":"","jetpack_seo_html_title":"","jetpack_seo_noindex":false,"_jetpack_memberships_contains_paid_content":false,"footnotes":""},"categories":[21],"tags":[],"class_list":["post-19724","post","type-post","status-publish","format-standard","has-post-thumbnail","hentry","category-policial"],"jetpack_featured_media_url":"https:\/\/i0.wp.com\/eltrabajo.cl\/portal\/wp-content\/uploads\/2012\/06\/cap-alfredo-castillo-1.jpg?fit=600%2C451&ssl=1","jetpack_sharing_enabled":true,"jetpack_likes_enabled":true,"jetpack-related-posts":[],"_links":{"self":[{"href":"https:\/\/eltrabajo.cl\/portal\/wp-json\/wp\/v2\/posts\/19724","targetHints":{"allow":["GET"]}}],"collection":[{"href":"https:\/\/eltrabajo.cl\/portal\/wp-json\/wp\/v2\/posts"}],"about":[{"href":"https:\/\/eltrabajo.cl\/portal\/wp-json\/wp\/v2\/types\/post"}],"author":[{"embeddable":true,"href":"https:\/\/eltrabajo.cl\/portal\/wp-json\/wp\/v2\/users\/482"}],"replies":[{"embeddable":true,"href":"https:\/\/eltrabajo.cl\/portal\/wp-json\/wp\/v2\/comments?post=19724"}],"version-history":[{"count":0,"href":"https:\/\/eltrabajo.cl\/portal\/wp-json\/wp\/v2\/posts\/19724\/revisions"}],"wp:featuredmedia":[{"embeddable":true,"href":"https:\/\/eltrabajo.cl\/portal\/wp-json\/wp\/v2\/media\/19725"}],"wp:attachment":[{"href":"https:\/\/eltrabajo.cl\/portal\/wp-json\/wp\/v2\/media?parent=19724"}],"wp:term":[{"taxonomy":"category","embeddable":true,"href":"https:\/\/eltrabajo.cl\/portal\/wp-json\/wp\/v2\/categories?post=19724"},{"taxonomy":"post_tag","embeddable":true,"href":"https:\/\/eltrabajo.cl\/portal\/wp-json\/wp\/v2\/tags?post=19724"}],"curies":[{"name":"wp","href":"https:\/\/api.w.org\/{rel}","templated":true}]}}