{"id":19728,"date":"2012-06-21T09:38:25","date_gmt":"2012-06-21T13:38:25","guid":{"rendered":"http:\/\/www.eltrabajo.cl\/portal\/?p=19728"},"modified":"2012-06-21T09:38:25","modified_gmt":"2012-06-21T13:38:25","slug":"tercer-robo-en-dos-semanas-dejo-perdidas-por-dos-millones-en-la-e-62","status":"publish","type":"post","link":"https:\/\/eltrabajo.cl\/portal\/tercer-robo-en-dos-semanas-dejo-perdidas-por-dos-millones-en-la-e-62\/","title":{"rendered":"Tercer robo en dos semanas dej\u00f3 p\u00e9rdidas por dos millones en la E-62"},"content":{"rendered":"<figure id=\"attachment_19729\" aria-describedby=\"caption-attachment-19729\" style=\"width: 600px\" class=\"wp-caption alignnone\"><a href=\"http:\/\/www.eltrabajo.cl\/portal\/2012\/06\/tercer-robo-en-dos-semanas-dejo-perdidas-por-dos-millones-en-la-e-62\/robo-escuela-san-martin-1\/\" rel=\"attachment wp-att-19729\"><img data-recalc-dims=\"1\" loading=\"lazy\" decoding=\"async\" class=\"size-full wp-image-19729\" title=\"robo escuela san martin (1)\" src=\"https:\/\/i0.wp.com\/www.eltrabajo.cl\/portal\/wp-content\/uploads\/2012\/06\/robo-escuela-san-martin-1.jpg?resize=600%2C450\" alt=\"\" width=\"600\" height=\"450\" srcset=\"https:\/\/i0.wp.com\/eltrabajo.cl\/portal\/wp-content\/uploads\/2012\/06\/robo-escuela-san-martin-1.jpg?w=600&amp;ssl=1 600w, https:\/\/i0.wp.com\/eltrabajo.cl\/portal\/wp-content\/uploads\/2012\/06\/robo-escuela-san-martin-1.jpg?resize=200%2C150&amp;ssl=1 200w, https:\/\/i0.wp.com\/eltrabajo.cl\/portal\/wp-content\/uploads\/2012\/06\/robo-escuela-san-martin-1.jpg?resize=300%2C225&amp;ssl=1 300w, https:\/\/i0.wp.com\/eltrabajo.cl\/portal\/wp-content\/uploads\/2012\/06\/robo-escuela-san-martin-1.jpg?resize=150%2C112&amp;ssl=1 150w, https:\/\/i0.wp.com\/eltrabajo.cl\/portal\/wp-content\/uploads\/2012\/06\/robo-escuela-san-martin-1.jpg?resize=400%2C300&amp;ssl=1 400w\" sizes=\"auto, (max-width: 600px) 100vw, 600px\" \/><\/a><figcaption id=\"caption-attachment-19729\" class=\"wp-caption-text\">Esta vez los antisociales rompieron las rejas y los vidrios de dos salas para robar los data show, que se suman a las pantallas y CPU sustra\u00eddas anteriormente.<\/figcaption><\/figure>\n<ul>\n<li><strong>Cuatro antisociales, entre ellos un menor de unos 8 a\u00f1os, ingresan a escuela Jos\u00e9 de San Mart\u00edn y roban datas<\/strong>.<\/li>\n<\/ul>\n<p>Esperando que el tercer robo que sufri\u00f3 la escuela Jos\u00e9 de San Mart\u00edn en la madrugada del domingo pasado, sea \u201cla \u00faltima y la vencida\u201d, enfrenta la situaci\u00f3n el Inspector general del establecimiento.<\/p>\n<p>Con un \u00e1nimo que denota preocupaci\u00f3n por los hechos que vienen ocurriendo hace unas semanas, el Inspector F\u00e9lix Castro se\u00f1al\u00f3 que esta vez los antisociales tuvieron el tiempo para romper las protecciones de dos salas, quebrar los vidrios y llevarse dos datas que estaban instalados en una estructura met\u00e1lica que colgaba del techo.<\/p>\n<p>Esta vez, a diferencia de las dos anteriores, los sujetos causaron destrozos para robar los data, que son utilizados todos los d\u00edas por los alumnos, robo que fue avaluado en total en unos dos millones de pesos.<\/p>\n<figure id=\"attachment_19730\" aria-describedby=\"caption-attachment-19730\" style=\"width: 300px\" class=\"wp-caption alignright\"><a href=\"http:\/\/www.eltrabajo.cl\/portal\/2012\/06\/tercer-robo-en-dos-semanas-dejo-perdidas-por-dos-millones-en-la-e-62\/felix-castro\/\" rel=\"attachment wp-att-19730\"><img data-recalc-dims=\"1\" loading=\"lazy\" decoding=\"async\" class=\"size-medium wp-image-19730\" title=\"felix castro\" src=\"https:\/\/i0.wp.com\/www.eltrabajo.cl\/portal\/wp-content\/uploads\/2012\/06\/felix-castro-300x225.jpg?resize=300%2C225\" alt=\"\" width=\"300\" height=\"225\" srcset=\"https:\/\/i0.wp.com\/eltrabajo.cl\/portal\/wp-content\/uploads\/2012\/06\/felix-castro.jpg?resize=300%2C225&amp;ssl=1 300w, https:\/\/i0.wp.com\/eltrabajo.cl\/portal\/wp-content\/uploads\/2012\/06\/felix-castro.jpg?resize=200%2C150&amp;ssl=1 200w, https:\/\/i0.wp.com\/eltrabajo.cl\/portal\/wp-content\/uploads\/2012\/06\/felix-castro.jpg?resize=150%2C112&amp;ssl=1 150w, https:\/\/i0.wp.com\/eltrabajo.cl\/portal\/wp-content\/uploads\/2012\/06\/felix-castro.jpg?resize=400%2C300&amp;ssl=1 400w, https:\/\/i0.wp.com\/eltrabajo.cl\/portal\/wp-content\/uploads\/2012\/06\/felix-castro.jpg?w=600&amp;ssl=1 600w\" sizes=\"auto, (max-width: 300px) 100vw, 300px\" \/><\/a><figcaption id=\"caption-attachment-19730\" class=\"wp-caption-text\">El inspector de la escuela, F\u00e9lix Castro, visiblemente afectado por la situaci\u00f3n, que significa dejar sin su material de trabajo a los alumnos.<\/figcaption><\/figure>\n<p>\u201cEs una preocupaci\u00f3n muy grande, porque todo lo que tenemos nos ha costado tanto obtenerlo, y que pr\u00e1cticamente tengamos que doblegarnos ante esta gente, por lo que hemos optado por sacar todos los elementos con los que los ni\u00f1os trabajan y ponerlos a resguardo en un lugar donde no tengan acceso, aparte de que en esta oportunidad destrozaron, rompieron las mallas, los vidrios, o sea ellos act\u00faan impunemente ac\u00e1 y no pasa nada, ya tres veces es el colmo\u201d, dijo el inspector.<\/p>\n<p>A todo esto se suma que los sujetos abrieron el techo del kiosco que est\u00e1 en el patio, desde donde robaron distintos productos, p\u00e9rdida que fue bastante significativa.<\/p>\n<p>El hecho, seg\u00fan el inspector, debi\u00f3 producirse pasadas las 2 de la madrugada, hora en que el auxiliar que vive en la escuela escuch\u00f3 la quebraz\u00f3n de vidrios y sali\u00f3 a ver de qu\u00e9 se trataba la situaci\u00f3n, alcanzando a ver a 4 sujetos, todos ellos j\u00f3venes, entre los que destacaba un ni\u00f1o de no m\u00e1s de 8 a\u00f1os.<\/p>\n<p>\u201cCreo que esta cuesti\u00f3n no tiene nombre, es como un abuso y aparte de que ellos se esconden en el anonimato, si nosotros pudi\u00e9ramos p\u00fablicamente repudiar esto frente a ellos, hoy d\u00eda las salas est\u00e1n llenas de rejas, parece que los ni\u00f1os estuvieran en la c\u00e1rcel, la gente decente tiene que estar encerrada, mientras los delincuentes andan en la calle\u201d, dijo visiblemente molesto y afectado el inspector.<\/p>\n<p>La situaci\u00f3n ha sido informada por Castro a las autoridades de educaci\u00f3n, a lo que se suma la petici\u00f3n de alarmas para la escuela, que por su construcci\u00f3n facilitar\u00eda el accionar de los antisociales, ya que es bastante abierta.<\/p>\n<p>&nbsp;<\/p>\n","protected":false},"excerpt":{"rendered":"<p>Cuatro antisociales, entre ellos un menor de unos 8 a\u00f1os, ingresan a escuela Jos\u00e9 de San Mart\u00edn y roban datas. Esperando que el tercer robo que sufri\u00f3 la escuela Jos\u00e9 de San&#8230;<\/p>\n","protected":false},"author":482,"featured_media":19729,"comment_status":"open","ping_status":"closed","sticky":false,"template":"","format":"standard","meta":{"advanced_seo_description":"","jetpack_seo_html_title":"","jetpack_seo_noindex":false,"_jetpack_memberships_contains_paid_content":false,"footnotes":""},"categories":[21],"tags":[],"class_list":["post-19728","post","type-post","status-publish","format-standard","has-post-thumbnail","hentry","category-policial"],"jetpack_featured_media_url":"https:\/\/i0.wp.com\/eltrabajo.cl\/portal\/wp-content\/uploads\/2012\/06\/robo-escuela-san-martin-1.jpg?fit=600%2C450&ssl=1","jetpack_sharing_enabled":true,"jetpack_likes_enabled":true,"jetpack-related-posts":[],"_links":{"self":[{"href":"https:\/\/eltrabajo.cl\/portal\/wp-json\/wp\/v2\/posts\/19728","targetHints":{"allow":["GET"]}}],"collection":[{"href":"https:\/\/eltrabajo.cl\/portal\/wp-json\/wp\/v2\/posts"}],"about":[{"href":"https:\/\/eltrabajo.cl\/portal\/wp-json\/wp\/v2\/types\/post"}],"author":[{"embeddable":true,"href":"https:\/\/eltrabajo.cl\/portal\/wp-json\/wp\/v2\/users\/482"}],"replies":[{"embeddable":true,"href":"https:\/\/eltrabajo.cl\/portal\/wp-json\/wp\/v2\/comments?post=19728"}],"version-history":[{"count":0,"href":"https:\/\/eltrabajo.cl\/portal\/wp-json\/wp\/v2\/posts\/19728\/revisions"}],"wp:featuredmedia":[{"embeddable":true,"href":"https:\/\/eltrabajo.cl\/portal\/wp-json\/wp\/v2\/media\/19729"}],"wp:attachment":[{"href":"https:\/\/eltrabajo.cl\/portal\/wp-json\/wp\/v2\/media?parent=19728"}],"wp:term":[{"taxonomy":"category","embeddable":true,"href":"https:\/\/eltrabajo.cl\/portal\/wp-json\/wp\/v2\/categories?post=19728"},{"taxonomy":"post_tag","embeddable":true,"href":"https:\/\/eltrabajo.cl\/portal\/wp-json\/wp\/v2\/tags?post=19728"}],"curies":[{"name":"wp","href":"https:\/\/api.w.org\/{rel}","templated":true}]}}