{"id":19733,"date":"2012-06-21T09:40:44","date_gmt":"2012-06-21T13:40:44","guid":{"rendered":"http:\/\/www.eltrabajo.cl\/portal\/?p=19733"},"modified":"2012-06-21T09:40:44","modified_gmt":"2012-06-21T13:40:44","slug":"le-robaron-e-incendiaron-su-casa-y-las-promesas-de-ayuda-nunca-llegaron","status":"publish","type":"post","link":"https:\/\/eltrabajo.cl\/portal\/le-robaron-e-incendiaron-su-casa-y-las-promesas-de-ayuda-nunca-llegaron\/","title":{"rendered":"Le robaron e incendiaron su casa y las promesas de ayuda nunca llegaron"},"content":{"rendered":"<figure id=\"attachment_19734\" aria-describedby=\"caption-attachment-19734\" style=\"width: 300px\" class=\"wp-caption alignleft\"><a href=\"http:\/\/www.eltrabajo.cl\/portal\/2012\/06\/le-robaron-e-incendiaron-su-casa-y-las-promesas-de-ayuda-nunca-llegaron\/victor-hugo-perez-nilo-1\/\" rel=\"attachment wp-att-19734\"><img data-recalc-dims=\"1\" loading=\"lazy\" decoding=\"async\" class=\"size-medium wp-image-19734\" title=\"V\u00edctor Hugo Perez Nilo  (1)\" src=\"https:\/\/i0.wp.com\/www.eltrabajo.cl\/portal\/wp-content\/uploads\/2012\/06\/V%C3%ADctor-Hugo-Perez-Nilo-1-300x225.jpg?resize=300%2C225\" alt=\"\" width=\"300\" height=\"225\" srcset=\"https:\/\/i0.wp.com\/eltrabajo.cl\/portal\/wp-content\/uploads\/2012\/06\/V%C3%ADctor-Hugo-Perez-Nilo-1.jpg?resize=300%2C225&amp;ssl=1 300w, https:\/\/i0.wp.com\/eltrabajo.cl\/portal\/wp-content\/uploads\/2012\/06\/V%C3%ADctor-Hugo-Perez-Nilo-1.jpg?resize=200%2C150&amp;ssl=1 200w, https:\/\/i0.wp.com\/eltrabajo.cl\/portal\/wp-content\/uploads\/2012\/06\/V%C3%ADctor-Hugo-Perez-Nilo-1.jpg?resize=150%2C112&amp;ssl=1 150w, https:\/\/i0.wp.com\/eltrabajo.cl\/portal\/wp-content\/uploads\/2012\/06\/V%C3%ADctor-Hugo-Perez-Nilo-1.jpg?resize=400%2C300&amp;ssl=1 400w, https:\/\/i0.wp.com\/eltrabajo.cl\/portal\/wp-content\/uploads\/2012\/06\/V%C3%ADctor-Hugo-Perez-Nilo-1.jpg?w=600&amp;ssl=1 600w\" sizes=\"auto, (max-width: 300px) 100vw, 300px\" \/><\/a><figcaption id=\"caption-attachment-19734\" class=\"wp-caption-text\">V\u00edctor Hugo se encuentra muy afectado y preocupado porque no tiene donde vivir, a pesar de que dice que las autoridades le ofrecieron ayuda cuando perdi\u00f3 todas sus cosas con el robo y el incendio.<\/figcaption><\/figure>\n<ul>\n<li><strong>El incendio ocurri\u00f3 el a\u00f1o pasado, en el marco de las protestas estudiantiles, cuando un grupo de sujetos le robaron sus pertenencias y le quemaron la casa en venganza por haber matado a un sujeto que, supuestamente, habr\u00eda apedreado junto a otros una botiller\u00eda perteneciente a un familiar el a\u00f1o 2009.<\/strong><\/li>\n<\/ul>\n<p>Hace unos meses y en el marco de las protestas estudiantiles que se desarrollaron el a\u00f1o 2011, un grupo de sujetos saque\u00f3 e incendi\u00f3 la casa de V\u00edctor Hugo P\u00e9rez Nilo, y aunque dice que las autoridades se acercaron para ofrecerle ayuda en ese momento, hasta la fecha no se ha concretado.<\/p>\n<p>La situaci\u00f3n tiene sumamente preocupado a V\u00edctor Hugo, ya que actualmente debe abandonar la casa de su hijo por algunas situaciones familiares, y no tiene donde quedarse, ya que con el incendio perdi\u00f3 todo lo que ten\u00eda.<\/p>\n<p>Sin embargo este caso comenz\u00f3 dos a\u00f1os antes, cuando V\u00edctor Hugo arrendaba un local en una vivienda en la calle Benigno Caldera y un d\u00eda un grupo de sujetos lo atac\u00f3. Viendo la cantidad de personas que se le acercaban a su local, el afectado sac\u00f3 una escopeta y dispar\u00f3 al l\u00edder de la banda, provocando su muerte.<\/p>\n<p>Ese hecho habr\u00eda generado la rabia de los sujetos, quienes tienen amenazados de muerte a los hijos de V\u00edctor Hugo, seg\u00fan comenta.<\/p>\n<p>Un a\u00f1o m\u00e1s tarde y durante una de las protestas estudiantiles que se registraron en la calle Benigno Caldera, un grupo de sujetos ingresaron y desvalijaron la casa donde viv\u00eda V\u00edctor Hugo, a la cual posteriormente le prendieron fuego.<\/p>\n<p>\u201cMe robaron la cama y todo lo que hab\u00eda, se llevaron hasta los wc, los lavatorios de pedestal y ahora me hicieron una demanda por 212 millones 465 mil pesos como indemnizaci\u00f3n para estas personas que fui asaltado. En ese tiempo ten\u00eda 69 a\u00f1os y meses y los tipos estos son hombres j\u00f3venes de unos 30 \u00f3 35 a\u00f1os\u201d.<\/p>\n<p>Lo que m\u00e1s complica a este hombre es que algunas autoridades le ofrecieron su ayuda y hasta la fecha no ha recibido nada. Ahora tiene que dejar la casa donde vive con su hijo, por algunas situaciones familiares, y se encuentra literalmente en la calle, seg\u00fan indica.<\/p>\n<p>\u201cMe ofrecieron un subsidio, yo les coment\u00e9 que hac\u00eda 29 a\u00f1os que estaba separado, tengo todos los papeles\u201d, indic\u00f3 el afectado.<\/p>\n<p>Tampoco ha tenido resultados de la investigaci\u00f3n para determinar a los responsables del incendio, aunque ha recurrido a todas las instancias, por ello la situaci\u00f3n lo tiene muy preocupado y s\u00f3lo espera que alguien lo ayude para poder obtener una casa a trav\u00e9s del subsidio, porque ha logrado reunir algo de dinero que destinar\u00e1 para contar con un lugar donde vivir.<\/p>\n<p>&nbsp;<\/p>\n","protected":false},"excerpt":{"rendered":"<p>El incendio ocurri\u00f3 el a\u00f1o pasado, en el marco de las protestas estudiantiles, cuando un grupo de sujetos le robaron sus pertenencias y le quemaron la casa en venganza por haber matado&#8230;<\/p>\n","protected":false},"author":482,"featured_media":19734,"comment_status":"open","ping_status":"closed","sticky":false,"template":"","format":"standard","meta":{"advanced_seo_description":"","jetpack_seo_html_title":"","jetpack_seo_noindex":false,"_jetpack_memberships_contains_paid_content":false,"footnotes":""},"categories":[1],"tags":[],"class_list":["post-19733","post","type-post","status-publish","format-standard","has-post-thumbnail","hentry","category-cronica"],"jetpack_featured_media_url":"https:\/\/i0.wp.com\/eltrabajo.cl\/portal\/wp-content\/uploads\/2012\/06\/V%C3%ADctor-Hugo-Perez-Nilo-1.jpg?fit=600%2C450&ssl=1","jetpack_sharing_enabled":true,"jetpack_likes_enabled":true,"jetpack-related-posts":[],"_links":{"self":[{"href":"https:\/\/eltrabajo.cl\/portal\/wp-json\/wp\/v2\/posts\/19733","targetHints":{"allow":["GET"]}}],"collection":[{"href":"https:\/\/eltrabajo.cl\/portal\/wp-json\/wp\/v2\/posts"}],"about":[{"href":"https:\/\/eltrabajo.cl\/portal\/wp-json\/wp\/v2\/types\/post"}],"author":[{"embeddable":true,"href":"https:\/\/eltrabajo.cl\/portal\/wp-json\/wp\/v2\/users\/482"}],"replies":[{"embeddable":true,"href":"https:\/\/eltrabajo.cl\/portal\/wp-json\/wp\/v2\/comments?post=19733"}],"version-history":[{"count":0,"href":"https:\/\/eltrabajo.cl\/portal\/wp-json\/wp\/v2\/posts\/19733\/revisions"}],"wp:featuredmedia":[{"embeddable":true,"href":"https:\/\/eltrabajo.cl\/portal\/wp-json\/wp\/v2\/media\/19734"}],"wp:attachment":[{"href":"https:\/\/eltrabajo.cl\/portal\/wp-json\/wp\/v2\/media?parent=19733"}],"wp:term":[{"taxonomy":"category","embeddable":true,"href":"https:\/\/eltrabajo.cl\/portal\/wp-json\/wp\/v2\/categories?post=19733"},{"taxonomy":"post_tag","embeddable":true,"href":"https:\/\/eltrabajo.cl\/portal\/wp-json\/wp\/v2\/tags?post=19733"}],"curies":[{"name":"wp","href":"https:\/\/api.w.org\/{rel}","templated":true}]}}