{"id":19737,"date":"2012-06-21T09:46:52","date_gmt":"2012-06-21T13:46:52","guid":{"rendered":"http:\/\/www.eltrabajo.cl\/portal\/?p=19737"},"modified":"2012-06-21T09:46:52","modified_gmt":"2012-06-21T13:46:52","slug":"padre-de-nicolas-relato-la-confesion-de-su-hijo-despues-del-crimen","status":"publish","type":"post","link":"https:\/\/eltrabajo.cl\/portal\/padre-de-nicolas-relato-la-confesion-de-su-hijo-despues-del-crimen\/","title":{"rendered":"Padre de Nicol\u00e1s relat\u00f3 la confesi\u00f3n de su hijo despu\u00e9s del crimen"},"content":{"rendered":"<figure id=\"attachment_19738\" aria-describedby=\"caption-attachment-19738\" style=\"width: 300px\" class=\"wp-caption alignleft\"><a href=\"http:\/\/www.eltrabajo.cl\/portal\/2012\/06\/padre-de-nicolas-relato-la-confesion-de-su-hijo-despues-del-crimen\/jaime-gonzalez\/\" rel=\"attachment wp-att-19738\"><img data-recalc-dims=\"1\" loading=\"lazy\" decoding=\"async\" class=\"size-medium wp-image-19738\" title=\"Jaime Gonzalez\" src=\"https:\/\/i0.wp.com\/www.eltrabajo.cl\/portal\/wp-content\/uploads\/2012\/06\/Jaime-Gonzalez-300x169.jpg?resize=300%2C169\" alt=\"\" width=\"300\" height=\"169\" srcset=\"https:\/\/i0.wp.com\/eltrabajo.cl\/portal\/wp-content\/uploads\/2012\/06\/Jaime-Gonzalez.jpg?resize=300%2C169&amp;ssl=1 300w, https:\/\/i0.wp.com\/eltrabajo.cl\/portal\/wp-content\/uploads\/2012\/06\/Jaime-Gonzalez.jpg?resize=200%2C112&amp;ssl=1 200w, https:\/\/i0.wp.com\/eltrabajo.cl\/portal\/wp-content\/uploads\/2012\/06\/Jaime-Gonzalez.jpg?resize=150%2C84&amp;ssl=1 150w, https:\/\/i0.wp.com\/eltrabajo.cl\/portal\/wp-content\/uploads\/2012\/06\/Jaime-Gonzalez.jpg?resize=400%2C225&amp;ssl=1 400w, https:\/\/i0.wp.com\/eltrabajo.cl\/portal\/wp-content\/uploads\/2012\/06\/Jaime-Gonzalez.jpg?w=600&amp;ssl=1 600w\" sizes=\"auto, (max-width: 300px) 100vw, 300px\" \/><\/a><figcaption id=\"caption-attachment-19738\" class=\"wp-caption-text\">Jaime Gonz\u00e1lez, padre de Nicol\u00e1s, con mucha tristeza record\u00f3 el d\u00eda de los hechos cuando su hijo le confes\u00f3 su crimen.<\/figcaption><\/figure>\n<p>Pablo Salinas Sald\u00edas &#8211; psalinas@eltrabajo.cl<\/p>\n<p>Con profunda tristeza subi\u00f3 al estrado Jaime Gonz\u00e1lez, padre de Nicol\u00e1s, quien present\u00f3 su testimonio ante el Tribunal recordando el d\u00eda de los hechos, cuando su hijo le confes\u00f3 el crimen que hab\u00eda cometido minutos antes, cuando lleg\u00f3 hasta su vivienda para ducharse y contarle en breves palabras lo sucedido.<\/p>\n<p>Muy emocionado Jaime se\u00f1ala que aquel d\u00eda se alistaba para viajar a la ciudad de Valpara\u00edso, instantes en que Nicol\u00e1s lleg\u00f3 hasta la casa para darse una ducha y confesarle su crimen: \u201c\u2018Pap\u00e1, tengo que hablar algo muy importante contigo\u2019, me sent\u00e9 en el sill\u00f3n y me dice: \u2018Pap\u00e1, mat\u00e9 a la Tamara\u2019\u2026 fue un golpe tremendo para m\u00ed, pens\u00e9 que era una broma de mal gusto, c\u00f3mo se le ocurre decirme esa tontera tan grave\u201d, recuerda el hombre de 60 a\u00f1os.<\/p>\n<figure id=\"attachment_19739\" aria-describedby=\"caption-attachment-19739\" style=\"width: 300px\" class=\"wp-caption alignright\"><a href=\"http:\/\/www.eltrabajo.cl\/portal\/2012\/06\/padre-de-nicolas-relato-la-confesion-de-su-hijo-despues-del-crimen\/jerti-barra\/\" rel=\"attachment wp-att-19739\"><img data-recalc-dims=\"1\" loading=\"lazy\" decoding=\"async\" class=\"size-medium wp-image-19739\" title=\"Jerti Barra\" src=\"https:\/\/i0.wp.com\/www.eltrabajo.cl\/portal\/wp-content\/uploads\/2012\/06\/Jerti-Barra-300x265.jpg?resize=300%2C265\" alt=\"\" width=\"300\" height=\"265\" srcset=\"https:\/\/i0.wp.com\/eltrabajo.cl\/portal\/wp-content\/uploads\/2012\/06\/Jerti-Barra.jpg?resize=300%2C265&amp;ssl=1 300w, https:\/\/i0.wp.com\/eltrabajo.cl\/portal\/wp-content\/uploads\/2012\/06\/Jerti-Barra.jpg?resize=169%2C150&amp;ssl=1 169w, https:\/\/i0.wp.com\/eltrabajo.cl\/portal\/wp-content\/uploads\/2012\/06\/Jerti-Barra.jpg?resize=150%2C132&amp;ssl=1 150w, https:\/\/i0.wp.com\/eltrabajo.cl\/portal\/wp-content\/uploads\/2012\/06\/Jerti-Barra.jpg?resize=400%2C353&amp;ssl=1 400w, https:\/\/i0.wp.com\/eltrabajo.cl\/portal\/wp-content\/uploads\/2012\/06\/Jerti-Barra.jpg?w=600&amp;ssl=1 600w\" sizes=\"auto, (max-width: 300px) 100vw, 300px\" \/><\/a><figcaption id=\"caption-attachment-19739\" class=\"wp-caption-text\">Jerti Barra, amiga de Tamara y Nicol\u00e1s, se entrevist\u00f3 el d\u00eda anterior con el imputado, a quien not\u00f3 extra\u00f1o, diciendo cosas raras.<\/figcaption><\/figure>\n<p><strong>\u201cA golpes no se mata a nadie\u201d<\/strong><\/p>\n<p>Gonz\u00e1lez recuerda que Nicol\u00e1s se hinc\u00f3 y le pidi\u00f3 ayuda para huir, dirigi\u00e9ndose hasta la comuna de Catemu donde se entrevistaron con un cu\u00f1ado, quien les manifest\u00f3 que \u201ca golpes no se mata a nadie\u201d, desconociendo los detalles de lo sucedido dado que Nicol\u00e1s s\u00f3lo les mencion\u00f3 que hab\u00eda sostenido una discusi\u00f3n con la muchacha, quien aprovech\u00f3 el lugar para deshacerse de las prendas de vestir, las que arroj\u00f3 en una bolsa en un sector del R\u00edo Aconcagua.<\/p>\n<p>Seg\u00fan la declaraci\u00f3n de Jaime Gonz\u00e1lez, los tres se trasladaron hasta la vivienda de Tamara, donde pretend\u00edan comprobar lo sucedido, encontr\u00e1ndose en el camino, en Maip\u00fa con O\u2019Higgins, con un furg\u00f3n de Carabineros, a quienes confiesan lo sucedido dirigi\u00e9ndose a casa de Tamara, donde llegan y adoptan el procedimiento alrededor de las 17:30 horas del pasado 6 de noviembre del 2011. \u201cCuando Carabineros entr\u00f3 al domicilio y salieron, Nicol\u00e1s se separa de mi lado y sin decirme nada estira las manos para que le pusieran las esposas\u201d, a\u00f1adi\u00f3 Jaime.<\/p>\n<figure id=\"attachment_19741\" aria-describedby=\"caption-attachment-19741\" style=\"width: 300px\" class=\"wp-caption alignleft\"><a href=\"http:\/\/www.eltrabajo.cl\/portal\/2012\/06\/padre-de-nicolas-relato-la-confesion-de-su-hijo-despues-del-crimen\/sgto-raul-oyarzo-2\/\" rel=\"attachment wp-att-19741\"><img data-recalc-dims=\"1\" loading=\"lazy\" decoding=\"async\" class=\"size-medium wp-image-19741\" title=\"Sgto. Raul Oyarzo\" src=\"https:\/\/i0.wp.com\/www.eltrabajo.cl\/portal\/wp-content\/uploads\/2012\/06\/Sgto.-Raul-Oyarzo1-300x169.jpg?resize=300%2C169\" alt=\"\" width=\"300\" height=\"169\" srcset=\"https:\/\/i0.wp.com\/eltrabajo.cl\/portal\/wp-content\/uploads\/2012\/06\/Sgto.-Raul-Oyarzo1.jpg?resize=300%2C169&amp;ssl=1 300w, https:\/\/i0.wp.com\/eltrabajo.cl\/portal\/wp-content\/uploads\/2012\/06\/Sgto.-Raul-Oyarzo1.jpg?resize=200%2C112&amp;ssl=1 200w, https:\/\/i0.wp.com\/eltrabajo.cl\/portal\/wp-content\/uploads\/2012\/06\/Sgto.-Raul-Oyarzo1.jpg?resize=150%2C84&amp;ssl=1 150w, https:\/\/i0.wp.com\/eltrabajo.cl\/portal\/wp-content\/uploads\/2012\/06\/Sgto.-Raul-Oyarzo1.jpg?resize=400%2C225&amp;ssl=1 400w, https:\/\/i0.wp.com\/eltrabajo.cl\/portal\/wp-content\/uploads\/2012\/06\/Sgto.-Raul-Oyarzo1.jpg?w=600&amp;ssl=1 600w\" sizes=\"auto, (max-width: 300px) 100vw, 300px\" \/><\/a><figcaption id=\"caption-attachment-19741\" class=\"wp-caption-text\">El Sargento 2\u00ba de Carabineros, Ra\u00fal Oyarzo, encontr\u00f3 el cuerpo golpeado de Tamara tendido en el suelo.<\/figcaption><\/figure>\n<p>Por su parte, los funcionarios policiales que hallaron el cuerpo de Tamara, prestaron su declaraci\u00f3n ante el Tribunal: \u201cLa encontramos tendida en el suelo y golpeada, con muchas heridas en el rostro cubierto de sangre\u201d, puntualiz\u00f3 el Sargento 2\u00ba Ra\u00fal Oyarzo.<\/p>\n<p>De igual forma el Cabo 2\u00ba Humberto V\u00e9liz entreg\u00f3 su testimonio diciendo: \u201cEl cuerpo estaba fr\u00edo, la sangre seca, Nicol\u00e1s estaba s\u00f3lo en el antejard\u00edn, \u00e9l nos abri\u00f3 la puerta porque manten\u00eda una llave\u201d, sostuvo el funcionario policial.<\/p>\n<p><strong>\u201cTu lado malo tambi\u00e9n cambia\u201d<\/strong><\/p>\n<figure id=\"attachment_19742\" aria-describedby=\"caption-attachment-19742\" style=\"width: 300px\" class=\"wp-caption alignright\"><a href=\"http:\/\/www.eltrabajo.cl\/portal\/2012\/06\/padre-de-nicolas-relato-la-confesion-de-su-hijo-despues-del-crimen\/cabo-humberto-alfaro\/\" rel=\"attachment wp-att-19742\"><img data-recalc-dims=\"1\" loading=\"lazy\" decoding=\"async\" class=\"size-medium wp-image-19742\" title=\"Cabo Humberto Alfaro\" src=\"https:\/\/i0.wp.com\/www.eltrabajo.cl\/portal\/wp-content\/uploads\/2012\/06\/Cabo-Humberto-Alfaro-300x169.jpg?resize=300%2C169\" alt=\"\" width=\"300\" height=\"169\" srcset=\"https:\/\/i0.wp.com\/eltrabajo.cl\/portal\/wp-content\/uploads\/2012\/06\/Cabo-Humberto-Alfaro.jpg?resize=300%2C169&amp;ssl=1 300w, https:\/\/i0.wp.com\/eltrabajo.cl\/portal\/wp-content\/uploads\/2012\/06\/Cabo-Humberto-Alfaro.jpg?resize=200%2C112&amp;ssl=1 200w, https:\/\/i0.wp.com\/eltrabajo.cl\/portal\/wp-content\/uploads\/2012\/06\/Cabo-Humberto-Alfaro.jpg?resize=150%2C84&amp;ssl=1 150w, https:\/\/i0.wp.com\/eltrabajo.cl\/portal\/wp-content\/uploads\/2012\/06\/Cabo-Humberto-Alfaro.jpg?resize=400%2C225&amp;ssl=1 400w, https:\/\/i0.wp.com\/eltrabajo.cl\/portal\/wp-content\/uploads\/2012\/06\/Cabo-Humberto-Alfaro.jpg?w=600&amp;ssl=1 600w\" sizes=\"auto, (max-width: 300px) 100vw, 300px\" \/><\/a><figcaption id=\"caption-attachment-19742\" class=\"wp-caption-text\">El Cabo 2\u00ba de Carabineros, Humberto Alfaro, se\u00f1al\u00f3: \u201cEl cuerpo estaba fr\u00edo y la sangre seca\u201d.<\/figcaption><\/figure>\n<p>Durante el desarrollo del juicio subi\u00f3 al estrado una amiga de Tamara y Nicol\u00e1s, quien declar\u00f3 haberse entrevistado con el imputado el d\u00eda anterior del crimen: \u201c\u00c9l fue a mi lugar de trabajo, lo notaba extra\u00f1o, dec\u00eda cosas raras, me dijo: \u2018cuando t\u00fa cambias, tu lado malo tambi\u00e9n cambia\u2019\u201d, agreg\u00f3 Jerti Barra.<\/p>\n<p>Sin embargo, los prop\u00f3sitos que expondr\u00eda la Defensa ante el Tribunal en los alegatos de clausura, es la irreprochable conducta anterior del imputado, la entrega inmediata a Carabineros y la colaboraci\u00f3n sustancial de la investigaci\u00f3n del caso, atenuantes que podr\u00edan ser considerados por el Tribunal Oral a la hora de dictar una condena, la que podr\u00eda ser m\u00e1s baja a la solicitada por el Ministerio P\u00fablico de Presidio Perpetuo Simple.<\/p>\n<p>&nbsp;<\/p>\n","protected":false},"excerpt":{"rendered":"<p>Pablo Salinas Sald\u00edas &#8211; psalinas@eltrabajo.cl Con profunda tristeza subi\u00f3 al estrado Jaime Gonz\u00e1lez, padre de Nicol\u00e1s, quien present\u00f3 su testimonio ante el Tribunal recordando el d\u00eda de los hechos, cuando su hijo&#8230;<\/p>\n","protected":false},"author":482,"featured_media":19738,"comment_status":"open","ping_status":"closed","sticky":false,"template":"","format":"standard","meta":{"advanced_seo_description":"","jetpack_seo_html_title":"","jetpack_seo_noindex":false,"_jetpack_memberships_contains_paid_content":false,"footnotes":""},"categories":[21],"tags":[],"class_list":["post-19737","post","type-post","status-publish","format-standard","has-post-thumbnail","hentry","category-policial"],"jetpack_featured_media_url":"https:\/\/i0.wp.com\/eltrabajo.cl\/portal\/wp-content\/uploads\/2012\/06\/Jaime-Gonzalez.jpg?fit=600%2C338&ssl=1","jetpack_sharing_enabled":true,"jetpack_likes_enabled":true,"jetpack-related-posts":[],"_links":{"self":[{"href":"https:\/\/eltrabajo.cl\/portal\/wp-json\/wp\/v2\/posts\/19737","targetHints":{"allow":["GET"]}}],"collection":[{"href":"https:\/\/eltrabajo.cl\/portal\/wp-json\/wp\/v2\/posts"}],"about":[{"href":"https:\/\/eltrabajo.cl\/portal\/wp-json\/wp\/v2\/types\/post"}],"author":[{"embeddable":true,"href":"https:\/\/eltrabajo.cl\/portal\/wp-json\/wp\/v2\/users\/482"}],"replies":[{"embeddable":true,"href":"https:\/\/eltrabajo.cl\/portal\/wp-json\/wp\/v2\/comments?post=19737"}],"version-history":[{"count":0,"href":"https:\/\/eltrabajo.cl\/portal\/wp-json\/wp\/v2\/posts\/19737\/revisions"}],"wp:featuredmedia":[{"embeddable":true,"href":"https:\/\/eltrabajo.cl\/portal\/wp-json\/wp\/v2\/media\/19738"}],"wp:attachment":[{"href":"https:\/\/eltrabajo.cl\/portal\/wp-json\/wp\/v2\/media?parent=19737"}],"wp:term":[{"taxonomy":"category","embeddable":true,"href":"https:\/\/eltrabajo.cl\/portal\/wp-json\/wp\/v2\/categories?post=19737"},{"taxonomy":"post_tag","embeddable":true,"href":"https:\/\/eltrabajo.cl\/portal\/wp-json\/wp\/v2\/tags?post=19737"}],"curies":[{"name":"wp","href":"https:\/\/api.w.org\/{rel}","templated":true}]}}