{"id":19758,"date":"2012-06-22T10:22:44","date_gmt":"2012-06-22T14:22:44","guid":{"rendered":"http:\/\/www.eltrabajo.cl\/portal\/?p=19758"},"modified":"2012-06-22T10:33:03","modified_gmt":"2012-06-22T14:33:03","slug":"lleva-diez-anos-fabricando-productos-naturales-para-la-salud-y-belleza","status":"publish","type":"post","link":"https:\/\/eltrabajo.cl\/portal\/lleva-diez-anos-fabricando-productos-naturales-para-la-salud-y-belleza\/","title":{"rendered":"Lleva diez a\u00f1os fabricando productos naturales para la salud y belleza"},"content":{"rendered":"<figure id=\"attachment_19760\" aria-describedby=\"caption-attachment-19760\" style=\"width: 600px\" class=\"wp-caption alignnone\"><a href=\"http:\/\/www.eltrabajo.cl\/portal\/2012\/06\/lleva-diez-anos-fabricando-productos-naturales-para-la-salud-y-belleza\/lucia1\/\" rel=\"attachment wp-att-19760\"><img data-recalc-dims=\"1\" loading=\"lazy\" decoding=\"async\" class=\"size-full wp-image-19760\" title=\"Luc\u00eda1\" src=\"https:\/\/i0.wp.com\/www.eltrabajo.cl\/portal\/wp-content\/uploads\/2012\/06\/Luc%C3%ADa1.jpg?resize=600%2C450\" alt=\"\" width=\"600\" height=\"450\" srcset=\"https:\/\/i0.wp.com\/eltrabajo.cl\/portal\/wp-content\/uploads\/2012\/06\/Luc%C3%ADa1.jpg?w=600&amp;ssl=1 600w, https:\/\/i0.wp.com\/eltrabajo.cl\/portal\/wp-content\/uploads\/2012\/06\/Luc%C3%ADa1.jpg?resize=200%2C150&amp;ssl=1 200w, https:\/\/i0.wp.com\/eltrabajo.cl\/portal\/wp-content\/uploads\/2012\/06\/Luc%C3%ADa1.jpg?resize=300%2C225&amp;ssl=1 300w, https:\/\/i0.wp.com\/eltrabajo.cl\/portal\/wp-content\/uploads\/2012\/06\/Luc%C3%ADa1.jpg?resize=150%2C112&amp;ssl=1 150w, https:\/\/i0.wp.com\/eltrabajo.cl\/portal\/wp-content\/uploads\/2012\/06\/Luc%C3%ADa1.jpg?resize=400%2C300&amp;ssl=1 400w\" sizes=\"auto, (max-width: 600px) 100vw, 600px\" \/><\/a><figcaption id=\"caption-attachment-19760\" class=\"wp-caption-text\">Si no la conoc\u00edas, ahora s\u00ed la podr\u00e1s identificar cuando en alguna feria, Luc\u00eda Bugue\u00f1o te ofrezca sus productos naturales para la familia.<\/figcaption><\/figure>\n<p>Roberto Gonz\u00e1lez Short &#8211; <a href=\"mailto:rgonzalez@eltrabajo.cl\">rgonzalez@eltrabajo.cl<\/a><\/p>\n<p>Como consumidores bien domesticados que somos en su mayor\u00eda, luego de ver el mejor comercial de jabones y shampoo por televisi\u00f3n, con despampanantes modelos y ni\u00f1os con cara de \u00e1ngel; s\u00f3lo cuando nos dejamos \u2018convencer\u2019 de los poderes casi m\u00e1gicos de un producto de higiene personal, es que nos decidimos a comprarlo y darle uso.<\/p>\n<p>Es as\u00ed como las grandes compa\u00f1\u00edas \u2018nos meten\u2019 sus productos y manipulan casi todas nuestras decisiones y gustos de compra, a\u00fan as\u00ed, en Diario El Trabajo buscamos hoy compartir la historia de una artesana sanfelipe\u00f1a que, desde hace diez a\u00f1os fabrica jabones; cremas para el cuerpo; ung\u00fcentos para aliviar dolencias y aceites para la calvicie, todos estos productos elaborados a base de ingredientes naturales de gran pureza.<\/p>\n<p><strong>AMPLIA EXPERIENCIA<\/strong><\/p>\n<div class=\"mceTemp\">\n<dl id=\"attachment_19763\" class=\"wp-caption alignright\" style=\"width: 310px;\">\n<dt class=\"wp-caption-dt\"><a href=\"http:\/\/www.eltrabajo.cl\/portal\/2012\/06\/lleva-diez-anos-fabricando-productos-naturales-para-la-salud-y-belleza\/productos2\/\" rel=\"attachment wp-att-19763\"><img data-recalc-dims=\"1\" loading=\"lazy\" decoding=\"async\" class=\"size-medium wp-image-19763\" title=\"Productos2\" src=\"https:\/\/i0.wp.com\/www.eltrabajo.cl\/portal\/wp-content\/uploads\/2012\/06\/Productos2-300x225.jpg?resize=300%2C225\" alt=\"\" width=\"300\" height=\"225\" srcset=\"https:\/\/i0.wp.com\/eltrabajo.cl\/portal\/wp-content\/uploads\/2012\/06\/Productos2.jpg?resize=300%2C225&amp;ssl=1 300w, https:\/\/i0.wp.com\/eltrabajo.cl\/portal\/wp-content\/uploads\/2012\/06\/Productos2.jpg?resize=200%2C150&amp;ssl=1 200w, https:\/\/i0.wp.com\/eltrabajo.cl\/portal\/wp-content\/uploads\/2012\/06\/Productos2.jpg?resize=150%2C112&amp;ssl=1 150w, https:\/\/i0.wp.com\/eltrabajo.cl\/portal\/wp-content\/uploads\/2012\/06\/Productos2.jpg?resize=400%2C300&amp;ssl=1 400w, https:\/\/i0.wp.com\/eltrabajo.cl\/portal\/wp-content\/uploads\/2012\/06\/Productos2.jpg?w=600&amp;ssl=1 600w\" sizes=\"auto, (max-width: 300px) 100vw, 300px\" \/><\/a><\/dt>\n<dd class=\"wp-caption-dd\">Esta es una peque\u00f1a muestra de los jabones y cremas para el cuerpo que Luc\u00eda Bugue\u00f1o fabrica para ofrecer m\u00e1s salud y menos qu\u00edmicos para el cuerpo. Su Fono es: 9001 3030.<\/dd>\n<\/dl>\n<p>\u201cHace muchos a\u00f1os, cuando estaban regalando propiedades en la comunidad de Campo de Jahuel y yo estaba embarazada de mi hijo, me fui con mi esposo a vivir a ese lugar. Al tiempo hice amistades y me ense\u00f1aron c\u00f3mo elaborar remedios caseros y naturales para combatir males comunes de la familia\u201d, relata Luc\u00eda Bugue\u00f1o, artesana y fabricante de jabones y esencias.<\/p><\/div>\n<p>Seg\u00fan refiere Bugue\u00f1o, ella fue aprendiendo mucho sobre remedios caseros durante los siguientes 20 a\u00f1os, ya con toda esa experiencia, a principios de 2001 inici\u00f3 la fabricaci\u00f3n de sus productos en San Felipe, en donde a\u00fan los vende con gran aceptaci\u00f3n en el mercado regional.<\/p>\n<p>\u201cRegularmente me invitan a las escuelas y lugares p\u00fablicos para que yo comparta charlas sobre Medicina Natural y tambi\u00e9n para que venda mis productos, participo en ferias artesanales en todo el valle y con lo que me gano, ayudo a mi familia al sostenimiento de la misma\u201d, agreg\u00f3 Luc\u00eda.<\/p>\n<p>Entre los productos m\u00e1s cotizados de esta peque\u00f1a empresaria, se encuentran los tratamientos de Flor de Piretro, el mismo funciona como insecticida natural para piojos, pulgas y otros que atacan la salud humana. Bugue\u00f1o inform\u00f3 a Diario El Trabajo, que el Aceite de Marrubio es un producto que ayuda mucho para estimular el crecimiento del cabello.<\/p>\n<p>&nbsp;<\/p>\n","protected":false},"excerpt":{"rendered":"<p>Roberto Gonz\u00e1lez Short &#8211; rgonzalez@eltrabajo.cl Como consumidores bien domesticados que somos en su mayor\u00eda, luego de ver el mejor comercial de jabones y shampoo por televisi\u00f3n, con despampanantes modelos y ni\u00f1os con&#8230;<\/p>\n","protected":false},"author":482,"featured_media":19760,"comment_status":"open","ping_status":"closed","sticky":false,"template":"","format":"standard","meta":{"advanced_seo_description":"","jetpack_seo_html_title":"","jetpack_seo_noindex":false,"_jetpack_memberships_contains_paid_content":false,"footnotes":""},"categories":[15],"tags":[],"class_list":["post-19758","post","type-post","status-publish","format-standard","has-post-thumbnail","hentry","category-comunidad"],"jetpack_featured_media_url":"https:\/\/i0.wp.com\/eltrabajo.cl\/portal\/wp-content\/uploads\/2012\/06\/Luc%C3%ADa1.jpg?fit=600%2C450&ssl=1","jetpack_sharing_enabled":true,"jetpack_likes_enabled":true,"jetpack-related-posts":[],"_links":{"self":[{"href":"https:\/\/eltrabajo.cl\/portal\/wp-json\/wp\/v2\/posts\/19758","targetHints":{"allow":["GET"]}}],"collection":[{"href":"https:\/\/eltrabajo.cl\/portal\/wp-json\/wp\/v2\/posts"}],"about":[{"href":"https:\/\/eltrabajo.cl\/portal\/wp-json\/wp\/v2\/types\/post"}],"author":[{"embeddable":true,"href":"https:\/\/eltrabajo.cl\/portal\/wp-json\/wp\/v2\/users\/482"}],"replies":[{"embeddable":true,"href":"https:\/\/eltrabajo.cl\/portal\/wp-json\/wp\/v2\/comments?post=19758"}],"version-history":[{"count":0,"href":"https:\/\/eltrabajo.cl\/portal\/wp-json\/wp\/v2\/posts\/19758\/revisions"}],"wp:featuredmedia":[{"embeddable":true,"href":"https:\/\/eltrabajo.cl\/portal\/wp-json\/wp\/v2\/media\/19760"}],"wp:attachment":[{"href":"https:\/\/eltrabajo.cl\/portal\/wp-json\/wp\/v2\/media?parent=19758"}],"wp:term":[{"taxonomy":"category","embeddable":true,"href":"https:\/\/eltrabajo.cl\/portal\/wp-json\/wp\/v2\/categories?post=19758"},{"taxonomy":"post_tag","embeddable":true,"href":"https:\/\/eltrabajo.cl\/portal\/wp-json\/wp\/v2\/tags?post=19758"}],"curies":[{"name":"wp","href":"https:\/\/api.w.org\/{rel}","templated":true}]}}