{"id":19767,"date":"2012-06-22T10:34:37","date_gmt":"2012-06-22T14:34:37","guid":{"rendered":"http:\/\/www.eltrabajo.cl\/portal\/?p=19767"},"modified":"2012-06-22T10:34:37","modified_gmt":"2012-06-22T14:34:37","slug":"plan-regulador-se-encuentra-en-etapa-de-presentacion-de-propuestas","status":"publish","type":"post","link":"https:\/\/eltrabajo.cl\/portal\/plan-regulador-se-encuentra-en-etapa-de-presentacion-de-propuestas\/","title":{"rendered":"Plan Regulador se encuentra en etapa de presentaci\u00f3n de propuestas"},"content":{"rendered":"<div class=\"mceTemp\">\n<dl id=\"attachment_19768\" class=\"wp-caption alignleft\" style=\"width: 310px;\">\n<dt class=\"wp-caption-dt\"><a href=\"http:\/\/www.eltrabajo.cl\/portal\/2012\/06\/plan-regulador-se-encuentra-en-etapa-de-presentacion-de-propuestas\/claudio-diaz-3\/\" rel=\"attachment wp-att-19768\"><img data-recalc-dims=\"1\" loading=\"lazy\" decoding=\"async\" class=\"size-medium wp-image-19768\" title=\"Claudio D\u00edaz\" src=\"https:\/\/i0.wp.com\/www.eltrabajo.cl\/portal\/wp-content\/uploads\/2012\/06\/Claudio-D%C3%ADaz-300x225.jpg?resize=300%2C225\" alt=\"\" width=\"300\" height=\"225\" srcset=\"https:\/\/i0.wp.com\/eltrabajo.cl\/portal\/wp-content\/uploads\/2012\/06\/Claudio-D%C3%ADaz.jpg?resize=300%2C225&amp;ssl=1 300w, https:\/\/i0.wp.com\/eltrabajo.cl\/portal\/wp-content\/uploads\/2012\/06\/Claudio-D%C3%ADaz.jpg?resize=200%2C150&amp;ssl=1 200w, https:\/\/i0.wp.com\/eltrabajo.cl\/portal\/wp-content\/uploads\/2012\/06\/Claudio-D%C3%ADaz.jpg?resize=150%2C112&amp;ssl=1 150w, https:\/\/i0.wp.com\/eltrabajo.cl\/portal\/wp-content\/uploads\/2012\/06\/Claudio-D%C3%ADaz.jpg?resize=400%2C300&amp;ssl=1 400w, https:\/\/i0.wp.com\/eltrabajo.cl\/portal\/wp-content\/uploads\/2012\/06\/Claudio-D%C3%ADaz.jpg?w=600&amp;ssl=1 600w\" sizes=\"auto, (max-width: 300px) 100vw, 300px\" \/><\/a><\/dt>\n<dd class=\"wp-caption-dd\">Claudio D\u00edaz se\u00f1al\u00f3 que la participaci\u00f3n ciudadan\u00eda es sumamente importante, y est\u00e1 establecida en cuatro grupos.<\/dd>\n<\/dl>\n<p>En la etapa de presentaci\u00f3n de alternativas del cual ser\u00eda la propuesta de anteproyecto, se encuentra la actualizaci\u00f3n del Plan Regulador de la comuna de San Felipe. As\u00ed lo se\u00f1al\u00f3 el Director del Departamento de Obras de la Municipalidad, quien indic\u00f3 que esta alternativa implica considerar tres escenarios posibles, que se ajustan a lo que se estableci\u00f3 en las distintas reuniones de trabajo que se realizaron con la comunidad, espec\u00edficamente en la mesa de profesionales, la mesa pol\u00edtica y la mesa de funcionarios municipales.<\/p><\/div>\n<p>Con todas las opiniones y visiones, la consultora baraj\u00f3 tres alternativas preliminares, donde se reflejan las visiones consensuadas de c\u00f3mo se debe desarrollar el proceso de expansi\u00f3n de San Felipe, las que se sometieron a revisi\u00f3n de los distintos grupos de trabajo, para saber qu\u00e9 compart\u00edan y qu\u00e9 no de estas propuestas.<\/p>\n<p>\u201cEsta faltando, en estas reuniones, el trabajo con la mesa pol\u00edtica; que la tenemos programada para el 3 de julio, donde van a estar los Consejeros regionales, los Concejos Municipales y el Consejo de la Ciudadan\u00eda, como tenemos una instancia que en alg\u00fan momento se van a tener que pronunciar con la aprobaci\u00f3n de este instrumento, es importante que ellos tambi\u00e9n vayan conociendo el proceso que se est\u00e1 trabajando\u201d, dijo D\u00edaz.<\/p>\n<p>En t\u00e9rminos generales, seg\u00fan el Director, las propuestas coinciden en que los puntos cr\u00edticos de trabajo est\u00e1n centrados en el sector centro de la ciudad, en temas como por ejemplo cu\u00e1l va a ser el criterio de manejo de desarrollo del sector centro y si va a estar reservado para el comercio preferencialmente.<\/p>\n<p>Adem\u00e1s est\u00e1n definidos como puntos de inter\u00e9s de la comunidad, cu\u00e1l va a ser la soluci\u00f3n para el aer\u00f3dromo o la escuela agr\u00edcola, que son elementos sobre los que s\u00ed se pronunci\u00f3 la comunidad, cu\u00e1les son las \u00e1reas de crecimiento de la ciudad y bajo qu\u00e9 modalidad.<\/p>\n<p>\u201cSi en extensi\u00f3n, en altura, mixto, cu\u00e1les ser\u00edan las soluciones viales que habr\u00eda que darle a estas zonas de crecimiento e ir incorporando la visi\u00f3n que hay desde Curim\u00f3n, de sus puntos de crecimiento o la redefinici\u00f3n de los usos de suelo, la incorporaci\u00f3n de San Rafael tambi\u00e9n, qu\u00e9 \u00e1reas deben incorporarse al Plan Regulador y cu\u00e1l es el tratamiento que se debe dar a Tres Esquinas y al eje de la Carretera San Mart\u00edn, como una zona de equipamiento industrial y de servicio\u201d, indic\u00f3 D\u00edaz.<\/p>\n<p>&nbsp;<\/p>\n","protected":false},"excerpt":{"rendered":"<p>Claudio D\u00edaz se\u00f1al\u00f3 que la participaci\u00f3n ciudadan\u00eda es sumamente importante, y est\u00e1 establecida en cuatro grupos. En la etapa de presentaci\u00f3n de alternativas del cual ser\u00eda la propuesta de anteproyecto, se encuentra&#8230;<\/p>\n","protected":false},"author":482,"featured_media":19768,"comment_status":"open","ping_status":"closed","sticky":false,"template":"","format":"standard","meta":{"advanced_seo_description":"","jetpack_seo_html_title":"","jetpack_seo_noindex":false,"_jetpack_memberships_contains_paid_content":false,"footnotes":""},"categories":[1],"tags":[],"class_list":["post-19767","post","type-post","status-publish","format-standard","has-post-thumbnail","hentry","category-cronica"],"jetpack_featured_media_url":"https:\/\/i0.wp.com\/eltrabajo.cl\/portal\/wp-content\/uploads\/2012\/06\/Claudio-D%C3%ADaz.jpg?fit=600%2C451&ssl=1","jetpack_sharing_enabled":true,"jetpack_likes_enabled":true,"jetpack-related-posts":[],"_links":{"self":[{"href":"https:\/\/eltrabajo.cl\/portal\/wp-json\/wp\/v2\/posts\/19767","targetHints":{"allow":["GET"]}}],"collection":[{"href":"https:\/\/eltrabajo.cl\/portal\/wp-json\/wp\/v2\/posts"}],"about":[{"href":"https:\/\/eltrabajo.cl\/portal\/wp-json\/wp\/v2\/types\/post"}],"author":[{"embeddable":true,"href":"https:\/\/eltrabajo.cl\/portal\/wp-json\/wp\/v2\/users\/482"}],"replies":[{"embeddable":true,"href":"https:\/\/eltrabajo.cl\/portal\/wp-json\/wp\/v2\/comments?post=19767"}],"version-history":[{"count":0,"href":"https:\/\/eltrabajo.cl\/portal\/wp-json\/wp\/v2\/posts\/19767\/revisions"}],"wp:featuredmedia":[{"embeddable":true,"href":"https:\/\/eltrabajo.cl\/portal\/wp-json\/wp\/v2\/media\/19768"}],"wp:attachment":[{"href":"https:\/\/eltrabajo.cl\/portal\/wp-json\/wp\/v2\/media?parent=19767"}],"wp:term":[{"taxonomy":"category","embeddable":true,"href":"https:\/\/eltrabajo.cl\/portal\/wp-json\/wp\/v2\/categories?post=19767"},{"taxonomy":"post_tag","embeddable":true,"href":"https:\/\/eltrabajo.cl\/portal\/wp-json\/wp\/v2\/tags?post=19767"}],"curies":[{"name":"wp","href":"https:\/\/api.w.org\/{rel}","templated":true}]}}