{"id":19771,"date":"2012-06-22T10:52:06","date_gmt":"2012-06-22T14:52:06","guid":{"rendered":"http:\/\/www.eltrabajo.cl\/portal\/?p=19771"},"modified":"2012-06-22T10:52:06","modified_gmt":"2012-06-22T14:52:06","slug":"moderno-furgon-transportara-a-alumnos-con-discapacidad-de-escuela-especial","status":"publish","type":"post","link":"https:\/\/eltrabajo.cl\/portal\/moderno-furgon-transportara-a-alumnos-con-discapacidad-de-escuela-especial\/","title":{"rendered":"Moderno furg\u00f3n transportar\u00e1 a alumnos con discapacidad de Escuela Especial"},"content":{"rendered":"<figure id=\"attachment_19772\" aria-describedby=\"caption-attachment-19772\" style=\"width: 600px\" class=\"wp-caption alignnone\"><a href=\"http:\/\/www.eltrabajo.cl\/portal\/2012\/06\/moderno-furgon-transportara-a-alumnos-con-discapacidad-de-escuela-especial\/entrega-furgon-inauguran3\/\" rel=\"attachment wp-att-19772\"><img data-recalc-dims=\"1\" loading=\"lazy\" decoding=\"async\" class=\"size-full wp-image-19772\" title=\"entrega furgon inauguran(3)\" src=\"https:\/\/i0.wp.com\/www.eltrabajo.cl\/portal\/wp-content\/uploads\/2012\/06\/entrega-furgon-inauguran3.jpg?resize=600%2C415\" alt=\"\" width=\"600\" height=\"415\" srcset=\"https:\/\/i0.wp.com\/eltrabajo.cl\/portal\/wp-content\/uploads\/2012\/06\/entrega-furgon-inauguran3.jpg?w=600&amp;ssl=1 600w, https:\/\/i0.wp.com\/eltrabajo.cl\/portal\/wp-content\/uploads\/2012\/06\/entrega-furgon-inauguran3.jpg?resize=200%2C138&amp;ssl=1 200w, https:\/\/i0.wp.com\/eltrabajo.cl\/portal\/wp-content\/uploads\/2012\/06\/entrega-furgon-inauguran3.jpg?resize=300%2C207&amp;ssl=1 300w, https:\/\/i0.wp.com\/eltrabajo.cl\/portal\/wp-content\/uploads\/2012\/06\/entrega-furgon-inauguran3.jpg?resize=150%2C103&amp;ssl=1 150w, https:\/\/i0.wp.com\/eltrabajo.cl\/portal\/wp-content\/uploads\/2012\/06\/entrega-furgon-inauguran3.jpg?resize=400%2C276&amp;ssl=1 400w\" sizes=\"auto, (max-width: 600px) 100vw, 600px\" \/><\/a><figcaption id=\"caption-attachment-19772\" class=\"wp-caption-text\">Autoridades en el tradicional corte de cinta, junto a uno de los menores beneficiados que no cabe en s\u00ed de la dicha.<\/figcaption><\/figure>\n<p>Un moderno furg\u00f3n, cuyo costo alcanza a los 28 millones de pesos, fue entregado a la Escuela Especial Sagrado Coraz\u00f3n de San Felipe.<\/p>\n<p>El veh\u00edculo, especialmente acondicionado para el traslado de personas con discapacidad, era un antiguo anhelo de esta escuela que atiende a m\u00e1s de 90 alumnos con distintos tipos de d\u00e9ficit.<\/p>\n<figure id=\"attachment_19773\" aria-describedby=\"caption-attachment-19773\" style=\"width: 300px\" class=\"wp-caption alignright\"><a href=\"http:\/\/www.eltrabajo.cl\/portal\/2012\/06\/moderno-furgon-transportara-a-alumnos-con-discapacidad-de-escuela-especial\/entrega-furgon-2\/\" rel=\"attachment wp-att-19773\"><img data-recalc-dims=\"1\" loading=\"lazy\" decoding=\"async\" class=\"size-medium wp-image-19773\" title=\"entrega furgon (2)\" src=\"https:\/\/i0.wp.com\/www.eltrabajo.cl\/portal\/wp-content\/uploads\/2012\/06\/entrega-furgon-2-300x204.jpg?resize=300%2C204\" alt=\"\" width=\"300\" height=\"204\" srcset=\"https:\/\/i0.wp.com\/eltrabajo.cl\/portal\/wp-content\/uploads\/2012\/06\/entrega-furgon-2.jpg?resize=300%2C204&amp;ssl=1 300w, https:\/\/i0.wp.com\/eltrabajo.cl\/portal\/wp-content\/uploads\/2012\/06\/entrega-furgon-2.jpg?resize=200%2C136&amp;ssl=1 200w, https:\/\/i0.wp.com\/eltrabajo.cl\/portal\/wp-content\/uploads\/2012\/06\/entrega-furgon-2.jpg?resize=150%2C102&amp;ssl=1 150w, https:\/\/i0.wp.com\/eltrabajo.cl\/portal\/wp-content\/uploads\/2012\/06\/entrega-furgon-2.jpg?resize=400%2C272&amp;ssl=1 400w, https:\/\/i0.wp.com\/eltrabajo.cl\/portal\/wp-content\/uploads\/2012\/06\/entrega-furgon-2.jpg?w=600&amp;ssl=1 600w\" sizes=\"auto, (max-width: 300px) 100vw, 300px\" \/><\/a><figcaption id=\"caption-attachment-19773\" class=\"wp-caption-text\">El nuevo veh\u00edculo est\u00e1 especialmente acondicionado para el traslado de personas con discapacidad.<\/figcaption><\/figure>\n<p>El establecimiento, de dependencia municipal, atiende a ni\u00f1os y j\u00f3venes con discapacidad de San Felipe y comunas vecinas, cuyas familias en muchos casos no cuentan con los medios para enviarlos a un establecimiento especial particular.<\/p>\n<p>La ceremonia de entrega del furg\u00f3n fue encabezada por la gobernadora provincial Patricia Boffa y cont\u00f3 con la asistencia del director provincial de Educaci\u00f3n Rosalindo Gonz\u00e1lez, el alcalde Jaime Amar, los concejales Leonel Alegr\u00eda y Juan Millanao, los consejeros regionales Iv\u00e1n Reyes y Eduardo Le\u00f3n, junto al director de Educaci\u00f3n Municipal Jorge Sep\u00falveda, apoderados y la comunidad escolar del establecimiento.<\/p>\n<p>La directora de la escuela, Beatriz Gallardo, en emotivas palabras agradeci\u00f3 de manera especial la gesti\u00f3n del consejero regional Iv\u00e1n Reyes, quien fue el gestor del proyecto que finalmente permiti\u00f3 que el Gobierno Regional destinara los fondos para la adquisici\u00f3n de este veh\u00edculo y su implementaci\u00f3n para el traslado de ni\u00f1os y j\u00f3venes con discapacidad.<\/p>\n<p>Hasta las l\u00e1grimas se emocionaron las autoridades al presenciar durante la ceremonia un n\u00famero art\u00edstico de danza protagonizado por una alumna del establecimiento en su silla de ruedas.<\/p>\n<p>El alcalde Jaime Amar se\u00f1al\u00f3 que \u201cesta es una se\u00f1al del compromiso que tiene el sistema de educaci\u00f3n municipal con los ni\u00f1os que tienen alg\u00fan tipo de discapacidad. Estamos cumpliendo con lo que nos trazamos con este veh\u00edculo y el transporte que entregamos a otros ni\u00f1os a trav\u00e9s de contratos que hace el municipio. Es una se\u00f1al de lo que nosotros entregamos a una educaci\u00f3n que cada vez necesita con m\u00e1s fuerza el compromiso nuestro\u201d.<\/p>\n<p>Durante la ceremonia se hizo presente la necesidad de que el establecimiento cuente con una piscina terap\u00e9utica para la rehabilitaci\u00f3n de los ni\u00f1os y j\u00f3venes, asumiendo de manera inmediata el compromiso de echar a andar un proyecto en este sentido, especialmente de parte de los consejeros regionales Eduardo Le\u00f3n e Iv\u00e1n Reyes.<\/p>\n<p>Este \u00faltimo se\u00f1al\u00f3 que \u201cme hab\u00eda comprometido a sacar este proyecto por lo menos antes del t\u00e9rmino de mi periodo como consejero regional. Hoy d\u00eda la directora nos ha lanzado un nuevo desaf\u00edo de una piscina especial para estos ni\u00f1os, vamos a trabajar con el alcalde y Dios quiera que podamos tambi\u00e9n concretarlo, porque todo lo que podamos hacer a favor de estos ni\u00f1os es importante, pensando en las sensibilidades especiales que debemos tener, porque ellos son ni\u00f1os especiales\u201d.<\/p>\n<p>El director de Educaci\u00f3n Municipal, Jorge Sep\u00falveda, destac\u00f3 el esfuerzo que hace el municipio por atender a ni\u00f1os y j\u00f3venes con discapacidad no s\u00f3lo en este establecimiento, sino tambi\u00e9n a trav\u00e9s de proyectos de integraci\u00f3n en 19 de los 24 establecimientos de dependencia municipal.<\/p>\n<p>Sobre la adquisici\u00f3n del veh\u00edculo para la Escuela Especial agradeci\u00f3 el compromiso de las autoridades, en especial del consejero Iv\u00e1n Reyes.<\/p>\n","protected":false},"excerpt":{"rendered":"<p>Un moderno furg\u00f3n, cuyo costo alcanza a los 28 millones de pesos, fue entregado a la Escuela Especial Sagrado Coraz\u00f3n de San Felipe. El veh\u00edculo, especialmente acondicionado para el traslado de personas&#8230;<\/p>\n","protected":false},"author":482,"featured_media":19772,"comment_status":"open","ping_status":"closed","sticky":false,"template":"","format":"standard","meta":{"advanced_seo_description":"","jetpack_seo_html_title":"","jetpack_seo_noindex":false,"_jetpack_memberships_contains_paid_content":false,"footnotes":""},"categories":[1],"tags":[],"class_list":["post-19771","post","type-post","status-publish","format-standard","has-post-thumbnail","hentry","category-cronica"],"jetpack_featured_media_url":"https:\/\/i0.wp.com\/eltrabajo.cl\/portal\/wp-content\/uploads\/2012\/06\/entrega-furgon-inauguran3.jpg?fit=600%2C415&ssl=1","jetpack_sharing_enabled":true,"jetpack_likes_enabled":true,"jetpack-related-posts":[],"_links":{"self":[{"href":"https:\/\/eltrabajo.cl\/portal\/wp-json\/wp\/v2\/posts\/19771","targetHints":{"allow":["GET"]}}],"collection":[{"href":"https:\/\/eltrabajo.cl\/portal\/wp-json\/wp\/v2\/posts"}],"about":[{"href":"https:\/\/eltrabajo.cl\/portal\/wp-json\/wp\/v2\/types\/post"}],"author":[{"embeddable":true,"href":"https:\/\/eltrabajo.cl\/portal\/wp-json\/wp\/v2\/users\/482"}],"replies":[{"embeddable":true,"href":"https:\/\/eltrabajo.cl\/portal\/wp-json\/wp\/v2\/comments?post=19771"}],"version-history":[{"count":0,"href":"https:\/\/eltrabajo.cl\/portal\/wp-json\/wp\/v2\/posts\/19771\/revisions"}],"wp:featuredmedia":[{"embeddable":true,"href":"https:\/\/eltrabajo.cl\/portal\/wp-json\/wp\/v2\/media\/19772"}],"wp:attachment":[{"href":"https:\/\/eltrabajo.cl\/portal\/wp-json\/wp\/v2\/media?parent=19771"}],"wp:term":[{"taxonomy":"category","embeddable":true,"href":"https:\/\/eltrabajo.cl\/portal\/wp-json\/wp\/v2\/categories?post=19771"},{"taxonomy":"post_tag","embeddable":true,"href":"https:\/\/eltrabajo.cl\/portal\/wp-json\/wp\/v2\/tags?post=19771"}],"curies":[{"name":"wp","href":"https:\/\/api.w.org\/{rel}","templated":true}]}}