{"id":19777,"date":"2012-06-22T11:00:34","date_gmt":"2012-06-22T15:00:34","guid":{"rendered":"http:\/\/www.eltrabajo.cl\/portal\/?p=19777"},"modified":"2012-06-22T11:00:34","modified_gmt":"2012-06-22T15:00:34","slug":"el-hombre-mas-longevo-de-tierras-blancas-se-niega-a-perder-su-humor","status":"publish","type":"post","link":"https:\/\/eltrabajo.cl\/portal\/el-hombre-mas-longevo-de-tierras-blancas-se-niega-a-perder-su-humor\/","title":{"rendered":"El hombre m\u00e1s longevo de Tierras Blancas se niega a perder su humor"},"content":{"rendered":"<figure id=\"attachment_19778\" aria-describedby=\"caption-attachment-19778\" style=\"width: 600px\" class=\"wp-caption alignnone\"><a href=\"http:\/\/www.eltrabajo.cl\/portal\/2012\/06\/el-hombre-mas-longevo-de-tierras-blancas-se-niega-a-perder-su-humor\/abuelo2\/\" rel=\"attachment wp-att-19778\"><img data-recalc-dims=\"1\" loading=\"lazy\" decoding=\"async\" class=\"size-full wp-image-19778\" title=\"Abuelo2\" src=\"https:\/\/i0.wp.com\/www.eltrabajo.cl\/portal\/wp-content\/uploads\/2012\/06\/Abuelo2.jpg?resize=600%2C419\" alt=\"\" width=\"600\" height=\"419\" srcset=\"https:\/\/i0.wp.com\/eltrabajo.cl\/portal\/wp-content\/uploads\/2012\/06\/Abuelo2.jpg?w=600&amp;ssl=1 600w, https:\/\/i0.wp.com\/eltrabajo.cl\/portal\/wp-content\/uploads\/2012\/06\/Abuelo2.jpg?resize=200%2C139&amp;ssl=1 200w, https:\/\/i0.wp.com\/eltrabajo.cl\/portal\/wp-content\/uploads\/2012\/06\/Abuelo2.jpg?resize=300%2C209&amp;ssl=1 300w, https:\/\/i0.wp.com\/eltrabajo.cl\/portal\/wp-content\/uploads\/2012\/06\/Abuelo2.jpg?resize=150%2C104&amp;ssl=1 150w, https:\/\/i0.wp.com\/eltrabajo.cl\/portal\/wp-content\/uploads\/2012\/06\/Abuelo2.jpg?resize=400%2C279&amp;ssl=1 400w\" sizes=\"auto, (max-width: 600px) 100vw, 600px\" \/><\/a><figcaption id=\"caption-attachment-19778\" class=\"wp-caption-text\">Juan \u2018Gato\u2019 Vergara, pronto a cumplir sus 100 a\u00f1os de edad, disfruta intensamente cada momento que tiene para ser feliz. Al fondo su hijo mayor Luis Vergara.<\/figcaption><\/figure>\n<p>Roberto Gonz\u00e1lez Short &#8211; <a href=\"mailto:rgonzalez@eltrabajo.cl\">rgonzalez@eltrabajo.cl<\/a><\/p>\n<p>Se cree, err\u00f3neamente, que con el pasar de los a\u00f1os el mal humor nos llega a consumir por completo y tambi\u00e9n con nuestras fuerzas se acaban las ganas de sonre\u00edr a la vida. Diario El Trabajo te muestra hoy que, quienes creen tales cosas, simplemente est\u00e1n equivocados si pretenden sostener que el anterior escenario es igual para todos. Prueba de ello es la calidad de vida que Juan Segundo Vergara Ramos, de casi 100 a\u00f1os de edad, disfruta cada momento de su diario vivir.<\/p>\n<p>\u2018El Gato\u2019, como le conocen cari\u00f1osamente en su comunidad, mantiene una vida normal. Desde joven gusta el tomar su copita de vino y a\u00fan hoy se la toma para las comidas. Sus hijas Mar\u00eda Isabel y Olivia Vergara lo cuidan permanentemente a fin de que \u00e9l pase tranquilo, caliente y bien alimentado.<\/p>\n<figure id=\"attachment_19779\" aria-describedby=\"caption-attachment-19779\" style=\"width: 300px\" class=\"wp-caption alignright\"><a href=\"http:\/\/www.eltrabajo.cl\/portal\/2012\/06\/el-hombre-mas-longevo-de-tierras-blancas-se-niega-a-perder-su-humor\/abuelo1-3\/\" rel=\"attachment wp-att-19779\"><img data-recalc-dims=\"1\" loading=\"lazy\" decoding=\"async\" class=\"size-medium wp-image-19779\" title=\"Abuelo1\" src=\"https:\/\/i0.wp.com\/www.eltrabajo.cl\/portal\/wp-content\/uploads\/2012\/06\/Abuelo1-300x272.jpg?resize=300%2C272\" alt=\"\" width=\"300\" height=\"272\" srcset=\"https:\/\/i0.wp.com\/eltrabajo.cl\/portal\/wp-content\/uploads\/2012\/06\/Abuelo1.jpg?resize=300%2C272&amp;ssl=1 300w, https:\/\/i0.wp.com\/eltrabajo.cl\/portal\/wp-content\/uploads\/2012\/06\/Abuelo1.jpg?resize=165%2C150&amp;ssl=1 165w, https:\/\/i0.wp.com\/eltrabajo.cl\/portal\/wp-content\/uploads\/2012\/06\/Abuelo1.jpg?resize=150%2C136&amp;ssl=1 150w, https:\/\/i0.wp.com\/eltrabajo.cl\/portal\/wp-content\/uploads\/2012\/06\/Abuelo1.jpg?resize=400%2C362&amp;ssl=1 400w, https:\/\/i0.wp.com\/eltrabajo.cl\/portal\/wp-content\/uploads\/2012\/06\/Abuelo1.jpg?w=600&amp;ssl=1 600w\" sizes=\"auto, (max-width: 300px) 100vw, 300px\" \/><\/a><figcaption id=\"caption-attachment-19779\" class=\"wp-caption-text\">Olivia Vergara es una de las dos hijas que cuida amorosamente de su padre Juan Vergara Ramos de 99 a\u00f1os.<\/figcaption><\/figure>\n<p><strong>A SOLAS CON \u2018EL GATO\u2019<\/strong><\/p>\n<p><strong>&#8211; \u00bfC\u00f3mo se siente hoy?<\/strong><\/p>\n<p>&#8211; \u201cNo muy bien, me duele todo, los huesos y el cuerpo, es lo normal por mi edad\u201d.<\/p>\n<p><strong>&#8211; \u00bfSiente usted que San Felipe ha cambiado en los pasados 100 a\u00f1os?<\/strong><\/p>\n<p>&#8211; \u201cPara nada, es muy poco lo que San Felipe ha cambiado, en los a\u00f1os \u2018veinte\u2019 ya ten\u00edamos electricidad, los r\u00edos ten\u00edan m\u00e1s agua, creo que la gente era m\u00e1s feliz, pero en lo general es casi lo mismo\u201d.<\/p>\n<p><strong>&#8211; \u00bfFue usted a la escuela cuando era ni\u00f1o?<\/strong><\/p>\n<p>&#8211; \u201cS\u00ed, fui a la escuela, en aquellos a\u00f1os recib\u00edamos clases s\u00f3lo dos a\u00f1os y luego nos ten\u00edamos que poner a trabajar en labores de campo con nuestros padres, s\u00f3lo aprend\u00edamos a leer, escribir, sumar y esas cosas, lo dem\u00e1s lo aprend\u00edamos de la vida\u201d.<\/p>\n<p><strong>&#8211; \u00bfFue usted muy enamorado?<\/strong><\/p>\n<p>&#8211; \u201cYo de joven tuve mis pololas, pero en realidad a quien m\u00e1s am\u00e9 fue a mi esposa Teresa Valencia\u201d.<\/p>\n<p><strong>&#8211; \u00bfQu\u00e9 recuerda usted de esta comunidad de Tierras Blancas?<\/strong><\/p>\n<p>&#8211; \u201cRecuerdo que en una ocasi\u00f3n hubo una crecida de agua muy grande, pude rescatar a varias personas de sus casas, no s\u00f3lo yo ayud\u00e9, todos los que pod\u00edamos ayudar, lo hicimos.<\/p>\n<p>\u201cHe sufrido cinco neumon\u00edas, me han operado de varias \u00falceras, ves\u00edcula, ap\u00e9ndice y cadera, ahora me cuido m\u00e1s, aunque me siento con mucho fr\u00edo\u201d.<\/p>\n<p>Diario El Trabajo habl\u00f3 tambi\u00e9n con Olivia Vergara, una de las hijas a su cuidado.<\/p>\n<p>\u201cMe duele verlo con sus dolores y el fr\u00edo, creo que \u00e9l ha sido feliz, no se vive quejando de la vida (\u2026) ahora est\u00e1 muy alejado de las actividades del pueblo, todos sus amigos ya no est\u00e1n y quiz\u00e1 el los extra\u00f1a\u201d, asegur\u00f3 Olivia.<\/p>\n<p>Don Juan Vergara es el mayor de catorce hermanos y tuvo seis hijos, cuenta con doce nietos, fue agricultor, minero y naci\u00f3 el domingo 1\u00ba de setiembre de 1912 en Tierras Blancas de San Felipe.<\/p>\n","protected":false},"excerpt":{"rendered":"<p>Roberto Gonz\u00e1lez Short &#8211; rgonzalez@eltrabajo.cl Se cree, err\u00f3neamente, que con el pasar de los a\u00f1os el mal humor nos llega a consumir por completo y tambi\u00e9n con nuestras fuerzas se acaban las&#8230;<\/p>\n","protected":false},"author":482,"featured_media":19778,"comment_status":"open","ping_status":"closed","sticky":false,"template":"","format":"standard","meta":{"advanced_seo_description":"","jetpack_seo_html_title":"","jetpack_seo_noindex":false,"_jetpack_memberships_contains_paid_content":false,"footnotes":""},"categories":[1],"tags":[],"class_list":["post-19777","post","type-post","status-publish","format-standard","has-post-thumbnail","hentry","category-cronica"],"jetpack_featured_media_url":"https:\/\/i0.wp.com\/eltrabajo.cl\/portal\/wp-content\/uploads\/2012\/06\/Abuelo2.jpg?fit=600%2C419&ssl=1","jetpack_sharing_enabled":true,"jetpack_likes_enabled":true,"jetpack-related-posts":[],"_links":{"self":[{"href":"https:\/\/eltrabajo.cl\/portal\/wp-json\/wp\/v2\/posts\/19777","targetHints":{"allow":["GET"]}}],"collection":[{"href":"https:\/\/eltrabajo.cl\/portal\/wp-json\/wp\/v2\/posts"}],"about":[{"href":"https:\/\/eltrabajo.cl\/portal\/wp-json\/wp\/v2\/types\/post"}],"author":[{"embeddable":true,"href":"https:\/\/eltrabajo.cl\/portal\/wp-json\/wp\/v2\/users\/482"}],"replies":[{"embeddable":true,"href":"https:\/\/eltrabajo.cl\/portal\/wp-json\/wp\/v2\/comments?post=19777"}],"version-history":[{"count":0,"href":"https:\/\/eltrabajo.cl\/portal\/wp-json\/wp\/v2\/posts\/19777\/revisions"}],"wp:featuredmedia":[{"embeddable":true,"href":"https:\/\/eltrabajo.cl\/portal\/wp-json\/wp\/v2\/media\/19778"}],"wp:attachment":[{"href":"https:\/\/eltrabajo.cl\/portal\/wp-json\/wp\/v2\/media?parent=19777"}],"wp:term":[{"taxonomy":"category","embeddable":true,"href":"https:\/\/eltrabajo.cl\/portal\/wp-json\/wp\/v2\/categories?post=19777"},{"taxonomy":"post_tag","embeddable":true,"href":"https:\/\/eltrabajo.cl\/portal\/wp-json\/wp\/v2\/tags?post=19777"}],"curies":[{"name":"wp","href":"https:\/\/api.w.org\/{rel}","templated":true}]}}