{"id":19782,"date":"2012-06-22T11:03:52","date_gmt":"2012-06-22T15:03:52","guid":{"rendered":"http:\/\/www.eltrabajo.cl\/portal\/?p=19782"},"modified":"2012-06-22T11:04:24","modified_gmt":"2012-06-22T15:04:24","slug":"escuela-21-de-mayo-celebro-51-anos-al-servicio-de-la-educacion","status":"publish","type":"post","link":"https:\/\/eltrabajo.cl\/portal\/escuela-21-de-mayo-celebro-51-anos-al-servicio-de-la-educacion\/","title":{"rendered":"Escuela 21 de mayo celebr\u00f3 51 a\u00f1os al servicio de la Educaci\u00f3n"},"content":{"rendered":"<figure id=\"attachment_19783\" aria-describedby=\"caption-attachment-19783\" style=\"width: 600px\" class=\"wp-caption alignnone\"><a href=\"http:\/\/www.eltrabajo.cl\/portal\/2012\/06\/escuela-21-de-mayo-celebro-51-anos-al-servicio-de-la-educacion\/attachment\/19783\/\" rel=\"attachment wp-att-19783\"><img class=\"size-full wp-image-19783\" title=\"<SAMSUNG DIGITAL CAMERA>\u00bb src=\u00bbhttp:\/\/www.eltrabajo.cl\/portal\/wp-content\/uploads\/2012\/06\/21-de-mayo..jpg\u00bb alt=\u00bb\u00bb width=\u00bb600&#8243; height=\u00bb465&#8243; \/><\/a><figcaption id=\"caption-attachment-19783\" class=\"wp-caption-text\">El Alcalde Jaime Amar y el Director de la Escuela 21 de Mayo, Manuel Araya, hicieron entrega de una distinci\u00f3n al payador popular Fernando Montenegro, \u2018Caballito Blanco\u2019, quien reside en el sector.<\/figcaption><\/figure>\n<p>Con la asistencia de autoridades de la zona y la comunidad del sector, la Escuela 21 de Mayo ubicada en la localidad del mismo nombre, celebr\u00f3 51 a\u00f1os de existencia.<\/p>\n<p>Al acto asisti\u00f3 el alcalde de la comuna Jaime Amar, junto al director de Educaci\u00f3n Municipal Jorge Sep\u00falveda.<\/p>\n<p>Durante la ceremonia se entreg\u00f3 una distinci\u00f3n por parte de la Municipalidad a Hugo Irarr\u00e1zabal, quien despu\u00e9s de 12 a\u00f1os de servicio en este establecimiento, hoy se desempe\u00f1a como inspector en la Escuela Industrial de San Felipe.<\/p>\n<p>El director Manuel Araya, en un emotivo discurso, destac\u00f3 los logros alcanzados en el Simce del a\u00f1o, poniendo como ejemplo al Octavo B\u00e1sico, cuyos alumnos subieron sus rendimientos. Tambi\u00e9n se refiri\u00f3 al equipamiento tecnol\u00f3gico con que cuenta la escuela, con pizarras interactivas que apoyan la labor educativa de los alumnos.<\/p>\n<p>\u201cNuestro colegio es hoy una instituci\u00f3n activa y con metas claras y que funciona plenamente de acuerdo a sus prop\u00f3sitos educativos. Una instituci\u00f3n que valora profundamente lo logrado en estos a\u00f1os, que busca la calidad en su desempe\u00f1o y que hace esfuerzos por responder en forma oportuna y efectiva a los nuevos desaf\u00edos y tendencias. Una instituci\u00f3n que busca y pide el respeto de la comunidad\u201d, se\u00f1al\u00f3.<\/p>\n<p>El alcalde Jaime Amar record\u00f3 el pasado de la escuela y su desarrollo e hizo entrega al establecimiento de un equipo de amplificaci\u00f3n de sonido.<\/p>\n<p>Alumnos de la escuela recibieron premios de manos de representantes de la C\u00e1mara de Comercio por su participaci\u00f3n en el concurso de pintura \u2018El Comercio en mi Ciudad\u2019, en donde la alumna de octavo b\u00e1sico, Carla Machuca, obtuvo el primer lugar; el alumno de s\u00e9ptimo a\u00f1o b\u00e1sico , Basti\u00e1n Henr\u00edquez, quien obtuvo el tercer lugar, y Carlos Fuentes por su destacada participaci\u00f3n.<\/p>\n<p>Tambi\u00e9n se entreg\u00f3 una distinci\u00f3n al payador popular Fernando Montenegro, conocido popularmente como \u2018Caballito Blanco\u2019, quien reside en el sector.<\/p>\n<p>En la cena bailable de celebraci\u00f3n se entreg\u00f3 un reconocimiento a la familia de Sonia P\u00e9rez Santander, vecina de 21 de Mayo, por su constante apoyo al establecimiento.<\/p>\n","protected":false},"excerpt":{"rendered":"<p>Con la asistencia de autoridades de la zona y la comunidad del sector, la Escuela 21 de Mayo ubicada en la localidad del mismo nombre, celebr\u00f3 51 a\u00f1os de existencia. Al acto&#8230;<\/p>\n","protected":false},"author":482,"featured_media":19783,"comment_status":"open","ping_status":"closed","sticky":false,"template":"","format":"standard","meta":{"advanced_seo_description":"","jetpack_seo_html_title":"","jetpack_seo_noindex":false,"_jetpack_memberships_contains_paid_content":false,"footnotes":""},"categories":[15],"tags":[],"class_list":["post-19782","post","type-post","status-publish","format-standard","has-post-thumbnail","hentry","category-comunidad"],"jetpack_featured_media_url":"https:\/\/i0.wp.com\/eltrabajo.cl\/portal\/wp-content\/uploads\/2012\/06\/21-de-mayo..jpg?fit=600%2C465&ssl=1","jetpack_sharing_enabled":true,"jetpack_likes_enabled":true,"jetpack-related-posts":[],"_links":{"self":[{"href":"https:\/\/eltrabajo.cl\/portal\/wp-json\/wp\/v2\/posts\/19782","targetHints":{"allow":["GET"]}}],"collection":[{"href":"https:\/\/eltrabajo.cl\/portal\/wp-json\/wp\/v2\/posts"}],"about":[{"href":"https:\/\/eltrabajo.cl\/portal\/wp-json\/wp\/v2\/types\/post"}],"author":[{"embeddable":true,"href":"https:\/\/eltrabajo.cl\/portal\/wp-json\/wp\/v2\/users\/482"}],"replies":[{"embeddable":true,"href":"https:\/\/eltrabajo.cl\/portal\/wp-json\/wp\/v2\/comments?post=19782"}],"version-history":[{"count":0,"href":"https:\/\/eltrabajo.cl\/portal\/wp-json\/wp\/v2\/posts\/19782\/revisions"}],"wp:featuredmedia":[{"embeddable":true,"href":"https:\/\/eltrabajo.cl\/portal\/wp-json\/wp\/v2\/media\/19783"}],"wp:attachment":[{"href":"https:\/\/eltrabajo.cl\/portal\/wp-json\/wp\/v2\/media?parent=19782"}],"wp:term":[{"taxonomy":"category","embeddable":true,"href":"https:\/\/eltrabajo.cl\/portal\/wp-json\/wp\/v2\/categories?post=19782"},{"taxonomy":"post_tag","embeddable":true,"href":"https:\/\/eltrabajo.cl\/portal\/wp-json\/wp\/v2\/tags?post=19782"}],"curies":[{"name":"wp","href":"https:\/\/api.w.org\/{rel}","templated":true}]}}