{"id":19788,"date":"2012-06-22T11:06:47","date_gmt":"2012-06-22T15:06:47","guid":{"rendered":"http:\/\/www.eltrabajo.cl\/portal\/?p=19788"},"modified":"2012-06-22T11:06:47","modified_gmt":"2012-06-22T15:06:47","slug":"dos-robos-en-dos-noche-seguidas-afecto-a-kiosco-de-escuela-john-kennedy","status":"publish","type":"post","link":"https:\/\/eltrabajo.cl\/portal\/dos-robos-en-dos-noche-seguidas-afecto-a-kiosco-de-escuela-john-kennedy\/","title":{"rendered":"Dos robos en dos noche seguidas afect\u00f3 a kiosco de escuela John Kennedy"},"content":{"rendered":"<figure id=\"attachment_19789\" aria-describedby=\"caption-attachment-19789\" style=\"width: 300px\" class=\"wp-caption alignleft\"><a href=\"http:\/\/www.eltrabajo.cl\/portal\/2012\/06\/dos-robos-en-dos-noche-seguidas-afecto-a-kiosco-de-escuela-john-kennedy\/detenidos-john-kennedy-2\/\" rel=\"attachment wp-att-19789\"><img data-recalc-dims=\"1\" loading=\"lazy\" decoding=\"async\" class=\"size-medium wp-image-19789\" title=\"Detenidos John Kennedy (2)\" src=\"https:\/\/i0.wp.com\/www.eltrabajo.cl\/portal\/wp-content\/uploads\/2012\/06\/Detenidos-John-Kennedy-2-300x197.jpg?resize=300%2C197\" alt=\"\" width=\"300\" height=\"197\" srcset=\"https:\/\/i0.wp.com\/eltrabajo.cl\/portal\/wp-content\/uploads\/2012\/06\/Detenidos-John-Kennedy-2.jpg?resize=300%2C197&amp;ssl=1 300w, https:\/\/i0.wp.com\/eltrabajo.cl\/portal\/wp-content\/uploads\/2012\/06\/Detenidos-John-Kennedy-2.jpg?resize=200%2C131&amp;ssl=1 200w, https:\/\/i0.wp.com\/eltrabajo.cl\/portal\/wp-content\/uploads\/2012\/06\/Detenidos-John-Kennedy-2.jpg?resize=150%2C98&amp;ssl=1 150w, https:\/\/i0.wp.com\/eltrabajo.cl\/portal\/wp-content\/uploads\/2012\/06\/Detenidos-John-Kennedy-2.jpg?resize=400%2C263&amp;ssl=1 400w, https:\/\/i0.wp.com\/eltrabajo.cl\/portal\/wp-content\/uploads\/2012\/06\/Detenidos-John-Kennedy-2.jpg?w=600&amp;ssl=1 600w\" sizes=\"auto, (max-width: 300px) 100vw, 300px\" \/><\/a><figcaption id=\"caption-attachment-19789\" class=\"wp-caption-text\">Los antisociales fueron detenidos durante la madrugada de este viernes luego de sustraer productos desde el kiosco de la Escuela John Kennedy.<\/figcaption><\/figure>\n<p>De madrugada y aprovechando que las panderetas del colegio John Kennedy no son muy altas, desconocidos ingresaron durante dos noches seguidas al establecimiento y robaron art\u00edculos desde el kiosco que se ubica en el interior.<\/p>\n<p>El primer robo se registr\u00f3 durante la madrugada del mi\u00e9rcoles, oportunidad en que los antisociales ingresaron por una de las panderetas que da a una calle y rompieron los candados que ten\u00eda el kiosco, dejando en su huida varios de los productos botados en el suelo.<\/p>\n<p><strong>INGRESAN POR SEGUNDA VEZ<\/strong><\/p>\n<p>No satisfechos con esa acci\u00f3n, al parecer los mismos sujetos volvieron a ingresar al establecimiento, esta vez por la pandereta que se ubica detr\u00e1s del kiosco, rompiendo nuevamente los candados con una herramienta llamada \u2018Napole\u00f3n\u2019.<\/p>\n<p>En esta segunda oportunidad sustrajeron nuevamente una importante cantidad de golosinas y aprovecharon de llevarse un microondas que los encargados del local manten\u00edan en el lugar.<\/p>\n<p>Al parecer uno de los vecinos alcanz\u00f3 a ver a los sujetos cuando sal\u00edan del establecimiento, por lo que de inmediato llam\u00f3 a Carabineros, quienes al llegar al lugar vieron en las inmediaciones a unos sujetos comiendo dulces, lo que llam\u00f3 la atenci\u00f3n del personal policial, tomando en cuenta que a esas horas no hay locales de ese tipo abiertos, por lo que al adoptar el procedimiento son detenidos y trasladados a la Segunda Comisar\u00eda.<\/p>\n<p><strong>FINALIZAN CONTRATO<\/strong><\/p>\n<p>La situaci\u00f3n gener\u00f3 preocupaci\u00f3n en el encargado del local, quien decidi\u00f3 terminar el contrato, espec\u00edficamente por la falta de seguridad en el lugar, ya que al haber sido v\u00edctima de dos robos seguidos es imposible para \u00e9l asumir la p\u00e9rdida, a lo que se suma el costo emocional y familiar de haber sido robado.<\/p>\n<p>Los da\u00f1os y productos robados fueron avaluados en m\u00e1s de cien mil pesos.<\/p>\n","protected":false},"excerpt":{"rendered":"<p>De madrugada y aprovechando que las panderetas del colegio John Kennedy no son muy altas, desconocidos ingresaron durante dos noches seguidas al establecimiento y robaron art\u00edculos desde el kiosco que se ubica&#8230;<\/p>\n","protected":false},"author":482,"featured_media":19789,"comment_status":"open","ping_status":"closed","sticky":false,"template":"","format":"standard","meta":{"advanced_seo_description":"","jetpack_seo_html_title":"","jetpack_seo_noindex":false,"_jetpack_memberships_contains_paid_content":false,"footnotes":""},"categories":[21],"tags":[],"class_list":["post-19788","post","type-post","status-publish","format-standard","has-post-thumbnail","hentry","category-policial"],"jetpack_featured_media_url":"https:\/\/i0.wp.com\/eltrabajo.cl\/portal\/wp-content\/uploads\/2012\/06\/Detenidos-John-Kennedy-2.jpg?fit=600%2C395&ssl=1","jetpack_sharing_enabled":true,"jetpack_likes_enabled":true,"jetpack-related-posts":[],"_links":{"self":[{"href":"https:\/\/eltrabajo.cl\/portal\/wp-json\/wp\/v2\/posts\/19788","targetHints":{"allow":["GET"]}}],"collection":[{"href":"https:\/\/eltrabajo.cl\/portal\/wp-json\/wp\/v2\/posts"}],"about":[{"href":"https:\/\/eltrabajo.cl\/portal\/wp-json\/wp\/v2\/types\/post"}],"author":[{"embeddable":true,"href":"https:\/\/eltrabajo.cl\/portal\/wp-json\/wp\/v2\/users\/482"}],"replies":[{"embeddable":true,"href":"https:\/\/eltrabajo.cl\/portal\/wp-json\/wp\/v2\/comments?post=19788"}],"version-history":[{"count":0,"href":"https:\/\/eltrabajo.cl\/portal\/wp-json\/wp\/v2\/posts\/19788\/revisions"}],"wp:featuredmedia":[{"embeddable":true,"href":"https:\/\/eltrabajo.cl\/portal\/wp-json\/wp\/v2\/media\/19789"}],"wp:attachment":[{"href":"https:\/\/eltrabajo.cl\/portal\/wp-json\/wp\/v2\/media?parent=19788"}],"wp:term":[{"taxonomy":"category","embeddable":true,"href":"https:\/\/eltrabajo.cl\/portal\/wp-json\/wp\/v2\/categories?post=19788"},{"taxonomy":"post_tag","embeddable":true,"href":"https:\/\/eltrabajo.cl\/portal\/wp-json\/wp\/v2\/tags?post=19788"}],"curies":[{"name":"wp","href":"https:\/\/api.w.org\/{rel}","templated":true}]}}