{"id":19796,"date":"2012-06-22T11:09:23","date_gmt":"2012-06-22T15:09:23","guid":{"rendered":"http:\/\/www.eltrabajo.cl\/portal\/?p=19796"},"modified":"2012-06-22T11:09:23","modified_gmt":"2012-06-22T15:09:23","slug":"horas-cruciales-vivira-nicolas-gonzalez-tras-culminar-hoy-su-juicio","status":"publish","type":"post","link":"https:\/\/eltrabajo.cl\/portal\/horas-cruciales-vivira-nicolas-gonzalez-tras-culminar-hoy-su-juicio\/","title":{"rendered":"Horas cruciales vivir\u00e1 Nicol\u00e1s Gonz\u00e1lez tras culminar hoy su Juicio"},"content":{"rendered":"<figure id=\"attachment_19797\" aria-describedby=\"caption-attachment-19797\" style=\"width: 300px\" class=\"wp-caption alignleft\"><a href=\"http:\/\/www.eltrabajo.cl\/portal\/2012\/06\/horas-cruciales-vivira-nicolas-gonzalez-tras-culminar-hoy-su-juicio\/tamara-lepe-3\/\" rel=\"attachment wp-att-19797\"><img data-recalc-dims=\"1\" loading=\"lazy\" decoding=\"async\" class=\"size-medium wp-image-19797\" title=\"Tamara Lepe\" src=\"https:\/\/i0.wp.com\/www.eltrabajo.cl\/portal\/wp-content\/uploads\/2012\/06\/Tamara-Lepe-300x245.jpg?resize=300%2C245\" alt=\"\" width=\"300\" height=\"245\" srcset=\"https:\/\/i0.wp.com\/eltrabajo.cl\/portal\/wp-content\/uploads\/2012\/06\/Tamara-Lepe.jpg?resize=300%2C245&amp;ssl=1 300w, https:\/\/i0.wp.com\/eltrabajo.cl\/portal\/wp-content\/uploads\/2012\/06\/Tamara-Lepe.jpg?resize=183%2C150&amp;ssl=1 183w, https:\/\/i0.wp.com\/eltrabajo.cl\/portal\/wp-content\/uploads\/2012\/06\/Tamara-Lepe.jpg?resize=150%2C122&amp;ssl=1 150w, https:\/\/i0.wp.com\/eltrabajo.cl\/portal\/wp-content\/uploads\/2012\/06\/Tamara-Lepe.jpg?resize=400%2C327&amp;ssl=1 400w, https:\/\/i0.wp.com\/eltrabajo.cl\/portal\/wp-content\/uploads\/2012\/06\/Tamara-Lepe.jpg?w=600&amp;ssl=1 600w\" sizes=\"auto, (max-width: 300px) 100vw, 300px\" \/><\/a><figcaption id=\"caption-attachment-19797\" class=\"wp-caption-text\">Hoy se har\u00e1 justicia y la muerte de Tamara Lepe no quedar\u00e1 impune, \u00bfpero cu\u00e1l ser\u00eda un castigo justo?... dif\u00edcil tarea tendr\u00e1n los jueces.<\/figcaption><\/figure>\n<p>Pablo Salinas Sald\u00edas &#8211; <a href=\"mailto:psalinas@eltrabajo.cl\">psalinas@eltrabajo.cl<\/a><\/p>\n<p>Con una breve intervenci\u00f3n que se le conceder\u00e1 al imputado Nicol\u00e1s Gonz\u00e1lez, donde podr\u00e1 hacer uso de la palabra, se dar\u00e1 por finalizada la rendici\u00f3n de pruebas del Juicio Oral el d\u00eda de hoy, momento en que el Tribunal Oral en Lo Penal de San Felipe resolver\u00e1 si absuelve o condena al acusado por los cargos que present\u00f3 el Ministerio P\u00fablico de Homicidio Calificado y Aborto Violento.<\/p>\n<p>Tras los alegatos de clausura emitidos el d\u00eda de ayer, el Fiscal Osvaldo Basso junto a la Abogada Querellante del Sernam, Katherina Pe\u00f1afiel, sostuvieron la postura del absoluto ensa\u00f1amiento con la que actu\u00f3 Nicol\u00e1s, recalcando ante los Magistrados las graves lesiones detalladas por el M\u00e9dico Legista que dan cuenta de la macabra desfiguraci\u00f3n del rostro de Tamara producto de los indeterminados golpes de pu\u00f1o recibidos, estando a\u00fan viva y con plena conciencia, de acuerdo al informe de autopsia que revela que Tamara no tuvo lesiones en su cerebro, adem\u00e1s de signos de estrangulamiento.<\/p>\n<p>El persecutor recalc\u00f3 que el imputado, producto de la superioridad de sus fuerzas, ser un hombre de 1,85 cms. de estatura y deportista, versus una mujer de 1,65 cms., embarazada de 8 meses de gestaci\u00f3n, bajo licencia m\u00e9dica, con absoluto ensa\u00f1amiento golpe\u00f3 sin piedad ni remordimientos a la muchacha hasta dejarla inconciente, para luego rematarla a puntapi\u00e9s, provocando su deceso y dej\u00e1ndola completamente desfigurada, seg\u00fan lo exhibido en las fotograf\u00edas del sitio del suceso, adem\u00e1s de dar muerte al hijo de ambos que se encontraba en el vientre.<\/p>\n<p>Dentro del lapso de tiempo concedido, el Fiscal Basso pidi\u00f3 a los jueces valorar las pruebas de acuerdo a la experiencia, asegurando que la muerte de Tamara no es un Homicidio Simple sino un Homicidio Calificado Agravado, requiriendo la m\u00e1xima condena de Presidio Perpetuo.<\/p>\n<p>Por la Defensa, Julio \u00c1lvarez apel\u00f3 a que no se acredit\u00f3 el abuso de fuerzas, enfatizando que su defendido se encontraba en un momento de irracionalidad, recalcando que no se demostr\u00f3 con exactitud el n\u00famero de golpes de pu\u00f1o, s\u00f3lo tres puntapi\u00e9s que confes\u00f3 Nicol\u00e1s, sosteniendo que el crimen representa un Homicidio Simple.<\/p>\n<p>Cabe mencionar que el imputado tiene a favor atenuantes que podr\u00edan ser consideradas por el Tribunal Oral a la hora de emitir la condena, esto es su irreprochable conducta anterior, la entrega oportuna a Carabineros y la colaboraci\u00f3n sustancial en la investigaci\u00f3n.<\/p>\n<p>A partir de las 13:00 horas de hoy viernes, la terna de jueces deber\u00e1 entregar su veredicto, instancia en que se conocer\u00e1 la absoluci\u00f3n o culpabilidad de Nicol\u00e1s por este crimen.<\/p>\n","protected":false},"excerpt":{"rendered":"<p>Pablo Salinas Sald\u00edas &#8211; psalinas@eltrabajo.cl Con una breve intervenci\u00f3n que se le conceder\u00e1 al imputado Nicol\u00e1s Gonz\u00e1lez, donde podr\u00e1 hacer uso de la palabra, se dar\u00e1 por finalizada la rendici\u00f3n de pruebas&#8230;<\/p>\n","protected":false},"author":482,"featured_media":19797,"comment_status":"open","ping_status":"closed","sticky":false,"template":"","format":"standard","meta":{"advanced_seo_description":"","jetpack_seo_html_title":"","jetpack_seo_noindex":false,"_jetpack_memberships_contains_paid_content":false,"footnotes":""},"categories":[21],"tags":[],"class_list":["post-19796","post","type-post","status-publish","format-standard","has-post-thumbnail","hentry","category-policial"],"jetpack_featured_media_url":"https:\/\/i0.wp.com\/eltrabajo.cl\/portal\/wp-content\/uploads\/2012\/06\/Tamara-Lepe.jpg?fit=600%2C491&ssl=1","jetpack_sharing_enabled":true,"jetpack_likes_enabled":true,"jetpack-related-posts":[],"_links":{"self":[{"href":"https:\/\/eltrabajo.cl\/portal\/wp-json\/wp\/v2\/posts\/19796","targetHints":{"allow":["GET"]}}],"collection":[{"href":"https:\/\/eltrabajo.cl\/portal\/wp-json\/wp\/v2\/posts"}],"about":[{"href":"https:\/\/eltrabajo.cl\/portal\/wp-json\/wp\/v2\/types\/post"}],"author":[{"embeddable":true,"href":"https:\/\/eltrabajo.cl\/portal\/wp-json\/wp\/v2\/users\/482"}],"replies":[{"embeddable":true,"href":"https:\/\/eltrabajo.cl\/portal\/wp-json\/wp\/v2\/comments?post=19796"}],"version-history":[{"count":0,"href":"https:\/\/eltrabajo.cl\/portal\/wp-json\/wp\/v2\/posts\/19796\/revisions"}],"wp:featuredmedia":[{"embeddable":true,"href":"https:\/\/eltrabajo.cl\/portal\/wp-json\/wp\/v2\/media\/19797"}],"wp:attachment":[{"href":"https:\/\/eltrabajo.cl\/portal\/wp-json\/wp\/v2\/media?parent=19796"}],"wp:term":[{"taxonomy":"category","embeddable":true,"href":"https:\/\/eltrabajo.cl\/portal\/wp-json\/wp\/v2\/categories?post=19796"},{"taxonomy":"post_tag","embeddable":true,"href":"https:\/\/eltrabajo.cl\/portal\/wp-json\/wp\/v2\/tags?post=19796"}],"curies":[{"name":"wp","href":"https:\/\/api.w.org\/{rel}","templated":true}]}}