{"id":19801,"date":"2012-06-22T11:07:29","date_gmt":"2012-06-22T15:07:29","guid":{"rendered":"http:\/\/www.eltrabajo.cl\/portal\/?p=19801"},"modified":"2012-06-22T11:18:17","modified_gmt":"2012-06-22T15:18:17","slug":"noche-de-copas-termino-con-hombre-violado-por-uno-de-sus-amigos","status":"publish","type":"post","link":"https:\/\/eltrabajo.cl\/portal\/noche-de-copas-termino-con-hombre-violado-por-uno-de-sus-amigos\/","title":{"rendered":"Noche de copas termin\u00f3 con hombre violado por uno de sus amigos"},"content":{"rendered":"<figure id=\"attachment_19802\" aria-describedby=\"caption-attachment-19802\" style=\"width: 300px\" class=\"wp-caption alignleft\"><a href=\"http:\/\/www.eltrabajo.cl\/portal\/2012\/06\/noche-de-copas-termino-con-hombre-violado-por-uno-de-sus-amigos\/fiscal-daniela-quevedo-5\/\" rel=\"attachment wp-att-19802\"><img data-recalc-dims=\"1\" loading=\"lazy\" decoding=\"async\" class=\"size-medium wp-image-19802\" title=\"Fiscal Daniela Quevedo\" src=\"https:\/\/i0.wp.com\/www.eltrabajo.cl\/portal\/wp-content\/uploads\/2012\/06\/Fiscal-Daniela-Quevedo-300x225.jpg?resize=300%2C225\" alt=\"\" width=\"300\" height=\"225\" srcset=\"https:\/\/i0.wp.com\/eltrabajo.cl\/portal\/wp-content\/uploads\/2012\/06\/Fiscal-Daniela-Quevedo.jpg?resize=300%2C225&amp;ssl=1 300w, https:\/\/i0.wp.com\/eltrabajo.cl\/portal\/wp-content\/uploads\/2012\/06\/Fiscal-Daniela-Quevedo.jpg?resize=200%2C150&amp;ssl=1 200w, https:\/\/i0.wp.com\/eltrabajo.cl\/portal\/wp-content\/uploads\/2012\/06\/Fiscal-Daniela-Quevedo.jpg?resize=150%2C112&amp;ssl=1 150w, https:\/\/i0.wp.com\/eltrabajo.cl\/portal\/wp-content\/uploads\/2012\/06\/Fiscal-Daniela-Quevedo.jpg?resize=400%2C300&amp;ssl=1 400w, https:\/\/i0.wp.com\/eltrabajo.cl\/portal\/wp-content\/uploads\/2012\/06\/Fiscal-Daniela-Quevedo.jpg?w=600&amp;ssl=1 600w\" sizes=\"auto, (max-width: 300px) 100vw, 300px\" \/><\/a><figcaption id=\"caption-attachment-19802\" class=\"wp-caption-text\">La Fiscal Daniela Quevedo requiri\u00f3 ante el Tribunal un plazo de investigaci\u00f3n de 120 d\u00edas para esclarecer el caso, donde el imputado quedar\u00e1 con cautelares de firma quincenal y la prohibici\u00f3n de acercarse a la v\u00edctima.<\/figcaption><\/figure>\n<p>Pablo Salinas Sald\u00edas &#8211; <a href=\"mailto:psalinas@eltrabajo.cl\">psalinas@eltrabajo.cl<\/a><\/p>\n<p>Un hombre de 43 a\u00f1os de edad denunci\u00f3 haber sido v\u00edctima de violaci\u00f3n luego de haber compartido una noche de copas con unos amigos al interior de una vivienda del sector San Roque en Panquehue, asegurando que su agresor lo at\u00f3 de manos para accederlo carnalmente aprovechando el estado et\u00edlico en que ambos se encontraban.<\/p>\n<p>De acuerdo a los antecedentes policiales, el hecho fue denunciado por el due\u00f1o de casa donde se desarrollaba la tertulia, quien alert\u00f3 a Carabineros para denunciar la agresi\u00f3n que sufri\u00f3 uno de sus invitados, asegurando que desconoc\u00eda los hechos debido a que se hab\u00eda retirado a dormir, dejando a sus dos amigos en el antejard\u00edn de su casa para que continuaran bebiendo.<\/p>\n<p>Seg\u00fan los antecedentes entregados posteriormente por el propio afectado, se\u00f1ala que a eso de las cuatro de la madrugada se encontraba junto al imputado, identificado como Erick Andr\u00e9s M.S., de 23 a\u00f1os de edad, apodado \u2018El Negro Erick\u2019, con el cual se encontraba bebiendo alcohol desde la medianoche, instante en el que fue abordado por la espalda para luego arrojarlo al suelo y atarlo de manos con un cord\u00f3n de una chupalla, momento en que procedi\u00f3 a quitarle los pantalones y accederlo carnalmente en reiteradas ocasiones.<\/p>\n<p>Asimismo, el due\u00f1o de casa, que hasta el d\u00eda siguiente alrededor de las nueve de la ma\u00f1ana todav\u00eda desconoc\u00eda lo sucedido, al levantarse observ\u00f3 que la v\u00edctima se encontraba sentada en un sill\u00f3n de la casa, con una copa de vino, sin sus pantalones puestos, hecho que no le caus\u00f3 curiosidad y se retir\u00f3 hasta su trabajo. Luego de un momento lo llam\u00f3 por tel\u00e9fono para saber como estaba, ocasi\u00f3n en que la v\u00edctima le relat\u00f3 lo sucedido en la madrugada, dando cuenta de los hechos al personal policial.<\/p>\n<p>Tras la llegada de Carabineros hasta la vivienda, la v\u00edctima entre l\u00e1grimas y muy afectado manifest\u00f3 que hab\u00eda sido violado por el \u2018Negro Erick\u2019, que tras su b\u00fasqueda en su domicilio neg\u00f3 los hechos que se le imputaban, siendo detenido y trasladado hasta la Unidad Policial.<\/p>\n<p>La v\u00edctima fue trasladada hasta la Unidad de Emergencias del Hospital San Camilo, donde curiosamente s\u00f3lo constataron su estado et\u00edlico. No obstante, por orden de la Fiscal Daniela Quevedo, fue trasladado por funcionarios de la SIP de Carabineros hasta el Servicio M\u00e9dico Legal para constatar la violaci\u00f3n.<\/p>\n<p>Por su parte el imputado fue sometido a control de detenci\u00f3n ante el Juzgado de Garant\u00eda de San Felipe, donde el Ministerio P\u00fablico requiri\u00f3 las cautelares de firma quincenal en Carabineros, arraigo nacional y un plazo de 120 d\u00edas para la investigaci\u00f3n, las que fueron acogidas por el Magistrado de dicho Tribunal.<\/p>\n","protected":false},"excerpt":{"rendered":"<p>Pablo Salinas Sald\u00edas &#8211; psalinas@eltrabajo.cl Un hombre de 43 a\u00f1os de edad denunci\u00f3 haber sido v\u00edctima de violaci\u00f3n luego de haber compartido una noche de copas con unos amigos al interior de&#8230;<\/p>\n","protected":false},"author":482,"featured_media":19802,"comment_status":"open","ping_status":"closed","sticky":false,"template":"","format":"standard","meta":{"advanced_seo_description":"","jetpack_seo_html_title":"","jetpack_seo_noindex":false,"_jetpack_memberships_contains_paid_content":false,"footnotes":""},"categories":[21],"tags":[],"class_list":["post-19801","post","type-post","status-publish","format-standard","has-post-thumbnail","hentry","category-policial"],"jetpack_featured_media_url":"https:\/\/i0.wp.com\/eltrabajo.cl\/portal\/wp-content\/uploads\/2012\/06\/Fiscal-Daniela-Quevedo.jpg?fit=600%2C450&ssl=1","jetpack_sharing_enabled":true,"jetpack_likes_enabled":true,"jetpack-related-posts":[],"_links":{"self":[{"href":"https:\/\/eltrabajo.cl\/portal\/wp-json\/wp\/v2\/posts\/19801","targetHints":{"allow":["GET"]}}],"collection":[{"href":"https:\/\/eltrabajo.cl\/portal\/wp-json\/wp\/v2\/posts"}],"about":[{"href":"https:\/\/eltrabajo.cl\/portal\/wp-json\/wp\/v2\/types\/post"}],"author":[{"embeddable":true,"href":"https:\/\/eltrabajo.cl\/portal\/wp-json\/wp\/v2\/users\/482"}],"replies":[{"embeddable":true,"href":"https:\/\/eltrabajo.cl\/portal\/wp-json\/wp\/v2\/comments?post=19801"}],"version-history":[{"count":0,"href":"https:\/\/eltrabajo.cl\/portal\/wp-json\/wp\/v2\/posts\/19801\/revisions"}],"wp:featuredmedia":[{"embeddable":true,"href":"https:\/\/eltrabajo.cl\/portal\/wp-json\/wp\/v2\/media\/19802"}],"wp:attachment":[{"href":"https:\/\/eltrabajo.cl\/portal\/wp-json\/wp\/v2\/media?parent=19801"}],"wp:term":[{"taxonomy":"category","embeddable":true,"href":"https:\/\/eltrabajo.cl\/portal\/wp-json\/wp\/v2\/categories?post=19801"},{"taxonomy":"post_tag","embeddable":true,"href":"https:\/\/eltrabajo.cl\/portal\/wp-json\/wp\/v2\/tags?post=19801"}],"curies":[{"name":"wp","href":"https:\/\/api.w.org\/{rel}","templated":true}]}}