{"id":19808,"date":"2012-06-22T11:22:53","date_gmt":"2012-06-22T15:22:53","guid":{"rendered":"http:\/\/www.eltrabajo.cl\/portal\/?p=19808"},"modified":"2012-06-22T11:22:53","modified_gmt":"2012-06-22T15:22:53","slug":"pequena-que-cumple-tres-anos-hospitalizada-recibe-sorpresiva-fiesta","status":"publish","type":"post","link":"https:\/\/eltrabajo.cl\/portal\/pequena-que-cumple-tres-anos-hospitalizada-recibe-sorpresiva-fiesta\/","title":{"rendered":"Peque\u00f1a que cumple tres a\u00f1os hospitalizada recibe sorpresiva fiesta"},"content":{"rendered":"<figure id=\"attachment_19809\" aria-describedby=\"caption-attachment-19809\" style=\"width: 600px\" class=\"wp-caption alignnone\"><a href=\"http:\/\/www.eltrabajo.cl\/portal\/2012\/06\/pequena-que-cumple-tres-anos-hospitalizada-recibe-sorpresiva-fiesta\/fiesta-sophia-casanova-4\/\" rel=\"attachment wp-att-19809\"><img data-recalc-dims=\"1\" loading=\"lazy\" decoding=\"async\" class=\"size-full wp-image-19809\" title=\"fiesta sophia casanova (4)\" src=\"https:\/\/i0.wp.com\/www.eltrabajo.cl\/portal\/wp-content\/uploads\/2012\/06\/fiesta-sophia-casanova-4.jpg?resize=600%2C450\" alt=\"\" width=\"600\" height=\"450\" srcset=\"https:\/\/i0.wp.com\/eltrabajo.cl\/portal\/wp-content\/uploads\/2012\/06\/fiesta-sophia-casanova-4.jpg?w=600&amp;ssl=1 600w, https:\/\/i0.wp.com\/eltrabajo.cl\/portal\/wp-content\/uploads\/2012\/06\/fiesta-sophia-casanova-4.jpg?resize=200%2C150&amp;ssl=1 200w, https:\/\/i0.wp.com\/eltrabajo.cl\/portal\/wp-content\/uploads\/2012\/06\/fiesta-sophia-casanova-4.jpg?resize=300%2C225&amp;ssl=1 300w, https:\/\/i0.wp.com\/eltrabajo.cl\/portal\/wp-content\/uploads\/2012\/06\/fiesta-sophia-casanova-4.jpg?resize=150%2C112&amp;ssl=1 150w, https:\/\/i0.wp.com\/eltrabajo.cl\/portal\/wp-content\/uploads\/2012\/06\/fiesta-sophia-casanova-4.jpg?resize=400%2C300&amp;ssl=1 400w\" sizes=\"auto, (max-width: 600px) 100vw, 600px\" \/><\/a><figcaption id=\"caption-attachment-19809\" class=\"wp-caption-text\">Enfermeras, m\u00e9dicos y todo el personal de la Unidad de Agudos Pedi\u00e1tricos, se coludieron para celebrar su tercer cumplea\u00f1os a Soph\u00eda, la peque\u00f1a que desde su nacimiento ha debido permanecer hospitalizada.<\/figcaption><\/figure>\n<ul>\n<li><strong>Enfermeras, m\u00e9dicos y funcionarios del San Camilo le celebraron su tercer aniversario a menor que est\u00e1 hospitalizada desde que naci\u00f3 debido a un severo da\u00f1o pulmonar.<\/strong><\/li>\n<\/ul>\n<p>Aunque la mayor\u00eda de las noticias que aparecen de los hospitales p\u00fablicos hablan de denuncias y negligencias, la realidad al interior de los diferentes servicios cl\u00ednicos es muy diferente, puesto que la gran cantidad de los casos que no son noticia, demuestran el lado amable y humano de muchos servidores p\u00fablicos que sienten vocaci\u00f3n por lo que hacen.<\/p>\n<figure id=\"attachment_19810\" aria-describedby=\"caption-attachment-19810\" style=\"width: 300px\" class=\"wp-caption alignright\"><a href=\"http:\/\/www.eltrabajo.cl\/portal\/2012\/06\/pequena-que-cumple-tres-anos-hospitalizada-recibe-sorpresiva-fiesta\/fiesta-sophia-casanova-1\/\" rel=\"attachment wp-att-19810\"><img data-recalc-dims=\"1\" loading=\"lazy\" decoding=\"async\" class=\"size-medium wp-image-19810\" title=\"fiesta sophia casanova (1)\" src=\"https:\/\/i0.wp.com\/www.eltrabajo.cl\/portal\/wp-content\/uploads\/2012\/06\/fiesta-sophia-casanova-1-300x225.jpg?resize=300%2C225\" alt=\"\" width=\"300\" height=\"225\" srcset=\"https:\/\/i0.wp.com\/eltrabajo.cl\/portal\/wp-content\/uploads\/2012\/06\/fiesta-sophia-casanova-1.jpg?resize=300%2C225&amp;ssl=1 300w, https:\/\/i0.wp.com\/eltrabajo.cl\/portal\/wp-content\/uploads\/2012\/06\/fiesta-sophia-casanova-1.jpg?resize=200%2C150&amp;ssl=1 200w, https:\/\/i0.wp.com\/eltrabajo.cl\/portal\/wp-content\/uploads\/2012\/06\/fiesta-sophia-casanova-1.jpg?resize=150%2C112&amp;ssl=1 150w, https:\/\/i0.wp.com\/eltrabajo.cl\/portal\/wp-content\/uploads\/2012\/06\/fiesta-sophia-casanova-1.jpg?resize=400%2C300&amp;ssl=1 400w, https:\/\/i0.wp.com\/eltrabajo.cl\/portal\/wp-content\/uploads\/2012\/06\/fiesta-sophia-casanova-1.jpg?w=600&amp;ssl=1 600w\" sizes=\"auto, (max-width: 300px) 100vw, 300px\" \/><\/a><figcaption id=\"caption-attachment-19810\" class=\"wp-caption-text\">La festejada pide un deseo mientras se apronta a apagar la velita cumplea\u00f1era.<\/figcaption><\/figure>\n<p>Es as\u00ed como en el d\u00eda de ayer la peque\u00f1a Sophia Casanova Maulen, quien cumpli\u00f3 su tercer a\u00f1o de vida, tiempo durante el cual ha tenido que estar hospitalizada, recibi\u00f3 una agradable sorpresa cuando las enfermeras, m\u00e9dicos y todo el personal de la Unidad de Agudos Pedi\u00e1tricos, lleg\u00f3 acompa\u00f1ado de una torta, globos y regalos para celebrarle su cumplea\u00f1os, ya que el cari\u00f1o que se ha forjado en todo este tiempo va mucho m\u00e1s all\u00e1 de una simple relaci\u00f3n equipo-paciente.<\/p>\n<p>\u201cNosotros nos encari\u00f1amos con nuestros pacientes y queremos lo mejor para ellos, as\u00ed que en el caso de Soph\u00eda con mayor raz\u00f3n quisimos demostrarle ese afecto celebr\u00e1ndole su cumplea\u00f1os, para que no pasara desapercibido y ella sienta ese afecto\u201d, agreg\u00f3 el Dr. \u00c1lvaro Retamal, uno de sus m\u00e9dicos tratantes.<\/p>\n<p>Y es que para la Unidad de Agudos Pedi\u00e1tricos, esta peque\u00f1a es muy significativa, pues fue la primera paciente con la que se inaugur\u00f3 la unidad hace poco m\u00e1s de un a\u00f1o, ya que previamente hab\u00eda estado internada tanto en la Universidad Cat\u00f3lica como en la Cl\u00ednica de Rehabilitaci\u00f3n Los Coig\u00fces, desde donde lleg\u00f3 al San Camilo.<\/p>\n<figure id=\"attachment_19811\" aria-describedby=\"caption-attachment-19811\" style=\"width: 300px\" class=\"wp-caption alignleft\"><a href=\"http:\/\/www.eltrabajo.cl\/portal\/2012\/06\/pequena-que-cumple-tres-anos-hospitalizada-recibe-sorpresiva-fiesta\/fiesta-sophia-casanova-3\/\" rel=\"attachment wp-att-19811\"><img data-recalc-dims=\"1\" loading=\"lazy\" decoding=\"async\" class=\"size-medium wp-image-19811\" title=\"fiesta sophia casanova (3)\" src=\"https:\/\/i0.wp.com\/www.eltrabajo.cl\/portal\/wp-content\/uploads\/2012\/06\/fiesta-sophia-casanova-3-300x225.jpg?resize=300%2C225\" alt=\"\" width=\"300\" height=\"225\" srcset=\"https:\/\/i0.wp.com\/eltrabajo.cl\/portal\/wp-content\/uploads\/2012\/06\/fiesta-sophia-casanova-3.jpg?resize=300%2C225&amp;ssl=1 300w, https:\/\/i0.wp.com\/eltrabajo.cl\/portal\/wp-content\/uploads\/2012\/06\/fiesta-sophia-casanova-3.jpg?resize=200%2C150&amp;ssl=1 200w, https:\/\/i0.wp.com\/eltrabajo.cl\/portal\/wp-content\/uploads\/2012\/06\/fiesta-sophia-casanova-3.jpg?resize=150%2C112&amp;ssl=1 150w, https:\/\/i0.wp.com\/eltrabajo.cl\/portal\/wp-content\/uploads\/2012\/06\/fiesta-sophia-casanova-3.jpg?resize=400%2C300&amp;ssl=1 400w, https:\/\/i0.wp.com\/eltrabajo.cl\/portal\/wp-content\/uploads\/2012\/06\/fiesta-sophia-casanova-3.jpg?w=600&amp;ssl=1 600w\" sizes=\"auto, (max-width: 300px) 100vw, 300px\" \/><\/a><figcaption id=\"caption-attachment-19811\" class=\"wp-caption-text\">Con torta, globos y regalos fue la celebraci\u00f3n que emocion\u00f3 a la joven madre de la peque\u00f1a.<\/figcaption><\/figure>\n<p>Seg\u00fan el especialista, Soph\u00eda todav\u00eda tendr\u00e1 que estar un tiempo m\u00e1s hospitalizada, pero asegur\u00f3 tener fe en que gracias a todos los tratamientos que se le realizan, alg\u00fan d\u00eda pueda estar en su hogar y asistir al colegio como cualquier ni\u00f1a, comentando que la menor sufre de un da\u00f1o pulmonar cr\u00f3nico generado por una hernia diafragm\u00e1tica que la afect\u00f3 en su nacimiento.<\/p>\n<p>Mientras tanto, acciones solidarias y an\u00f3nimas similares a esta siguen ocurriendo d\u00eda a d\u00eda en las salas del hospital, ya que de los miles de pacientes que al a\u00f1o pasan por sus salas, muchos de ellos necesitan una mano amiga que los acoja, aunque nadie se entere ni felicite al personal por ello.<\/p>\n","protected":false},"excerpt":{"rendered":"<p>Enfermeras, m\u00e9dicos y funcionarios del San Camilo le celebraron su tercer aniversario a menor que est\u00e1 hospitalizada desde que naci\u00f3 debido a un severo da\u00f1o pulmonar. Aunque la mayor\u00eda de las noticias&#8230;<\/p>\n","protected":false},"author":482,"featured_media":19809,"comment_status":"open","ping_status":"closed","sticky":false,"template":"","format":"standard","meta":{"advanced_seo_description":"","jetpack_seo_html_title":"","jetpack_seo_noindex":false,"_jetpack_memberships_contains_paid_content":false,"footnotes":""},"categories":[15],"tags":[],"class_list":["post-19808","post","type-post","status-publish","format-standard","has-post-thumbnail","hentry","category-comunidad"],"jetpack_featured_media_url":"https:\/\/i0.wp.com\/eltrabajo.cl\/portal\/wp-content\/uploads\/2012\/06\/fiesta-sophia-casanova-4.jpg?fit=600%2C450&ssl=1","jetpack_sharing_enabled":true,"jetpack_likes_enabled":true,"jetpack-related-posts":[],"_links":{"self":[{"href":"https:\/\/eltrabajo.cl\/portal\/wp-json\/wp\/v2\/posts\/19808","targetHints":{"allow":["GET"]}}],"collection":[{"href":"https:\/\/eltrabajo.cl\/portal\/wp-json\/wp\/v2\/posts"}],"about":[{"href":"https:\/\/eltrabajo.cl\/portal\/wp-json\/wp\/v2\/types\/post"}],"author":[{"embeddable":true,"href":"https:\/\/eltrabajo.cl\/portal\/wp-json\/wp\/v2\/users\/482"}],"replies":[{"embeddable":true,"href":"https:\/\/eltrabajo.cl\/portal\/wp-json\/wp\/v2\/comments?post=19808"}],"version-history":[{"count":0,"href":"https:\/\/eltrabajo.cl\/portal\/wp-json\/wp\/v2\/posts\/19808\/revisions"}],"wp:featuredmedia":[{"embeddable":true,"href":"https:\/\/eltrabajo.cl\/portal\/wp-json\/wp\/v2\/media\/19809"}],"wp:attachment":[{"href":"https:\/\/eltrabajo.cl\/portal\/wp-json\/wp\/v2\/media?parent=19808"}],"wp:term":[{"taxonomy":"category","embeddable":true,"href":"https:\/\/eltrabajo.cl\/portal\/wp-json\/wp\/v2\/categories?post=19808"},{"taxonomy":"post_tag","embeddable":true,"href":"https:\/\/eltrabajo.cl\/portal\/wp-json\/wp\/v2\/tags?post=19808"}],"curies":[{"name":"wp","href":"https:\/\/api.w.org\/{rel}","templated":true}]}}