{"id":19815,"date":"2012-06-22T11:46:58","date_gmt":"2012-06-22T15:46:58","guid":{"rendered":"http:\/\/www.eltrabajo.cl\/portal\/?p=19815"},"modified":"2012-06-22T16:25:57","modified_gmt":"2012-06-22T20:25:57","slug":"profesora-de-46-anos-muere-en-choque-frontal-de-auto-con-microbus","status":"publish","type":"post","link":"https:\/\/eltrabajo.cl\/portal\/profesora-de-46-anos-muere-en-choque-frontal-de-auto-con-microbus\/","title":{"rendered":"Profesora de 46 a\u00f1os muere en choque frontal de auto con microb\u00fas"},"content":{"rendered":"<figure id=\"attachment_19816\" aria-describedby=\"caption-attachment-19816\" style=\"width: 269px\" class=\"wp-caption alignleft\"><a href=\"http:\/\/www.eltrabajo.cl\/portal\/2012\/06\/profesora-de-46-anos-muere-en-choque-frontal-de-auto-con-microbus\/maricela-cisternas\/\" rel=\"attachment wp-att-19816\"><img data-recalc-dims=\"1\" loading=\"lazy\" decoding=\"async\" class=\"size-medium wp-image-19816\" title=\"maricela cisternas\" src=\"https:\/\/i0.wp.com\/www.eltrabajo.cl\/portal\/wp-content\/uploads\/2012\/06\/maricela-cisternas-269x300.jpg?resize=269%2C300\" alt=\"\" width=\"269\" height=\"300\" srcset=\"https:\/\/i0.wp.com\/eltrabajo.cl\/portal\/wp-content\/uploads\/2012\/06\/maricela-cisternas.jpg?resize=269%2C300&amp;ssl=1 269w, https:\/\/i0.wp.com\/eltrabajo.cl\/portal\/wp-content\/uploads\/2012\/06\/maricela-cisternas.jpg?resize=134%2C150&amp;ssl=1 134w, https:\/\/i0.wp.com\/eltrabajo.cl\/portal\/wp-content\/uploads\/2012\/06\/maricela-cisternas.jpg?resize=400%2C445&amp;ssl=1 400w, https:\/\/i0.wp.com\/eltrabajo.cl\/portal\/wp-content\/uploads\/2012\/06\/maricela-cisternas.jpg?w=537&amp;ssl=1 537w\" sizes=\"auto, (max-width: 269px) 100vw, 269px\" \/><\/a><figcaption id=\"caption-attachment-19816\" class=\"wp-caption-text\">Mar\u00eda Maricela Cisternas Lobos, de 46 a\u00f1os, falleci\u00f3 de manera instant\u00e1nea.<\/figcaption><\/figure>\n<ol>\n<li>\u00a0<strong>Su hijo de 16 a\u00f1os, con quien viajaba, result\u00f3 con m\u00faltiples fracturas, siendo derivado al servicio de traumatolog\u00eda del hospital San Juan de Dios de Los Andes. Trabajador agr\u00edcola que viajaba en el microb\u00fas sali\u00f3 eyectado, resultando con fracturas m\u00faltiples.<\/strong><\/li>\n<\/ol>\n<p>Sylvia Vergara G. &#8211; Roberto Gonz\u00e1lez S.<\/p>\n<p>Una mujer de 46 a\u00f1os, identificada como Mar\u00eda Maricela Cisternas Lobos, falleci\u00f3 de manera instant\u00e1nea producto del choque que protagoniz\u00f3 el veh\u00edculo que conduc\u00eda, cuando impact\u00f3 de frente contra un microb\u00fas que transportaba a trabajadores agr\u00edcolas.<\/p>\n<p>El grave accidente de tr\u00e1nsito se registr\u00f3 pasadas las 18 horas, cuando Mar\u00eda Maricela se trasladaba en su veh\u00edculo Chevrolet Aveo, patente CK-JJ 36, en direcci\u00f3n oriente a poniente, con destino a la comuna de Llay-Llay donde resid\u00eda.<\/p>\n<figure id=\"attachment_19817\" aria-describedby=\"caption-attachment-19817\" style=\"width: 300px\" class=\"wp-caption alignright\"><a href=\"http:\/\/www.eltrabajo.cl\/portal\/2012\/06\/profesora-de-46-anos-muere-en-choque-frontal-de-auto-con-microbus\/pirca4\/\" rel=\"attachment wp-att-19817\"><img data-recalc-dims=\"1\" loading=\"lazy\" decoding=\"async\" class=\"size-medium wp-image-19817\" title=\"Pirca4\" src=\"https:\/\/i0.wp.com\/www.eltrabajo.cl\/portal\/wp-content\/uploads\/2012\/06\/Pirca4-300x225.jpg?resize=300%2C225\" alt=\"\" width=\"300\" height=\"225\" srcset=\"https:\/\/i0.wp.com\/eltrabajo.cl\/portal\/wp-content\/uploads\/2012\/06\/Pirca4.jpg?resize=300%2C225&amp;ssl=1 300w, https:\/\/i0.wp.com\/eltrabajo.cl\/portal\/wp-content\/uploads\/2012\/06\/Pirca4.jpg?resize=200%2C150&amp;ssl=1 200w, https:\/\/i0.wp.com\/eltrabajo.cl\/portal\/wp-content\/uploads\/2012\/06\/Pirca4.jpg?resize=150%2C112&amp;ssl=1 150w, https:\/\/i0.wp.com\/eltrabajo.cl\/portal\/wp-content\/uploads\/2012\/06\/Pirca4.jpg?resize=400%2C300&amp;ssl=1 400w, https:\/\/i0.wp.com\/eltrabajo.cl\/portal\/wp-content\/uploads\/2012\/06\/Pirca4.jpg?w=600&amp;ssl=1 600w\" sizes=\"auto, (max-width: 300px) 100vw, 300px\" \/><\/a><figcaption id=\"caption-attachment-19817\" class=\"wp-caption-text\">La imagen da cuenta de la fuerza del impacto, el que dej\u00f3 destruido al veh\u00edculo menor en que viajaba Mar\u00eda Maricela Cisternas Lobos y su hijo de 16 a\u00f1os, Camilo Arancibia Cisternas.<\/figcaption><\/figure>\n<p>La mujer viajaba en compa\u00f1\u00eda de su hijo de 16 a\u00f1os, identificado como Camilo Arancibia Cisternas, quien iba de copiloto, cuando al llegar al kil\u00f3metro 17 de la ruta 60 CH y frente a la poblaci\u00f3n La Pirca, trat\u00f3 de adelantar, no percat\u00e1ndose de la presencia en sentido contrario del microb\u00fas con el que impact\u00f3 de frente.<\/p>\n<p>La fuerza del impacto produjo que la mujer quedara atrapada dentro del veh\u00edculo menor y gravemente herida. Testigos del hecho llamaron de inmediato al Samu, quienes al llegar al lugar realizaron las maniobras de reanimaci\u00f3n, las que fueron in\u00fatiles, ya que la mujer muri\u00f3 a los pocos minutos.<\/p>\n<figure id=\"attachment_19818\" aria-describedby=\"caption-attachment-19818\" style=\"width: 300px\" class=\"wp-caption alignleft\"><a href=\"http:\/\/www.eltrabajo.cl\/portal\/2012\/06\/profesora-de-46-anos-muere-en-choque-frontal-de-auto-con-microbus\/pirca9\/\" rel=\"attachment wp-att-19818\"><img data-recalc-dims=\"1\" loading=\"lazy\" decoding=\"async\" class=\"size-medium wp-image-19818\" title=\"Pirca9\" src=\"https:\/\/i0.wp.com\/www.eltrabajo.cl\/portal\/wp-content\/uploads\/2012\/06\/Pirca9-300x225.jpg?resize=300%2C225\" alt=\"\" width=\"300\" height=\"225\" srcset=\"https:\/\/i0.wp.com\/eltrabajo.cl\/portal\/wp-content\/uploads\/2012\/06\/Pirca9.jpg?resize=300%2C225&amp;ssl=1 300w, https:\/\/i0.wp.com\/eltrabajo.cl\/portal\/wp-content\/uploads\/2012\/06\/Pirca9.jpg?resize=200%2C150&amp;ssl=1 200w, https:\/\/i0.wp.com\/eltrabajo.cl\/portal\/wp-content\/uploads\/2012\/06\/Pirca9.jpg?resize=150%2C112&amp;ssl=1 150w, https:\/\/i0.wp.com\/eltrabajo.cl\/portal\/wp-content\/uploads\/2012\/06\/Pirca9.jpg?resize=400%2C300&amp;ssl=1 400w, https:\/\/i0.wp.com\/eltrabajo.cl\/portal\/wp-content\/uploads\/2012\/06\/Pirca9.jpg?w=600&amp;ssl=1 600w\" sizes=\"auto, (max-width: 300px) 100vw, 300px\" \/><\/a><figcaption id=\"caption-attachment-19818\" class=\"wp-caption-text\">Mar\u00eda Maricela muri\u00f3 de manera casi instant\u00e1nea, siendo in\u00fatiles los esfuerzos de personal del Samu que realiz\u00f3 las maniobras de reanimaci\u00f3n.<\/figcaption><\/figure>\n<p>El hijo de la mujer tambi\u00e9n result\u00f3 con heridas de gravedad, por lo que de inmediato fue traslado al hospital San Camilo, donde el m\u00e9dico de turno le diagn\u00f3stico fracturas m\u00faltiples, por lo que fue trasladado al servicio de traumatolog\u00eda del hospital San Juan de Dios de Los Andes.<\/p>\n<p>La fuerza del impacto adem\u00e1s produjo que uno de los trabajadores que trasladaba el microb\u00fas, identificado como Juan Ram\u00f3n Tapia Garc\u00eda, de 56 a\u00f1os, saliera eyectado por el parabrisas, resultando con m\u00faltiples fracturas, por lo que tambi\u00e9n fue trasladado al servicio de urgencia del hospital San Camilo para su evaluaci\u00f3n.<\/p>\n<figure id=\"attachment_19819\" aria-describedby=\"caption-attachment-19819\" style=\"width: 300px\" class=\"wp-caption alignright\"><a href=\"http:\/\/www.eltrabajo.cl\/portal\/2012\/06\/profesora-de-46-anos-muere-en-choque-frontal-de-auto-con-microbus\/pirca8\/\" rel=\"attachment wp-att-19819\"><img data-recalc-dims=\"1\" loading=\"lazy\" decoding=\"async\" class=\"size-medium wp-image-19819\" title=\"Pirca8\" src=\"https:\/\/i0.wp.com\/www.eltrabajo.cl\/portal\/wp-content\/uploads\/2012\/06\/Pirca8-300x225.jpg?resize=300%2C225\" alt=\"\" width=\"300\" height=\"225\" srcset=\"https:\/\/i0.wp.com\/eltrabajo.cl\/portal\/wp-content\/uploads\/2012\/06\/Pirca8.jpg?resize=300%2C225&amp;ssl=1 300w, https:\/\/i0.wp.com\/eltrabajo.cl\/portal\/wp-content\/uploads\/2012\/06\/Pirca8.jpg?resize=200%2C150&amp;ssl=1 200w, https:\/\/i0.wp.com\/eltrabajo.cl\/portal\/wp-content\/uploads\/2012\/06\/Pirca8.jpg?resize=150%2C112&amp;ssl=1 150w, https:\/\/i0.wp.com\/eltrabajo.cl\/portal\/wp-content\/uploads\/2012\/06\/Pirca8.jpg?resize=400%2C300&amp;ssl=1 400w, https:\/\/i0.wp.com\/eltrabajo.cl\/portal\/wp-content\/uploads\/2012\/06\/Pirca8.jpg?w=600&amp;ssl=1 600w\" sizes=\"auto, (max-width: 300px) 100vw, 300px\" \/><\/a><figcaption id=\"caption-attachment-19819\" class=\"wp-caption-text\">El menor Camilo Arancibia Cisternas, de 16 a\u00f1os de edad e hijo de la profesora Mar\u00eda Maricela Cisternas Lobos, viajaba como copiloto y result\u00f3 gravemente herido.<\/figcaption><\/figure>\n<p>Producto del choque entre estos dos veh\u00edculos, el tr\u00e1nsito se mantuvo cortado por varias horas, por lo que Carabineros estableci\u00f3 desv\u00edos del tr\u00e1nsito por otros sectores de la comuna de Panquehue, con el fin de evitar la acumulaci\u00f3n de autos en el lugar.<\/p>\n<p>En el sitio del suceso trabaj\u00f3 personal de Carabineros de Panquehue y Bomberos, quienes tuvieron la misi\u00f3n de rescatar a las personas que viajaban en ambos veh\u00edculos.<\/p>\n<p>Al lugar tambi\u00e9n lleg\u00f3 personal de la SIAT de Carabineros, los que trabajaron por varias horas para establecer las causas del grave accidente de tr\u00e1nsito que tuvo consecuencias fatales.<\/p>\n","protected":false},"excerpt":{"rendered":"<p>\u00a0Su hijo de 16 a\u00f1os, con quien viajaba, result\u00f3 con m\u00faltiples fracturas, siendo derivado al servicio de traumatolog\u00eda del hospital San Juan de Dios de Los Andes. Trabajador agr\u00edcola que viajaba en&#8230;<\/p>\n","protected":false},"author":482,"featured_media":19816,"comment_status":"open","ping_status":"closed","sticky":false,"template":"","format":"standard","meta":{"advanced_seo_description":"","jetpack_seo_html_title":"","jetpack_seo_noindex":false,"_jetpack_memberships_contains_paid_content":false,"footnotes":""},"categories":[21],"tags":[],"class_list":["post-19815","post","type-post","status-publish","format-standard","has-post-thumbnail","hentry","category-policial"],"jetpack_featured_media_url":"https:\/\/i0.wp.com\/eltrabajo.cl\/portal\/wp-content\/uploads\/2012\/06\/maricela-cisternas.jpg?fit=537%2C598&ssl=1","jetpack_sharing_enabled":true,"jetpack_likes_enabled":true,"jetpack-related-posts":[],"_links":{"self":[{"href":"https:\/\/eltrabajo.cl\/portal\/wp-json\/wp\/v2\/posts\/19815","targetHints":{"allow":["GET"]}}],"collection":[{"href":"https:\/\/eltrabajo.cl\/portal\/wp-json\/wp\/v2\/posts"}],"about":[{"href":"https:\/\/eltrabajo.cl\/portal\/wp-json\/wp\/v2\/types\/post"}],"author":[{"embeddable":true,"href":"https:\/\/eltrabajo.cl\/portal\/wp-json\/wp\/v2\/users\/482"}],"replies":[{"embeddable":true,"href":"https:\/\/eltrabajo.cl\/portal\/wp-json\/wp\/v2\/comments?post=19815"}],"version-history":[{"count":0,"href":"https:\/\/eltrabajo.cl\/portal\/wp-json\/wp\/v2\/posts\/19815\/revisions"}],"wp:featuredmedia":[{"embeddable":true,"href":"https:\/\/eltrabajo.cl\/portal\/wp-json\/wp\/v2\/media\/19816"}],"wp:attachment":[{"href":"https:\/\/eltrabajo.cl\/portal\/wp-json\/wp\/v2\/media?parent=19815"}],"wp:term":[{"taxonomy":"category","embeddable":true,"href":"https:\/\/eltrabajo.cl\/portal\/wp-json\/wp\/v2\/categories?post=19815"},{"taxonomy":"post_tag","embeddable":true,"href":"https:\/\/eltrabajo.cl\/portal\/wp-json\/wp\/v2\/tags?post=19815"}],"curies":[{"name":"wp","href":"https:\/\/api.w.org\/{rel}","templated":true}]}}