{"id":19835,"date":"2012-06-25T09:15:57","date_gmt":"2012-06-25T13:15:57","guid":{"rendered":"http:\/\/www.eltrabajo.cl\/portal\/?p=19835"},"modified":"2012-06-25T09:15:58","modified_gmt":"2012-06-25T13:15:58","slug":"mas-de-80-dirigentes-sociales-se-capacitaron-en-politicas-publicas","status":"publish","type":"post","link":"https:\/\/eltrabajo.cl\/portal\/mas-de-80-dirigentes-sociales-se-capacitaron-en-politicas-publicas\/","title":{"rendered":"M\u00e1s de 80 dirigentes sociales se capacitaron en Pol\u00edticas P\u00fablicas"},"content":{"rendered":"<figure id=\"attachment_19836\" aria-describedby=\"caption-attachment-19836\" style=\"width: 600px\" class=\"wp-caption alignnone\"><a href=\"http:\/\/www.eltrabajo.cl\/portal\/2012\/06\/mas-de-80-dirigentes-sociales-se-capacitaron-en-politicas-publicas\/codelco1\/\" rel=\"attachment wp-att-19836\"><img data-recalc-dims=\"1\" loading=\"lazy\" decoding=\"async\" class=\"size-full wp-image-19836\" title=\"Codelco1\" src=\"https:\/\/i0.wp.com\/www.eltrabajo.cl\/portal\/wp-content\/uploads\/2012\/06\/Codelco1.jpg?resize=600%2C399\" alt=\"\" width=\"600\" height=\"399\" srcset=\"https:\/\/i0.wp.com\/eltrabajo.cl\/portal\/wp-content\/uploads\/2012\/06\/Codelco1.jpg?w=600&amp;ssl=1 600w, https:\/\/i0.wp.com\/eltrabajo.cl\/portal\/wp-content\/uploads\/2012\/06\/Codelco1.jpg?resize=200%2C133&amp;ssl=1 200w, https:\/\/i0.wp.com\/eltrabajo.cl\/portal\/wp-content\/uploads\/2012\/06\/Codelco1.jpg?resize=300%2C199&amp;ssl=1 300w, https:\/\/i0.wp.com\/eltrabajo.cl\/portal\/wp-content\/uploads\/2012\/06\/Codelco1.jpg?resize=150%2C99&amp;ssl=1 150w, https:\/\/i0.wp.com\/eltrabajo.cl\/portal\/wp-content\/uploads\/2012\/06\/Codelco1.jpg?resize=400%2C266&amp;ssl=1 400w\" sizes=\"auto, (max-width: 600px) 100vw, 600px\" \/><\/a><figcaption id=\"caption-attachment-19836\" class=\"wp-caption-text\">M\u00e1s de 80 dirigentes, pertenecientes a las comunas de San Felipe, Putaendo, Santa Mar\u00eda, Catemu, Panquehue y Llay Llay, participaron en este Taller sobre Pol\u00edticas P\u00fablicas.<\/figcaption><\/figure>\n<p>Un grupo superior a 80 dirigentes, pertenecientes a las comunas de San Felipe, Putaendo, Santa Mar\u00eda, Catemu, Panquehue y Llay Llay, todos de la provincia de San Felipe, participaron del Taller para Organizaciones Sociales, impulsados por la Secretar\u00eda Regional de Gobierno de la Quinta Regi\u00f3n y Codelco Divisi\u00f3n Andina, dentro de su pol\u00edtica del Buen Vecino.<\/p>\n<p>Estos Talleres buscan fortalecer las organizaciones de la sociedad civil y promover espacios en los que la ciudadan\u00eda pueda informarse, opinar e influir en la formulaci\u00f3n, ejecuci\u00f3n y evaluaci\u00f3n de la gesti\u00f3n p\u00fablica.<\/p>\n<p>La Gobernadora Patricia Boffa, efectu\u00f3 una detallada exposici\u00f3n sobre la planificaci\u00f3n familiar, ante determinadas emergencias y que grafica la obligatoriedad de ordenar el accionar de la comunidad.<\/p>\n<p>\u201cEl terremoto del 27 de febrero del 2010, pill\u00f3 a este pa\u00eds completamente sin organizaci\u00f3n y una adecuada capacidad de respuesta ante una emergencia como esta, por lo tanto, la idea fue hacer una detallada exposici\u00f3n de la importancia que tenemos como autoridad de Gobierno en la planificaci\u00f3n, ante terremotos, inundaciones, temporales e incendios forestales\u201d, detall\u00f3 Boffa.<\/p>\n<p>Manuel Rivera, Director de Desarrollo Comunitario y Asuntos Externos, valor\u00f3 la realizaci\u00f3n de esta jornada, que forma parte de lo que ha potenciado la divisi\u00f3n, su programa Buen Vecino.<\/p>\n<p>\u201cEs una alianza estrat\u00e9gica entre nosotros y la Seremi de Gobierno, para capacitar a nuestros dirigentes y nosotros como Codelco, nos vemos en la obligaci\u00f3n de avanzar en este tipo de materias, coment\u00f3 Rivera.<\/p>\n","protected":false},"excerpt":{"rendered":"<p>Un grupo superior a 80 dirigentes, pertenecientes a las comunas de San Felipe, Putaendo, Santa Mar\u00eda, Catemu, Panquehue y Llay Llay, todos de la provincia de San Felipe, participaron del Taller para&#8230;<\/p>\n","protected":false},"author":482,"featured_media":19836,"comment_status":"open","ping_status":"closed","sticky":false,"template":"","format":"standard","meta":{"advanced_seo_description":"","jetpack_seo_html_title":"","jetpack_seo_noindex":false,"_jetpack_memberships_contains_paid_content":false,"footnotes":""},"categories":[1],"tags":[],"class_list":["post-19835","post","type-post","status-publish","format-standard","has-post-thumbnail","hentry","category-cronica"],"jetpack_featured_media_url":"https:\/\/i0.wp.com\/eltrabajo.cl\/portal\/wp-content\/uploads\/2012\/06\/Codelco1.jpg?fit=600%2C399&ssl=1","jetpack_sharing_enabled":true,"jetpack_likes_enabled":true,"jetpack-related-posts":[],"_links":{"self":[{"href":"https:\/\/eltrabajo.cl\/portal\/wp-json\/wp\/v2\/posts\/19835","targetHints":{"allow":["GET"]}}],"collection":[{"href":"https:\/\/eltrabajo.cl\/portal\/wp-json\/wp\/v2\/posts"}],"about":[{"href":"https:\/\/eltrabajo.cl\/portal\/wp-json\/wp\/v2\/types\/post"}],"author":[{"embeddable":true,"href":"https:\/\/eltrabajo.cl\/portal\/wp-json\/wp\/v2\/users\/482"}],"replies":[{"embeddable":true,"href":"https:\/\/eltrabajo.cl\/portal\/wp-json\/wp\/v2\/comments?post=19835"}],"version-history":[{"count":0,"href":"https:\/\/eltrabajo.cl\/portal\/wp-json\/wp\/v2\/posts\/19835\/revisions"}],"wp:featuredmedia":[{"embeddable":true,"href":"https:\/\/eltrabajo.cl\/portal\/wp-json\/wp\/v2\/media\/19836"}],"wp:attachment":[{"href":"https:\/\/eltrabajo.cl\/portal\/wp-json\/wp\/v2\/media?parent=19835"}],"wp:term":[{"taxonomy":"category","embeddable":true,"href":"https:\/\/eltrabajo.cl\/portal\/wp-json\/wp\/v2\/categories?post=19835"},{"taxonomy":"post_tag","embeddable":true,"href":"https:\/\/eltrabajo.cl\/portal\/wp-json\/wp\/v2\/tags?post=19835"}],"curies":[{"name":"wp","href":"https:\/\/api.w.org\/{rel}","templated":true}]}}