{"id":19839,"date":"2012-06-25T09:20:05","date_gmt":"2012-06-25T13:20:05","guid":{"rendered":"http:\/\/www.eltrabajo.cl\/portal\/?p=19839"},"modified":"2012-06-25T10:04:37","modified_gmt":"2012-06-25T14:04:37","slug":"municipios-de-la-region-tramitaran-segundo-llamado-de-subsidio-para-clase-media","status":"publish","type":"post","link":"https:\/\/eltrabajo.cl\/portal\/municipios-de-la-region-tramitaran-segundo-llamado-de-subsidio-para-clase-media\/","title":{"rendered":"Municipios de la regi\u00f3n tramitar\u00e1n segundo llamado de Subsidio para Clase Media"},"content":{"rendered":"<figure id=\"attachment_19840\" aria-describedby=\"caption-attachment-19840\" style=\"width: 600px\" class=\"wp-caption alignnone\"><a href=\"http:\/\/www.eltrabajo.cl\/portal\/2012\/06\/municipios-de-la-region-tramitaran-segundo-llamado-de-subsidio-para-clase-media\/postulacion1\/\" rel=\"attachment wp-att-19840\"><img data-recalc-dims=\"1\" loading=\"lazy\" decoding=\"async\" class=\"size-full wp-image-19840\" title=\"Postulacion1\" src=\"https:\/\/i0.wp.com\/www.eltrabajo.cl\/portal\/wp-content\/uploads\/2012\/06\/Postulacion1.jpg?resize=600%2C450\" alt=\"\" width=\"600\" height=\"450\" srcset=\"https:\/\/i0.wp.com\/eltrabajo.cl\/portal\/wp-content\/uploads\/2012\/06\/Postulacion1.jpg?w=600&amp;ssl=1 600w, https:\/\/i0.wp.com\/eltrabajo.cl\/portal\/wp-content\/uploads\/2012\/06\/Postulacion1.jpg?resize=200%2C150&amp;ssl=1 200w, https:\/\/i0.wp.com\/eltrabajo.cl\/portal\/wp-content\/uploads\/2012\/06\/Postulacion1.jpg?resize=300%2C225&amp;ssl=1 300w, https:\/\/i0.wp.com\/eltrabajo.cl\/portal\/wp-content\/uploads\/2012\/06\/Postulacion1.jpg?resize=150%2C112&amp;ssl=1 150w, https:\/\/i0.wp.com\/eltrabajo.cl\/portal\/wp-content\/uploads\/2012\/06\/Postulacion1.jpg?resize=400%2C300&amp;ssl=1 400w\" sizes=\"auto, (max-width: 600px) 100vw, 600px\" \/><\/a><figcaption id=\"caption-attachment-19840\" class=\"wp-caption-text\">Muchas familias de la Clase Media podr\u00e1n postularse a este subsidio, mismo que rige desde el 28 de junio al 20 de julio.<\/figcaption><\/figure>\n<p>Los subsidios est\u00e1n orientados a adquirir viviendas de hasta 2.000 UF, con un monto de ayuda estatal que var\u00eda entre las 500 y 100 UF, dependiendo del valor de las viviendas o al tramo que se postule. A mayor grado de vulnerabilidad de la familia, mayor es el subsidio.<\/p>\n<p>Los requisitos generales de postulaci\u00f3n son: No ser propietario de vivienda o sitio, salvo que acredite que va a construir en dicho sitio; no haber sido beneficiario de subsidio habitacional o tener alguno vigente; y cumplir el ahorro m\u00ednimo exigido, entre otros.<\/p>\n<p>Para este llamado, adem\u00e1s de postular en las oficinas de Serviu, la comunidad podr\u00e1 tambi\u00e9n ingresar sus solicitudes en las oficinas de Chile Atiende (IPS) y en 15 municipios de las diversas provincias de la V Regi\u00f3n, de igual forma, se podr\u00e1n reservar las horas de atenci\u00f3n online a trav\u00e9s de www.serviuvalpo.cl.<\/p>\n<p>En el primer llamado de este a\u00f1o, fueron seleccionadas 847 familias de la regi\u00f3n de Valpara\u00edso, quienes postularon entre los meses de marzo y abril.<\/p>\n<p>En los dos primeros a\u00f1os de implementaci\u00f3n de este beneficio, se entregar\u00e1n en la V Regi\u00f3n alrededor de 5 mil subsidios, lo que involucra una inversi\u00f3n superior a los 32 mil millones de pesos.<\/p>\n","protected":false},"excerpt":{"rendered":"<p>Los subsidios est\u00e1n orientados a adquirir viviendas de hasta 2.000 UF, con un monto de ayuda estatal que var\u00eda entre las 500 y 100 UF, dependiendo del valor de las viviendas o&#8230;<\/p>\n","protected":false},"author":482,"featured_media":19840,"comment_status":"open","ping_status":"closed","sticky":false,"template":"","format":"standard","meta":{"advanced_seo_description":"","jetpack_seo_html_title":"","jetpack_seo_noindex":false,"_jetpack_memberships_contains_paid_content":false,"footnotes":""},"categories":[1],"tags":[],"class_list":["post-19839","post","type-post","status-publish","format-standard","has-post-thumbnail","hentry","category-cronica"],"jetpack_featured_media_url":"https:\/\/i0.wp.com\/eltrabajo.cl\/portal\/wp-content\/uploads\/2012\/06\/Postulacion1.jpg?fit=600%2C450&ssl=1","jetpack_sharing_enabled":true,"jetpack_likes_enabled":true,"jetpack-related-posts":[],"_links":{"self":[{"href":"https:\/\/eltrabajo.cl\/portal\/wp-json\/wp\/v2\/posts\/19839","targetHints":{"allow":["GET"]}}],"collection":[{"href":"https:\/\/eltrabajo.cl\/portal\/wp-json\/wp\/v2\/posts"}],"about":[{"href":"https:\/\/eltrabajo.cl\/portal\/wp-json\/wp\/v2\/types\/post"}],"author":[{"embeddable":true,"href":"https:\/\/eltrabajo.cl\/portal\/wp-json\/wp\/v2\/users\/482"}],"replies":[{"embeddable":true,"href":"https:\/\/eltrabajo.cl\/portal\/wp-json\/wp\/v2\/comments?post=19839"}],"version-history":[{"count":0,"href":"https:\/\/eltrabajo.cl\/portal\/wp-json\/wp\/v2\/posts\/19839\/revisions"}],"wp:featuredmedia":[{"embeddable":true,"href":"https:\/\/eltrabajo.cl\/portal\/wp-json\/wp\/v2\/media\/19840"}],"wp:attachment":[{"href":"https:\/\/eltrabajo.cl\/portal\/wp-json\/wp\/v2\/media?parent=19839"}],"wp:term":[{"taxonomy":"category","embeddable":true,"href":"https:\/\/eltrabajo.cl\/portal\/wp-json\/wp\/v2\/categories?post=19839"},{"taxonomy":"post_tag","embeddable":true,"href":"https:\/\/eltrabajo.cl\/portal\/wp-json\/wp\/v2\/tags?post=19839"}],"curies":[{"name":"wp","href":"https:\/\/api.w.org\/{rel}","templated":true}]}}