{"id":19843,"date":"2012-06-25T09:23:07","date_gmt":"2012-06-25T13:23:07","guid":{"rendered":"http:\/\/www.eltrabajo.cl\/portal\/?p=19843"},"modified":"2012-06-25T09:23:07","modified_gmt":"2012-06-25T13:23:07","slug":"putaendo-se-moviliza-con-todo-para-defender-el-agua-regalada-a-colbun","status":"publish","type":"post","link":"https:\/\/eltrabajo.cl\/portal\/putaendo-se-moviliza-con-todo-para-defender-el-agua-regalada-a-colbun\/","title":{"rendered":"Putaendo se moviliza con todo para defender el agua regalada a Colb\u00fan"},"content":{"rendered":"<figure id=\"attachment_19844\" aria-describedby=\"caption-attachment-19844\" style=\"width: 600px\" class=\"wp-caption alignnone\"><a href=\"http:\/\/www.eltrabajo.cl\/portal\/2012\/06\/putaendo-se-moviliza-con-todo-para-defender-el-agua-regalada-a-colbun\/reunion1-5\/\" rel=\"attachment wp-att-19844\"><img data-recalc-dims=\"1\" loading=\"lazy\" decoding=\"async\" class=\"size-full wp-image-19844\" title=\"Reuni\u00f3n1\" src=\"https:\/\/i0.wp.com\/www.eltrabajo.cl\/portal\/wp-content\/uploads\/2012\/06\/Reuni%C3%B3n1.jpg?resize=600%2C400\" alt=\"\" width=\"600\" height=\"400\" srcset=\"https:\/\/i0.wp.com\/eltrabajo.cl\/portal\/wp-content\/uploads\/2012\/06\/Reuni%C3%B3n1.jpg?w=600&amp;ssl=1 600w, https:\/\/i0.wp.com\/eltrabajo.cl\/portal\/wp-content\/uploads\/2012\/06\/Reuni%C3%B3n1.jpg?resize=200%2C133&amp;ssl=1 200w, https:\/\/i0.wp.com\/eltrabajo.cl\/portal\/wp-content\/uploads\/2012\/06\/Reuni%C3%B3n1.jpg?resize=300%2C200&amp;ssl=1 300w, https:\/\/i0.wp.com\/eltrabajo.cl\/portal\/wp-content\/uploads\/2012\/06\/Reuni%C3%B3n1.jpg?resize=150%2C100&amp;ssl=1 150w, https:\/\/i0.wp.com\/eltrabajo.cl\/portal\/wp-content\/uploads\/2012\/06\/Reuni%C3%B3n1.jpg?resize=400%2C266&amp;ssl=1 400w\" sizes=\"auto, (max-width: 600px) 100vw, 600px\" \/><\/a><figcaption id=\"caption-attachment-19844\" class=\"wp-caption-text\">Con el lema \u2018El agua es y ser\u00e1 de Putaendo\u2019, se arman de valor los putaendinos que seguir\u00e1n su lucha por su derecho al l\u00edquido y vital elemento.<\/figcaption><\/figure>\n<p><strong>PUTAENDO.-<\/strong> Con el acuerdo de patentar la frase \u2018El agua es y ser\u00e1 de Putaendo\u2019, al mediod\u00eda del viernes 22 de junio, la ciudadan\u00eda reunida con el Alcalde Guillermo Reyes y la Junta de Vigilancia, donde destac\u00f3 la presencia del Presb\u00edtero Pedro Salinas, Concejales; el Presidente de la C\u00e1mara de Comercio acompa\u00f1ado de varios de sus asociados; el dirigente de los Taxis Colectivos Esteban Casas; dirigentes de la Asamblea del Pueblo; dirigentes Gremiales; directores de Colegios; dirigentes vecinales en un gran n\u00famero reunidos en el gimnasio del Cuerpo de Bomberos de la comuna, se dio inicio a una reuni\u00f3n informativa por parte de lasa autoridades sobre los avances de las reuniones encabezadas por la Junta de Vigilancia de R\u00edo Putaendo, en el tema de los Derechos de Agua entregados a Colb\u00fan.<\/p>\n<figure id=\"attachment_19845\" aria-describedby=\"caption-attachment-19845\" style=\"width: 300px\" class=\"wp-caption alignright\"><a href=\"http:\/\/www.eltrabajo.cl\/portal\/2012\/06\/putaendo-se-moviliza-con-todo-para-defender-el-agua-regalada-a-colbun\/reyes-y-vega-reunion-por-defensa-del-embalse-4\/\" rel=\"attachment wp-att-19845\"><img data-recalc-dims=\"1\" loading=\"lazy\" decoding=\"async\" class=\"size-medium wp-image-19845\" title=\"reyes y vega Reunion por defensa del embalse 4\" src=\"https:\/\/i0.wp.com\/www.eltrabajo.cl\/portal\/wp-content\/uploads\/2012\/06\/reyes-y-vega-Reunion-por-defensa-del-embalse-4-300x205.jpg?resize=300%2C205\" alt=\"\" width=\"300\" height=\"205\" srcset=\"https:\/\/i0.wp.com\/eltrabajo.cl\/portal\/wp-content\/uploads\/2012\/06\/reyes-y-vega-Reunion-por-defensa-del-embalse-4.jpg?resize=300%2C205&amp;ssl=1 300w, https:\/\/i0.wp.com\/eltrabajo.cl\/portal\/wp-content\/uploads\/2012\/06\/reyes-y-vega-Reunion-por-defensa-del-embalse-4.jpg?resize=200%2C137&amp;ssl=1 200w, https:\/\/i0.wp.com\/eltrabajo.cl\/portal\/wp-content\/uploads\/2012\/06\/reyes-y-vega-Reunion-por-defensa-del-embalse-4.jpg?resize=150%2C102&amp;ssl=1 150w, https:\/\/i0.wp.com\/eltrabajo.cl\/portal\/wp-content\/uploads\/2012\/06\/reyes-y-vega-Reunion-por-defensa-del-embalse-4.jpg?resize=400%2C274&amp;ssl=1 400w, https:\/\/i0.wp.com\/eltrabajo.cl\/portal\/wp-content\/uploads\/2012\/06\/reyes-y-vega-Reunion-por-defensa-del-embalse-4.jpg?w=600&amp;ssl=1 600w\" sizes=\"auto, (max-width: 300px) 100vw, 300px\" \/><\/a><figcaption id=\"caption-attachment-19845\" class=\"wp-caption-text\">El Alcalde Guillermo Reyes y el Presidente de la Junta de Vigilancia, Miguel Vega, se refirieron a las gestiones realizadas hasta el momento en torno a esta problem\u00e1tica.<\/figcaption><\/figure>\n<p>Despu\u00e9s de escuchar un macizo informe de gesti\u00f3n del Alcalde Reyes y el Presidente de la Junta de Vigilancia, se acord\u00f3 el comienzo de un proceso de movilizaci\u00f3n de la Comuna, la que fue iniciada el 22 de junio, misma que se desarrollar\u00e1 en forma gradual, comenzando con un luto generalizado en los locales comerciales, viviendas, se pintaran los parabrisas traseros de los veh\u00edculos con el slogan \u2018El agua es y ser\u00e1 de Putaendo\u2019, dejando libertad de manifestaci\u00f3n no violenta a los distintos actores, hubo acuerdo generalizado para convocar a dos actos, el primero una velat\u00f3n para el martes 26 de junio a las 20:30 horas y a un acto inicial de las protestas en la Plaza de Armas, para el d\u00eda s\u00e1bado 7 de julio a las 19:00 horas, con manifestaciones art\u00edsticas y culturales.<\/p>\n<p>Los asistentes comprometieron sus esfuerzos a reunirse con sus asambleas y sensibilizar a la comunidad, sobre la importancia de que el agua no sea entregada a la empresa privada con fines comerciales del rubro el\u00e9ctrico.<\/p>\n<p>En la ocasi\u00f3n hubo discursos desde los m\u00e1s radicales de Izquierda, los conservadores de Derecha y los llamados a la Paz Social del Padre Pedro Salinas, que marcaron un sentido apoyo por sus orientaciones.<\/p>\n<p><strong>Patricio Gallardo M.<\/strong><\/p>\n","protected":false},"excerpt":{"rendered":"<p>PUTAENDO.- Con el acuerdo de patentar la frase \u2018El agua es y ser\u00e1 de Putaendo\u2019, al mediod\u00eda del viernes 22 de junio, la ciudadan\u00eda reunida con el Alcalde Guillermo Reyes y la&#8230;<\/p>\n","protected":false},"author":482,"featured_media":19844,"comment_status":"open","ping_status":"closed","sticky":false,"template":"","format":"standard","meta":{"advanced_seo_description":"","jetpack_seo_html_title":"","jetpack_seo_noindex":false,"_jetpack_memberships_contains_paid_content":false,"footnotes":""},"categories":[1],"tags":[],"class_list":["post-19843","post","type-post","status-publish","format-standard","has-post-thumbnail","hentry","category-cronica"],"jetpack_featured_media_url":"https:\/\/i0.wp.com\/eltrabajo.cl\/portal\/wp-content\/uploads\/2012\/06\/Reuni%C3%B3n1.jpg?fit=600%2C400&ssl=1","jetpack_sharing_enabled":true,"jetpack_likes_enabled":true,"jetpack-related-posts":[],"_links":{"self":[{"href":"https:\/\/eltrabajo.cl\/portal\/wp-json\/wp\/v2\/posts\/19843","targetHints":{"allow":["GET"]}}],"collection":[{"href":"https:\/\/eltrabajo.cl\/portal\/wp-json\/wp\/v2\/posts"}],"about":[{"href":"https:\/\/eltrabajo.cl\/portal\/wp-json\/wp\/v2\/types\/post"}],"author":[{"embeddable":true,"href":"https:\/\/eltrabajo.cl\/portal\/wp-json\/wp\/v2\/users\/482"}],"replies":[{"embeddable":true,"href":"https:\/\/eltrabajo.cl\/portal\/wp-json\/wp\/v2\/comments?post=19843"}],"version-history":[{"count":0,"href":"https:\/\/eltrabajo.cl\/portal\/wp-json\/wp\/v2\/posts\/19843\/revisions"}],"wp:featuredmedia":[{"embeddable":true,"href":"https:\/\/eltrabajo.cl\/portal\/wp-json\/wp\/v2\/media\/19844"}],"wp:attachment":[{"href":"https:\/\/eltrabajo.cl\/portal\/wp-json\/wp\/v2\/media?parent=19843"}],"wp:term":[{"taxonomy":"category","embeddable":true,"href":"https:\/\/eltrabajo.cl\/portal\/wp-json\/wp\/v2\/categories?post=19843"},{"taxonomy":"post_tag","embeddable":true,"href":"https:\/\/eltrabajo.cl\/portal\/wp-json\/wp\/v2\/tags?post=19843"}],"curies":[{"name":"wp","href":"https:\/\/api.w.org\/{rel}","templated":true}]}}