{"id":19848,"date":"2012-06-25T09:27:13","date_gmt":"2012-06-25T13:27:13","guid":{"rendered":"http:\/\/www.eltrabajo.cl\/portal\/?p=19848"},"modified":"2012-06-25T09:27:13","modified_gmt":"2012-06-25T13:27:13","slug":"ind-y-municipio-realizan-estudio-de-localizacion-de-nuevo-estadio","status":"publish","type":"post","link":"https:\/\/eltrabajo.cl\/portal\/ind-y-municipio-realizan-estudio-de-localizacion-de-nuevo-estadio\/","title":{"rendered":"IND y municipio realizan Estudio de Localizaci\u00f3n de nuevo estadio"},"content":{"rendered":"<figure id=\"attachment_19849\" aria-describedby=\"caption-attachment-19849\" style=\"width: 600px\" class=\"wp-caption alignnone\"><a href=\"http:\/\/www.eltrabajo.cl\/portal\/2012\/06\/ind-y-municipio-realizan-estudio-de-localizacion-de-nuevo-estadio\/reunion-ind-municipio-nuevo-estadio\/\" rel=\"attachment wp-att-19849\"><img data-recalc-dims=\"1\" loading=\"lazy\" decoding=\"async\" class=\"size-full wp-image-19849\" title=\"Reunion IND municipio nuevo estadio\" src=\"https:\/\/i0.wp.com\/www.eltrabajo.cl\/portal\/wp-content\/uploads\/2012\/06\/Reunion-IND-municipio-nuevo-estadio.jpg?resize=600%2C415\" alt=\"\" width=\"600\" height=\"415\" srcset=\"https:\/\/i0.wp.com\/eltrabajo.cl\/portal\/wp-content\/uploads\/2012\/06\/Reunion-IND-municipio-nuevo-estadio.jpg?w=600&amp;ssl=1 600w, https:\/\/i0.wp.com\/eltrabajo.cl\/portal\/wp-content\/uploads\/2012\/06\/Reunion-IND-municipio-nuevo-estadio.jpg?resize=200%2C138&amp;ssl=1 200w, https:\/\/i0.wp.com\/eltrabajo.cl\/portal\/wp-content\/uploads\/2012\/06\/Reunion-IND-municipio-nuevo-estadio.jpg?resize=300%2C207&amp;ssl=1 300w, https:\/\/i0.wp.com\/eltrabajo.cl\/portal\/wp-content\/uploads\/2012\/06\/Reunion-IND-municipio-nuevo-estadio.jpg?resize=150%2C103&amp;ssl=1 150w, https:\/\/i0.wp.com\/eltrabajo.cl\/portal\/wp-content\/uploads\/2012\/06\/Reunion-IND-municipio-nuevo-estadio.jpg?resize=400%2C276&amp;ssl=1 400w\" sizes=\"auto, (max-width: 600px) 100vw, 600px\" \/><\/a><figcaption id=\"caption-attachment-19849\" class=\"wp-caption-text\">Los equipos de trabajo del municipio y del IND se reunieron el viernes pasado para analizar aspectos del estudio de localizaci\u00f3n del nuevo estadio para la comuna.<\/figcaption><\/figure>\n<p>Sylvia Vergara &#8211; <a href=\"mailto:svergara@eltrabajo.cl\">svergara@eltrabajo.cl<\/a><\/p>\n<p>Los equipos de trabajo del Instituto Nacional de Deportes y de la Municipalidad de San Felipe, adem\u00e1s de algunos Consejeros Regionales, participaron en una Reuni\u00f3n T\u00e9cnica el viernes reci\u00e9n pasado, con el objetivo de trabajar en el dise\u00f1o del nuevo estadio para San Felipe.<\/p>\n<p>La primera fase del dise\u00f1o del estadio, tiene relaci\u00f3n con realizar el Estudio de Localizaci\u00f3n, por lo que en la reuni\u00f3n tambi\u00e9n particip\u00f3 el Arquitecto Urbanista que est\u00e1 realizando dicho Estudio, a quien se le entregaron algunos de los antecedentes que \u00e9l necesita para ese trabajo, adem\u00e1s de visitar algunos de los lugares donde podr\u00eda emplazarse el nuevo recinto deportivo, proceso que deber\u00eda terminar en el mes de septiembre, para luego pasar al dise\u00f1o propiamente tal de arquitectura del nuevo estadio, en base a las concusiones del estudio de localizaci\u00f3n,<\/p>\n<p>\u201cDe ah\u00ed en un a\u00f1o podr\u00edamos contar con el dise\u00f1o definitivo, esto es parte, ya hay una muestra que esto va caminando, avanzando y esperamos que prontamente podamos terminar con este anhelo de la ciudad de San Felipe\u201d, dijo Carlos Oliver, Encargado Regional del IND.<\/p>\n<p><strong>SEPTIEMBRE: \u2018MES CLAVE\u2019<\/strong><\/p>\n<p>El Estudio de Localizaci\u00f3n comienza con el an\u00e1lisis de la ubicaci\u00f3n actual del estadio y posteriormente a ello, se realizan algunas propuestas de cu\u00e1l ser\u00eda el lugar id\u00f3neo para instalar el nuevo reducto deportivo, lugar que ser\u00eda determinado en base a algunas caracter\u00edsticas de la ciudad, de su crecimiento hacia el futuro y los accesos que tiene.<\/p>\n<p>\u201cEste Estudio deber\u00eda estar concluido en septiembre de este a\u00f1o, dos o tres meses m\u00e1s y posterior a ese estudio, luego de determinar la localizaci\u00f3n, se iniciar\u00eda el dise\u00f1o propiamente tal del edificio\u201d, dijo Oliver.<\/p>\n<p>El Estudio tambi\u00e9n deber\u00eda establecer las alternativas que existen para contar con el nuevo estadio, entre las que se cuenta la compra de alg\u00fan terreno, por ejemplo.<\/p>\n<p>\u201cPor lo pronto, tenemos que ver cu\u00e1les son las alternativas posibles y esa es la primera etapa\u201d, dijo Oliver.<\/p>\n<p><strong>PROPUESTAS DEL \u00a0MUNICIPIO<\/strong><\/p>\n<p>Respecto de las propuestas para contar con un nuevo espacio para la construcci\u00f3n del nuevo estadio, la Municipalidad de San Felipe realiz\u00f3 un Estudio de Localizaci\u00f3n, el que fue encargado a la Escuela de Ingenier\u00eda de la Universidad Cat\u00f3lica.<\/p>\n<p>Dentro de ese Estudio, se realiz\u00f3 un an\u00e1lisis del Impacto Ac\u00fastico y Vial en determinados sectores donde podr\u00eda emplazarse el nuevo estadio.<\/p>\n<p>La propuesta principal del municipio, es que el nuevo estadio quede ubicado en el sector sur oriente de San Felipe, es decir lo m\u00e1s cercano al nuevo ingreso a la comuna, lo que generar\u00eda menos impacto en la ciudad.<\/p>\n<p>\u201cEl Estudio que nosotros colocamos a nuestro parecer, son tres alternativas, aer\u00f3dromo, fundo la Pe\u00f1a y Escuela Agr\u00edcola, el proyecto manifiesta en su evaluaci\u00f3n que el punto m\u00e1s adecuado es el punto Escuela Agr\u00edcola. Para eso tambi\u00e9n entendemos que el proyecto Escuela Agr\u00edcola necesita para el futuro una decisi\u00f3n y por eso vamos a ir a Valpara\u00edso a conversar con ambas Seremi, porque tambi\u00e9n estimamos que parte de los terrenos, que son agr\u00edcolas, con tierra de primera, est\u00e1n ubicados en el fundo la Pe\u00f1a, donde est\u00e1n ubicados los pozos y donde se le ha dado un car\u00e1cter regional estrat\u00e9gico, gran parte de esos terrenos puedan ser traspasados a Educaci\u00f3n, para desarrollar el inicio de una escuela modelo agr\u00edcola\u201d, dijo el Alcalde Jaime Amar.<\/p>\n<p><strong>MENOS PARA ESCUELA AGR\u00cdCOLA<\/strong><\/p>\n<p>El proyecto que plantea el municipio, que se podr\u00eda ejecutar en el sector que ocupa hoy d\u00eda la Escuela Agr\u00edcola, incorpora un parque, estadio, zonas para eventos y eso significar\u00eda sacar una cantidad importante de hect\u00e1reas a la escuela, pero dejar al establecimiento con alrededor de 25 hect\u00e1reas para su funcionamiento.<\/p>\n<p>\u201cLa propuesta inicial para generar un parque y el estadio estamos hablando de 20 hect\u00e1reas, la Escuela Agr\u00edcola tiene 57 hect\u00e1reas y tambi\u00e9n dentro de eso hay que considerar que una parte va a ser la continuaci\u00f3n de la calle Michimalongo, que va a cortar una parte de la escuela y eso est\u00e1 en desarrollo de ingenier\u00eda, de tal manera que Michimalongo termine con las cuatro pistas\u201d, dijo el jefe comunal.<\/p>\n","protected":false},"excerpt":{"rendered":"<p>Sylvia Vergara &#8211; svergara@eltrabajo.cl Los equipos de trabajo del Instituto Nacional de Deportes y de la Municipalidad de San Felipe, adem\u00e1s de algunos Consejeros Regionales, participaron en una Reuni\u00f3n T\u00e9cnica el viernes&#8230;<\/p>\n","protected":false},"author":482,"featured_media":19849,"comment_status":"open","ping_status":"closed","sticky":false,"template":"","format":"standard","meta":{"advanced_seo_description":"","jetpack_seo_html_title":"","jetpack_seo_noindex":false,"_jetpack_memberships_contains_paid_content":false,"footnotes":""},"categories":[1],"tags":[],"class_list":["post-19848","post","type-post","status-publish","format-standard","has-post-thumbnail","hentry","category-cronica"],"jetpack_featured_media_url":"https:\/\/i0.wp.com\/eltrabajo.cl\/portal\/wp-content\/uploads\/2012\/06\/Reunion-IND-municipio-nuevo-estadio.jpg?fit=600%2C415&ssl=1","jetpack_sharing_enabled":true,"jetpack_likes_enabled":true,"jetpack-related-posts":[],"_links":{"self":[{"href":"https:\/\/eltrabajo.cl\/portal\/wp-json\/wp\/v2\/posts\/19848","targetHints":{"allow":["GET"]}}],"collection":[{"href":"https:\/\/eltrabajo.cl\/portal\/wp-json\/wp\/v2\/posts"}],"about":[{"href":"https:\/\/eltrabajo.cl\/portal\/wp-json\/wp\/v2\/types\/post"}],"author":[{"embeddable":true,"href":"https:\/\/eltrabajo.cl\/portal\/wp-json\/wp\/v2\/users\/482"}],"replies":[{"embeddable":true,"href":"https:\/\/eltrabajo.cl\/portal\/wp-json\/wp\/v2\/comments?post=19848"}],"version-history":[{"count":0,"href":"https:\/\/eltrabajo.cl\/portal\/wp-json\/wp\/v2\/posts\/19848\/revisions"}],"wp:featuredmedia":[{"embeddable":true,"href":"https:\/\/eltrabajo.cl\/portal\/wp-json\/wp\/v2\/media\/19849"}],"wp:attachment":[{"href":"https:\/\/eltrabajo.cl\/portal\/wp-json\/wp\/v2\/media?parent=19848"}],"wp:term":[{"taxonomy":"category","embeddable":true,"href":"https:\/\/eltrabajo.cl\/portal\/wp-json\/wp\/v2\/categories?post=19848"},{"taxonomy":"post_tag","embeddable":true,"href":"https:\/\/eltrabajo.cl\/portal\/wp-json\/wp\/v2\/tags?post=19848"}],"curies":[{"name":"wp","href":"https:\/\/api.w.org\/{rel}","templated":true}]}}