{"id":19852,"date":"2012-06-25T09:30:08","date_gmt":"2012-06-25T13:30:08","guid":{"rendered":"http:\/\/www.eltrabajo.cl\/portal\/?p=19852"},"modified":"2012-06-25T09:30:08","modified_gmt":"2012-06-25T13:30:08","slug":"exitosa-cicletada-familiar-realizo-la-carrera-de-medicina-de-la-uv","status":"publish","type":"post","link":"https:\/\/eltrabajo.cl\/portal\/exitosa-cicletada-familiar-realizo-la-carrera-de-medicina-de-la-uv\/","title":{"rendered":"Exitosa Cicletada Familiar realiz\u00f3 la carrera de Medicina de la UV"},"content":{"rendered":"<figure id=\"attachment_19853\" aria-describedby=\"caption-attachment-19853\" style=\"width: 600px\" class=\"wp-caption alignnone\"><a href=\"http:\/\/www.eltrabajo.cl\/portal\/2012\/06\/exitosa-cicletada-familiar-realizo-la-carrera-de-medicina-de-la-uv\/cicletada1-3\/\" rel=\"attachment wp-att-19853\"><img data-recalc-dims=\"1\" loading=\"lazy\" decoding=\"async\" class=\"size-full wp-image-19853\" title=\"Cicletada1\" src=\"https:\/\/i0.wp.com\/www.eltrabajo.cl\/portal\/wp-content\/uploads\/2012\/06\/Cicletada1.jpg?resize=600%2C450\" alt=\"\" width=\"600\" height=\"450\" srcset=\"https:\/\/i0.wp.com\/eltrabajo.cl\/portal\/wp-content\/uploads\/2012\/06\/Cicletada1.jpg?w=600&amp;ssl=1 600w, https:\/\/i0.wp.com\/eltrabajo.cl\/portal\/wp-content\/uploads\/2012\/06\/Cicletada1.jpg?resize=200%2C150&amp;ssl=1 200w, https:\/\/i0.wp.com\/eltrabajo.cl\/portal\/wp-content\/uploads\/2012\/06\/Cicletada1.jpg?resize=300%2C225&amp;ssl=1 300w, https:\/\/i0.wp.com\/eltrabajo.cl\/portal\/wp-content\/uploads\/2012\/06\/Cicletada1.jpg?resize=150%2C112&amp;ssl=1 150w, https:\/\/i0.wp.com\/eltrabajo.cl\/portal\/wp-content\/uploads\/2012\/06\/Cicletada1.jpg?resize=400%2C300&amp;ssl=1 400w\" sizes=\"auto, (max-width: 600px) 100vw, 600px\" \/><\/a><figcaption id=\"caption-attachment-19853\" class=\"wp-caption-text\">Cientos de sanfelipe\u00f1os disfrutaron en grande esta cicletada de diez kil\u00f3metros, organizada por la carrera de Medicina de la U.V.<\/figcaption><\/figure>\n<p>Un positivo balance fue el que se hizo de la Primera Cicletada Familiar, realizada este s\u00e1bado en San Felipe, bajo la organizaci\u00f3n de la carrera de Medicina del Campus San Felipe de la Universidad de Valpara\u00edso, a trav\u00e9s de su \u00e1rea de Vinculaci\u00f3n con el medio, con el apoyo de los estudiantes de Medicina, as\u00ed como de las restantes carreras y la Federaci\u00f3n de Estudiantes de la UV.<\/p>\n<p>La cicletada tuvo su punto de partida y meta, en la Plaza C\u00edvica de San Felipe, lugar donde se congreg\u00f3 un centenar de adultos, j\u00f3venes y ni\u00f1os, quienes aceptaron la invitaci\u00f3n de la casa de estudios y se decidieron a hacer un recorrido de diez kil\u00f3metros de pedaleo. En la oportunidad, la coordinadora del \u00c1rea de Vinculaci\u00f3n con el medio de la carrera de Medicina, profesora Daisy Iturrieta, manifest\u00f3 a Diario El Trabajo, que esta es una de las primeras actividades que realiza la carrera, dejando entrever la inquietud que tiene, por aportar al engrandecimiento de San Felipe y de todo el valle.<\/p>\n<figure id=\"attachment_19854\" aria-describedby=\"caption-attachment-19854\" style=\"width: 300px\" class=\"wp-caption alignright\"><a href=\"http:\/\/www.eltrabajo.cl\/portal\/2012\/06\/exitosa-cicletada-familiar-realizo-la-carrera-de-medicina-de-la-uv\/cicletada2\/\" rel=\"attachment wp-att-19854\"><img data-recalc-dims=\"1\" loading=\"lazy\" decoding=\"async\" class=\"size-medium wp-image-19854\" title=\"Cicletada2\" src=\"https:\/\/i0.wp.com\/www.eltrabajo.cl\/portal\/wp-content\/uploads\/2012\/06\/Cicletada2-300x198.jpg?resize=300%2C198\" alt=\"\" width=\"300\" height=\"198\" srcset=\"https:\/\/i0.wp.com\/eltrabajo.cl\/portal\/wp-content\/uploads\/2012\/06\/Cicletada2.jpg?resize=300%2C198&amp;ssl=1 300w, https:\/\/i0.wp.com\/eltrabajo.cl\/portal\/wp-content\/uploads\/2012\/06\/Cicletada2.jpg?resize=200%2C132&amp;ssl=1 200w, https:\/\/i0.wp.com\/eltrabajo.cl\/portal\/wp-content\/uploads\/2012\/06\/Cicletada2.jpg?resize=150%2C99&amp;ssl=1 150w, https:\/\/i0.wp.com\/eltrabajo.cl\/portal\/wp-content\/uploads\/2012\/06\/Cicletada2.jpg?resize=400%2C264&amp;ssl=1 400w, https:\/\/i0.wp.com\/eltrabajo.cl\/portal\/wp-content\/uploads\/2012\/06\/Cicletada2.jpg?w=600&amp;ssl=1 600w\" sizes=\"auto, (max-width: 300px) 100vw, 300px\" \/><\/a><figcaption id=\"caption-attachment-19854\" class=\"wp-caption-text\">Algunos abuelitos aprovecharon tambi\u00e9n para ser chequeados en los estantes de Salud que tambi\u00e9n estaban a disposici\u00f3n del p\u00fablico este s\u00e1bado en la Plaza de Armas.<\/figcaption><\/figure>\n<p>\u201cEl \u00c1rea de Vinculaci\u00f3n con el medio, del \u00e1rea de Medicina, se ha propuesto en su plan de acci\u00f3n para el 2012, propiciar actividades y acciones dirigidas a la comunidad principalmente, enfocadas a la promoci\u00f3n de la salud. Esta es una de las primeras actividades que hacemos en el a\u00f1o y estamos muy contentos con el recibimiento de la comunidad, as\u00ed como con el apoyo de los centros de salud, de los establecimientos educacionales principalmente, por la difusi\u00f3n que se ha hecho a nivel interno de la actividad\u201d, precis\u00f3 Iturrieta.<\/p>\n<p>Junto con la realizaci\u00f3n de la cicletada, los estudiantes de las distintas carreras del campus, se instalaron con stands de atenci\u00f3n, oportunidad en la que se difundi\u00f3 la alimentaci\u00f3n saludable, estilos de vida sana y prevenci\u00f3n de enfermedades. A estos m\u00f3dulos de atenci\u00f3n se sum\u00f3 uno de los centros de salud Segismundo Iturra, Curim\u00f3n y Quebrada de Herrera.<\/p>\n<p>Entre los estudiantes de la Universidad de Valpara\u00edso, tambi\u00e9n fue posible advertir la satisfacci\u00f3n por el resultado de la actividad. Rodrigo Pe\u00f1aloza, alumno de la carrera de Medicina, destac\u00f3 la participaci\u00f3n de los estudiantes del campus universitario, as\u00ed como el inter\u00e9s de la comunidad estudiantil por aportar a la comunidad aconcag\u00fcina.<\/p>\n<p>\u201cEstamos muy conformes con todo el apoyo que hemos tenido de toda la comunidad, de los Cesfam y los colegios y jardines infantiles. Para nosotros es un orgullo hacernos presentes en el Valle de Aconcagua, porque esta iniciativa pretende hacer universidad dentro de la zona, para que nos conozcan y vean que no solamente podemos hacer cosas relacionadas con la salud a nivel de los hospitales y Cesfam, sino tambi\u00e9n a nivel externo\u201d, precis\u00f3 el estudiante.<\/p>\n<p>La cicletada estuvo marcada por la participaci\u00f3n de gente de todas las edades, destacando los Adultos Mayores que aceptaron el desaf\u00edo de pedalear los diez kil\u00f3metros que contemplaba esta cicletada.<\/p>\n","protected":false},"excerpt":{"rendered":"<p>Un positivo balance fue el que se hizo de la Primera Cicletada Familiar, realizada este s\u00e1bado en San Felipe, bajo la organizaci\u00f3n de la carrera de Medicina del Campus San Felipe de&#8230;<\/p>\n","protected":false},"author":482,"featured_media":19853,"comment_status":"open","ping_status":"closed","sticky":false,"template":"","format":"standard","meta":{"advanced_seo_description":"","jetpack_seo_html_title":"","jetpack_seo_noindex":false,"_jetpack_memberships_contains_paid_content":false,"footnotes":""},"categories":[15],"tags":[],"class_list":["post-19852","post","type-post","status-publish","format-standard","has-post-thumbnail","hentry","category-comunidad"],"jetpack_featured_media_url":"https:\/\/i0.wp.com\/eltrabajo.cl\/portal\/wp-content\/uploads\/2012\/06\/Cicletada1.jpg?fit=600%2C450&ssl=1","jetpack_sharing_enabled":true,"jetpack_likes_enabled":true,"jetpack-related-posts":[],"_links":{"self":[{"href":"https:\/\/eltrabajo.cl\/portal\/wp-json\/wp\/v2\/posts\/19852","targetHints":{"allow":["GET"]}}],"collection":[{"href":"https:\/\/eltrabajo.cl\/portal\/wp-json\/wp\/v2\/posts"}],"about":[{"href":"https:\/\/eltrabajo.cl\/portal\/wp-json\/wp\/v2\/types\/post"}],"author":[{"embeddable":true,"href":"https:\/\/eltrabajo.cl\/portal\/wp-json\/wp\/v2\/users\/482"}],"replies":[{"embeddable":true,"href":"https:\/\/eltrabajo.cl\/portal\/wp-json\/wp\/v2\/comments?post=19852"}],"version-history":[{"count":0,"href":"https:\/\/eltrabajo.cl\/portal\/wp-json\/wp\/v2\/posts\/19852\/revisions"}],"wp:featuredmedia":[{"embeddable":true,"href":"https:\/\/eltrabajo.cl\/portal\/wp-json\/wp\/v2\/media\/19853"}],"wp:attachment":[{"href":"https:\/\/eltrabajo.cl\/portal\/wp-json\/wp\/v2\/media?parent=19852"}],"wp:term":[{"taxonomy":"category","embeddable":true,"href":"https:\/\/eltrabajo.cl\/portal\/wp-json\/wp\/v2\/categories?post=19852"},{"taxonomy":"post_tag","embeddable":true,"href":"https:\/\/eltrabajo.cl\/portal\/wp-json\/wp\/v2\/tags?post=19852"}],"curies":[{"name":"wp","href":"https:\/\/api.w.org\/{rel}","templated":true}]}}