{"id":19857,"date":"2012-06-25T09:37:57","date_gmt":"2012-06-25T13:37:57","guid":{"rendered":"http:\/\/www.eltrabajo.cl\/portal\/?p=19857"},"modified":"2012-06-25T09:37:57","modified_gmt":"2012-06-25T13:37:57","slug":"camion-vuelca-espectacularmente-en-el-sector-de-las-vizcachas","status":"publish","type":"post","link":"https:\/\/eltrabajo.cl\/portal\/camion-vuelca-espectacularmente-en-el-sector-de-las-vizcachas\/","title":{"rendered":"Cami\u00f3n vuelca espectacularmente en el sector de Las Vizcachas"},"content":{"rendered":"<figure id=\"attachment_19858\" aria-describedby=\"caption-attachment-19858\" style=\"width: 600px\" class=\"wp-caption alignnone\"><a href=\"http:\/\/www.eltrabajo.cl\/portal\/2012\/06\/camion-vuelca-espectacularmente-en-el-sector-de-las-vizcachas\/camion2\/\" rel=\"attachment wp-att-19858\"><img data-recalc-dims=\"1\" loading=\"lazy\" decoding=\"async\" class=\"size-full wp-image-19858\" title=\"Camion2\" src=\"https:\/\/i0.wp.com\/www.eltrabajo.cl\/portal\/wp-content\/uploads\/2012\/06\/Camion2.jpg?resize=600%2C450\" alt=\"\" width=\"600\" height=\"450\" srcset=\"https:\/\/i0.wp.com\/eltrabajo.cl\/portal\/wp-content\/uploads\/2012\/06\/Camion2.jpg?w=600&amp;ssl=1 600w, https:\/\/i0.wp.com\/eltrabajo.cl\/portal\/wp-content\/uploads\/2012\/06\/Camion2.jpg?resize=200%2C150&amp;ssl=1 200w, https:\/\/i0.wp.com\/eltrabajo.cl\/portal\/wp-content\/uploads\/2012\/06\/Camion2.jpg?resize=300%2C225&amp;ssl=1 300w, https:\/\/i0.wp.com\/eltrabajo.cl\/portal\/wp-content\/uploads\/2012\/06\/Camion2.jpg?resize=150%2C112&amp;ssl=1 150w, https:\/\/i0.wp.com\/eltrabajo.cl\/portal\/wp-content\/uploads\/2012\/06\/Camion2.jpg?resize=400%2C300&amp;ssl=1 400w\" sizes=\"auto, (max-width: 600px) 100vw, 600px\" \/><\/a><figcaption id=\"caption-attachment-19858\" class=\"wp-caption-text\">Los brasile\u00f1os, Marcos Antonio Magobi y Gilberto Marcelo Da Silva, quedaron por algunos minutos, atrapados en el interior de la cabina.<\/figcaption><\/figure>\n<p><strong>LOS ANDES.-\u00a0\u00a0<\/strong>Un cami\u00f3n con patente brasile\u00f1a y cargado con 20 toneladas de manzanas, volc\u00f3 espectacularmente la tarde de este viernes en la Ruta Internacional CH 60, dejando como saldo dos personas lesionadas. El accidente se produjo pasadas las 14:00 horas en la curva existente en el kil\u00f3metro 9, sector Las Vizcachas, cuando el cami\u00f3n de la empresa Mervel, que se dirig\u00eda hacia la frontera, al enfrentar una curva se sali\u00f3 de su pista y volc\u00f3 hacia la derecha.<\/p>\n<figure id=\"attachment_19859\" aria-describedby=\"caption-attachment-19859\" style=\"width: 300px\" class=\"wp-caption alignright\"><a href=\"http:\/\/www.eltrabajo.cl\/portal\/2012\/06\/camion-vuelca-espectacularmente-en-el-sector-de-las-vizcachas\/camion1\/\" rel=\"attachment wp-att-19859\"><img data-recalc-dims=\"1\" loading=\"lazy\" decoding=\"async\" class=\"size-medium wp-image-19859\" title=\"Camion1\" src=\"https:\/\/i0.wp.com\/www.eltrabajo.cl\/portal\/wp-content\/uploads\/2012\/06\/Camion1-300x222.jpg?resize=300%2C222\" alt=\"\" width=\"300\" height=\"222\" srcset=\"https:\/\/i0.wp.com\/eltrabajo.cl\/portal\/wp-content\/uploads\/2012\/06\/Camion1.jpg?resize=300%2C222&amp;ssl=1 300w, https:\/\/i0.wp.com\/eltrabajo.cl\/portal\/wp-content\/uploads\/2012\/06\/Camion1.jpg?resize=200%2C148&amp;ssl=1 200w, https:\/\/i0.wp.com\/eltrabajo.cl\/portal\/wp-content\/uploads\/2012\/06\/Camion1.jpg?resize=150%2C111&amp;ssl=1 150w, https:\/\/i0.wp.com\/eltrabajo.cl\/portal\/wp-content\/uploads\/2012\/06\/Camion1.jpg?resize=400%2C296&amp;ssl=1 400w, https:\/\/i0.wp.com\/eltrabajo.cl\/portal\/wp-content\/uploads\/2012\/06\/Camion1.jpg?w=600&amp;ssl=1 600w\" sizes=\"auto, (max-width: 300px) 100vw, 300px\" \/><\/a><figcaption id=\"caption-attachment-19859\" class=\"wp-caption-text\">As\u00ed qued\u00f3 el cami\u00f3n con patente brasile\u00f1a y cargado con 20 toneladas de manzanas, que volc\u00f3 espectacularmente la tarde de este viernes en la Ruta Internacional CH 60, dejando como saldo dos personas lesionadas.<\/figcaption><\/figure>\n<p>Como consecuencia de lo anterior, sus dos ocupantes identificados como los ciudadanos brasile\u00f1os Marcos Antonio Magobi y Gilberto Marcelo Da Silva, quedaron atrapados en el interior de la cabina, por lo cual fue necesaria la presencia de la Unidad de Rescate de la Primera Compa\u00f1\u00eda de Bomberos y del SAMU.<\/p>\n<p>Una vez que los heridos fueron rescatados, se los deriv\u00f3 \u00a0hasta el Servicio de Urgencia del Hospital San Juan de Dios, a fin de evaluar sus lesiones.<\/p>\n<p>Asimismo, debi\u00f3 concurrir personal de la Unidad de Emergencias Qu\u00edmicas de la Segunda Compa\u00f1\u00eda para verificar cualquier posible derrame de combustible desde el estanque del cami\u00f3n al r\u00edo, cosa que no ocurri\u00f3.<\/p>\n<p>En tanto Carabineros adopt\u00f3 el procedimiento de rigor a fin de regular el tr\u00e1nsito diferido de los veh\u00edculos.<\/p>\n","protected":false},"excerpt":{"rendered":"<p>LOS ANDES.-\u00a0\u00a0Un cami\u00f3n con patente brasile\u00f1a y cargado con 20 toneladas de manzanas, volc\u00f3 espectacularmente la tarde de este viernes en la Ruta Internacional CH 60, dejando como saldo dos personas lesionadas&#8230;.<\/p>\n","protected":false},"author":482,"featured_media":19858,"comment_status":"open","ping_status":"closed","sticky":false,"template":"","format":"standard","meta":{"advanced_seo_description":"","jetpack_seo_html_title":"","jetpack_seo_noindex":false,"_jetpack_memberships_contains_paid_content":false,"footnotes":""},"categories":[21],"tags":[],"class_list":["post-19857","post","type-post","status-publish","format-standard","has-post-thumbnail","hentry","category-policial"],"jetpack_featured_media_url":"https:\/\/i0.wp.com\/eltrabajo.cl\/portal\/wp-content\/uploads\/2012\/06\/Camion2.jpg?fit=600%2C450&ssl=1","jetpack_sharing_enabled":true,"jetpack_likes_enabled":true,"jetpack-related-posts":[],"_links":{"self":[{"href":"https:\/\/eltrabajo.cl\/portal\/wp-json\/wp\/v2\/posts\/19857","targetHints":{"allow":["GET"]}}],"collection":[{"href":"https:\/\/eltrabajo.cl\/portal\/wp-json\/wp\/v2\/posts"}],"about":[{"href":"https:\/\/eltrabajo.cl\/portal\/wp-json\/wp\/v2\/types\/post"}],"author":[{"embeddable":true,"href":"https:\/\/eltrabajo.cl\/portal\/wp-json\/wp\/v2\/users\/482"}],"replies":[{"embeddable":true,"href":"https:\/\/eltrabajo.cl\/portal\/wp-json\/wp\/v2\/comments?post=19857"}],"version-history":[{"count":0,"href":"https:\/\/eltrabajo.cl\/portal\/wp-json\/wp\/v2\/posts\/19857\/revisions"}],"wp:featuredmedia":[{"embeddable":true,"href":"https:\/\/eltrabajo.cl\/portal\/wp-json\/wp\/v2\/media\/19858"}],"wp:attachment":[{"href":"https:\/\/eltrabajo.cl\/portal\/wp-json\/wp\/v2\/media?parent=19857"}],"wp:term":[{"taxonomy":"category","embeddable":true,"href":"https:\/\/eltrabajo.cl\/portal\/wp-json\/wp\/v2\/categories?post=19857"},{"taxonomy":"post_tag","embeddable":true,"href":"https:\/\/eltrabajo.cl\/portal\/wp-json\/wp\/v2\/tags?post=19857"}],"curies":[{"name":"wp","href":"https:\/\/api.w.org\/{rel}","templated":true}]}}