{"id":19863,"date":"2012-06-25T09:47:55","date_gmt":"2012-06-25T13:47:55","guid":{"rendered":"http:\/\/www.eltrabajo.cl\/portal\/?p=19863"},"modified":"2012-06-25T09:47:55","modified_gmt":"2012-06-25T13:47:55","slug":"escalofriante-confesion-de-nicole-leiva-%e2%80%9cdejamos-a-la-nina-tendida-en-el-suelo-se-le-rocio-combustible-y-se-le-prendio-fuego%e2%80%a6%e2%80%9d","status":"publish","type":"post","link":"https:\/\/eltrabajo.cl\/portal\/escalofriante-confesion-de-nicole-leiva-%e2%80%9cdejamos-a-la-nina-tendida-en-el-suelo-se-le-rocio-combustible-y-se-le-prendio-fuego%e2%80%a6%e2%80%9d\/","title":{"rendered":"Escalofriante confesi\u00f3n de Nicole Leiva: \u201cDejamos a la ni\u00f1a tendida en el suelo, se le roci\u00f3 combustible y se le prendi\u00f3 fuego\u2026\u201d"},"content":{"rendered":"<figure id=\"attachment_19864\" aria-describedby=\"caption-attachment-19864\" style=\"width: 300px\" class=\"wp-caption alignleft\"><a href=\"http:\/\/www.eltrabajo.cl\/portal\/2012\/06\/escalofriante-confesion-de-nicole-leiva-%e2%80%9cdejamos-a-la-nina-tendida-en-el-suelo-se-le-rocio-combustible-y-se-le-prendio-fuego%e2%80%a6%e2%80%9d\/juicio-katalina\/\" rel=\"attachment wp-att-19864\"><img data-recalc-dims=\"1\" loading=\"lazy\" decoding=\"async\" class=\"size-medium wp-image-19864\" title=\"Juicio katalina\" src=\"https:\/\/i0.wp.com\/www.eltrabajo.cl\/portal\/wp-content\/uploads\/2012\/06\/Juicio-katalina-300x216.jpg?resize=300%2C216\" alt=\"\" width=\"300\" height=\"216\" srcset=\"https:\/\/i0.wp.com\/eltrabajo.cl\/portal\/wp-content\/uploads\/2012\/06\/Juicio-katalina.jpg?resize=300%2C216&amp;ssl=1 300w, https:\/\/i0.wp.com\/eltrabajo.cl\/portal\/wp-content\/uploads\/2012\/06\/Juicio-katalina.jpg?resize=200%2C144&amp;ssl=1 200w, https:\/\/i0.wp.com\/eltrabajo.cl\/portal\/wp-content\/uploads\/2012\/06\/Juicio-katalina.jpg?resize=150%2C108&amp;ssl=1 150w, https:\/\/i0.wp.com\/eltrabajo.cl\/portal\/wp-content\/uploads\/2012\/06\/Juicio-katalina.jpg?resize=400%2C288&amp;ssl=1 400w, https:\/\/i0.wp.com\/eltrabajo.cl\/portal\/wp-content\/uploads\/2012\/06\/Juicio-katalina.jpg?w=600&amp;ssl=1 600w\" sizes=\"auto, (max-width: 300px) 100vw, 300px\" \/><\/a><figcaption id=\"caption-attachment-19864\" class=\"wp-caption-text\">Al menos una semana durar\u00e1 este Juicio Oral que busca asentar responsabilidades en torno a la muerte de la peque\u00f1a Katalina.<\/figcaption><\/figure>\n<p><strong>LOS ANDES.-<\/strong> Las extensas declaraciones de m\u00e1s de dos horas, de Nicole Leiva Sol\u00eds y Robinson Zamora Gonz\u00e1lez, marcaron la primera jornada del Juicio Oral en su contra, por el horrendo crimen de la peque\u00f1a Katalina Cerda Alcorce, ocurrido el 24 de \u00a0junio de 2009. Ambos Imputados detallaron latamente su relaci\u00f3n con la madre de Katalina y c\u00f3mo \u00e9sta, les dej\u00f3 al cuidado la ni\u00f1a, a quien acogieron como su hija y le bridaron alimentaci\u00f3n y cuidados.<\/p>\n<p>Adem\u00e1s, reafirmaron sus declaraciones judiciales anteriores en cuanto a que las lesiones sufridas por la ni\u00f1a fueron producto de una ca\u00edda cuando jugaba sobre una cama.<\/p>\n<p><strong>\u201cBRINCABAN EN LA CAMA\u201d<\/strong><\/p>\n<p>Respecto al d\u00eda en que la peque\u00f1a Katalina habr\u00eda sufrido el presunto accidente,\u00a0Nicole Leiva relat\u00f3\u00a0que la ni\u00f1a estaba jugando con otra menor, saltando de una cama a la otra, \u201cY yo desde lejos escucho un llanto. Me dirig\u00ed a la habitaci\u00f3n y encuentro a la ni\u00f1a en el suelo, la tomo, fui a la casa de mi suegra, le pongo un cuchillo en cruz en la frente, ya que ella ten\u00eda una peque\u00f1a inflamaci\u00f3n en la frente\u201d, detall\u00f3 Leiva.<\/p>\n<p>\u201cEn la noche, la ni\u00f1a present\u00f3 v\u00f3mitos, situaci\u00f3n que con mi marido pensamos que era producto de que estuviese empachada u ojeada, por lo que la llevamos a una se\u00f1ora que se llama Juana, ella le quit\u00f3 el empacho y dijo que la ni\u00f1a estaba ojeada. De ah\u00ed nos fuimos directamente a la casa y as\u00ed pasaron los d\u00edas, la \u00c1ngela segu\u00eda llegando a la casa y Robinson como siempre, le pon\u00eda luz en el entorno de la ni\u00f1a para que la pudiera ver y saludar\u201d, asegur\u00f3 Nicole.<\/p>\n<p>Afirm\u00f3 que el d\u00eda 24 de junio de 2009, la ni\u00f1a segu\u00eda presentando v\u00f3mitos, \u201cSituaci\u00f3n que yo no le comuniqu\u00e9 a mi marido y le di un agua de yerba, pensando que era producto del mismo empacho. En la madrugada del d\u00eda 25, \u00c1ngela hab\u00eda llegado, Robinson le pone luz a la ni\u00f1a, saluda y la ni\u00f1a tambi\u00e9n. Transcurri\u00f3 m\u00e1s o menos una hora y la ni\u00f1a empieza con convulsiones. Robinson me pregunta qu\u00e9 era lo que estaba pasando, le respondo que no sab\u00eda, me dice que la va a vestir para que la llev\u00e1ramos al hospital. A todo esto, \u00c1ngela nunca nos quiso hacer una entrega de ning\u00fan documento de la ni\u00f1a, pero igual la \u00edbamos a llevar al hospital, porque se ve\u00eda mal. Me dice que le diga a la hermana, si por favor le presta el auto o fuera a tomar un taxi, no alcanc\u00e9 a hacer eso, ya que Robinson se percata que la ni\u00f1a ten\u00eda la nariz helada y de hecho a los pocos segundos la ni\u00f1a falleci\u00f3 en sus brazos, no pod\u00edamos creer lo que estaba pasando\u201d, relat\u00f3 la Imputada.<\/p>\n<p>CADENA DE MENTIRAS<\/p>\n<p>Nicole Leiva dijo que salieron de la casa junto a su marido y se dirigieron a una cancha donde, luego de conversar un rato, habr\u00edan sentido p\u00e1nico de la situaci\u00f3n y decidieron llevar el cuerpo inerte de la ni\u00f1a a otro lugar.<\/p>\n<p>\u00a0\u201cAmbos tomamos un colectivo baj\u00e1ndonos en la Ambrosio, caminando por un callej\u00f3n llegamos a un potrero, dejamos a la ni\u00f1a tendida en el suelo, se le roci\u00f3 combustible y se le prendi\u00f3 fuego, pasaron cuatro segundos m\u00e1s o menos, y Robinson se abalanz\u00f3 sobre la ni\u00f1a gritando que no pod\u00edan seguir con ello. No obstante a eso, la ni\u00f1a fue enterrada. Despu\u00e9s hablo con Robinson y le digo que se vaya, porque necesitaba estar sola, que se fuera a su casa. Trascurridas las horas, lo llamo del centro y le digo que le diga a \u00c1ngela que la ni\u00f1a se me hab\u00eda perdido en la ciudad de Santiago\u201d, confes\u00f3 Nicole Leiva.<\/p>\n<p>Sin embargo, durante el extenso relato, se produjeron algunas contracciones que llevaron al Ministerio P\u00fablico, representado por su Fiscal Jefe Ricardo Reinoso, a asegurar la tesis del Ministerio P\u00fablico en cuanto a que se trata de un Homicidio Calificado, situaci\u00f3n que espera acreditar en los pr\u00f3ximos d\u00edas, cuando se deban rendir las pruebas.<\/p>\n<p>No obstante, la Abogada Marcela Tapia Silva, quien est\u00e1 a cargo de la Defensa, insisti\u00f3 que la muerte de Katalina se produjo porque no se proporcionaron los auxilios m\u00e9dicos adecuados, por lo que a lo m\u00e1s se tratar\u00eda de un Homicidio por Omisi\u00f3n.<\/p>\n<p>La Jurista indic\u00f3, que la causa de muerte est\u00e1 catalogada como \u2018indeterminada\u2019 y por ello la Defensa se basar\u00e1 en argumentos estrictamente jur\u00eddicos.<\/p>\n<p>\u201cLa figura jur\u00eddica es algo que va a determinar el Tribunal Oral en lo Penal. Nosotros vamos a argumentar en torno a esta tesis, que sostenemos\u00a0que la ni\u00f1a tuvo una lesi\u00f3n producto de una ca\u00edda, los peritos van a declarar en torno a las caracter\u00edsticas de esa lesi\u00f3n, van a aparecer elementos que no han sido conocidos por la Prensa y que guardan relaci\u00f3n m\u00e1s bien con lo que nosotros estamos planteando, porque hasta ahora todos los elementos que la Prensa tiene, dicen relaci\u00f3n con lo que sostiene el Ministerio P\u00fablico y no con elementos objetivos ni pruebas periciales que en el d\u00eda del Juicio Oral, podr\u00e1n acceder cuando los peritos declaren\u201d, expuso Tapia.<\/p>\n<p>De opini\u00f3n contraria es el Abogado de la Unidad de Apoyo de V\u00edctimas de Delitos Violentos del Ministerio del Interior, Sebasti\u00e1n Hern\u00e1ndez, quien como parte querellante, insisti\u00f3 que las pruebas de la Fiscal\u00eda son contundentes en cuanto a que se trata de un Homicidio Calificado.<\/p>\n<p>El juicio contra ambos imputados continuar\u00e1 el pr\u00f3ximo lunes y se espera que a lo menos se prolongue por una semana, dada la declaraci\u00f3n que deber\u00e1n hacer gran cantidad de peritos y testigos.<\/p>\n","protected":false},"excerpt":{"rendered":"<p>LOS ANDES.- Las extensas declaraciones de m\u00e1s de dos horas, de Nicole Leiva Sol\u00eds y Robinson Zamora Gonz\u00e1lez, marcaron la primera jornada del Juicio Oral en su contra, por el horrendo crimen&#8230;<\/p>\n","protected":false},"author":482,"featured_media":19864,"comment_status":"open","ping_status":"closed","sticky":false,"template":"","format":"standard","meta":{"advanced_seo_description":"","jetpack_seo_html_title":"","jetpack_seo_noindex":false,"_jetpack_memberships_contains_paid_content":false,"footnotes":""},"categories":[21],"tags":[],"class_list":["post-19863","post","type-post","status-publish","format-standard","has-post-thumbnail","hentry","category-policial"],"jetpack_featured_media_url":"https:\/\/i0.wp.com\/eltrabajo.cl\/portal\/wp-content\/uploads\/2012\/06\/Juicio-katalina.jpg?fit=600%2C432&ssl=1","jetpack_sharing_enabled":true,"jetpack_likes_enabled":true,"jetpack-related-posts":[],"_links":{"self":[{"href":"https:\/\/eltrabajo.cl\/portal\/wp-json\/wp\/v2\/posts\/19863","targetHints":{"allow":["GET"]}}],"collection":[{"href":"https:\/\/eltrabajo.cl\/portal\/wp-json\/wp\/v2\/posts"}],"about":[{"href":"https:\/\/eltrabajo.cl\/portal\/wp-json\/wp\/v2\/types\/post"}],"author":[{"embeddable":true,"href":"https:\/\/eltrabajo.cl\/portal\/wp-json\/wp\/v2\/users\/482"}],"replies":[{"embeddable":true,"href":"https:\/\/eltrabajo.cl\/portal\/wp-json\/wp\/v2\/comments?post=19863"}],"version-history":[{"count":0,"href":"https:\/\/eltrabajo.cl\/portal\/wp-json\/wp\/v2\/posts\/19863\/revisions"}],"wp:featuredmedia":[{"embeddable":true,"href":"https:\/\/eltrabajo.cl\/portal\/wp-json\/wp\/v2\/media\/19864"}],"wp:attachment":[{"href":"https:\/\/eltrabajo.cl\/portal\/wp-json\/wp\/v2\/media?parent=19863"}],"wp:term":[{"taxonomy":"category","embeddable":true,"href":"https:\/\/eltrabajo.cl\/portal\/wp-json\/wp\/v2\/categories?post=19863"},{"taxonomy":"post_tag","embeddable":true,"href":"https:\/\/eltrabajo.cl\/portal\/wp-json\/wp\/v2\/tags?post=19863"}],"curies":[{"name":"wp","href":"https:\/\/api.w.org\/{rel}","templated":true}]}}