{"id":19867,"date":"2012-06-25T09:50:45","date_gmt":"2012-06-25T13:50:45","guid":{"rendered":"http:\/\/www.eltrabajo.cl\/portal\/?p=19867"},"modified":"2012-06-25T09:50:45","modified_gmt":"2012-06-25T13:50:45","slug":"asaltaron-vivienda-ataron-a-familia-y-huyeron-con-su-auto-y-especies","status":"publish","type":"post","link":"https:\/\/eltrabajo.cl\/portal\/asaltaron-vivienda-ataron-a-familia-y-huyeron-con-su-auto-y-especies\/","title":{"rendered":"Asaltaron vivienda, ataron a familia y huyeron con su auto y especies"},"content":{"rendered":"<figure id=\"attachment_19868\" aria-describedby=\"caption-attachment-19868\" style=\"width: 300px\" class=\"wp-caption alignleft\"><a href=\"http:\/\/www.eltrabajo.cl\/portal\/2012\/06\/asaltaron-vivienda-ataron-a-familia-y-huyeron-con-su-auto-y-especies\/mayor-arancibia-3\/\" rel=\"attachment wp-att-19868\"><img data-recalc-dims=\"1\" loading=\"lazy\" decoding=\"async\" class=\"size-medium wp-image-19868\" title=\"mayor Arancibia\" src=\"https:\/\/i0.wp.com\/www.eltrabajo.cl\/portal\/wp-content\/uploads\/2012\/06\/mayor-Arancibia-300x225.jpg?resize=300%2C225\" alt=\"\" width=\"300\" height=\"225\" srcset=\"https:\/\/i0.wp.com\/eltrabajo.cl\/portal\/wp-content\/uploads\/2012\/06\/mayor-Arancibia.jpg?resize=300%2C225&amp;ssl=1 300w, https:\/\/i0.wp.com\/eltrabajo.cl\/portal\/wp-content\/uploads\/2012\/06\/mayor-Arancibia.jpg?resize=200%2C150&amp;ssl=1 200w, https:\/\/i0.wp.com\/eltrabajo.cl\/portal\/wp-content\/uploads\/2012\/06\/mayor-Arancibia.jpg?resize=150%2C112&amp;ssl=1 150w, https:\/\/i0.wp.com\/eltrabajo.cl\/portal\/wp-content\/uploads\/2012\/06\/mayor-Arancibia.jpg?resize=400%2C300&amp;ssl=1 400w, https:\/\/i0.wp.com\/eltrabajo.cl\/portal\/wp-content\/uploads\/2012\/06\/mayor-Arancibia.jpg?w=600&amp;ssl=1 600w\" sizes=\"auto, (max-width: 300px) 100vw, 300px\" \/><\/a><figcaption id=\"caption-attachment-19868\" class=\"wp-caption-text\">Mayor Marcelo Arancibia, Comisario de San Felipe.<\/figcaption><\/figure>\n<p>Sylvia Vergara &#8211; <a href=\"mailto:svergara@eltrabajo.cl\">svergara@eltrabajo.cl<\/a><\/p>\n<p>Con bastante violencia y armados con un rev\u00f3lver y una escopeta, tres sujetos ingresaron a una vivienda de la comuna de Santa Mar\u00eda en busca de dinero, amenazaron y golpearon al due\u00f1o de casa y se dieron a la fuga en el veh\u00edculo de la familia.<\/p>\n<p>El hecho ocurri\u00f3 alrededor de las tres de la madrugada del s\u00e1bado, cuando un tr\u00edo de hampones ingresaron a una vivienda de la poblaci\u00f3n Pablo Neruda en la comuna de Santa Mar\u00eda, quienes despertaron a la familia, los maniataron y le pidieron dinero al due\u00f1o de casa, identificado como J.F.O.L. de 39 a\u00f1os. Al se\u00f1alarles que no ten\u00edan dinero en la casa, los sujetos, que estaban premunidos de una escopeta y un rev\u00f3lver, lo golpearon en el rostro y comenzaron a sustraer distintas especies, entre ellas un veh\u00edculo marca Chevrolet Spark en el cual precisamente utilizaron para darse a la fuga.<\/p>\n<p>Una vez que la familia pudo reaccionar, llamaron al Nivel 133 de Emergencia de Carabineros, para dar cuenta de la situaci\u00f3n, momento en que se efectu\u00f3 el encargo de veh\u00edculo a todos los destacamentos y al personal en la poblaci\u00f3n.<\/p>\n<p>Minutos m\u00e1s tarde, personal del Ret\u00e9n Panquehue inform\u00f3 que el veh\u00edculo hab\u00eda sido avistado en la Ruta Ch 60, por lo que comenz\u00f3 el seguimiento del m\u00f3vil por esa misma ruta, sum\u00e1ndose a la persecuci\u00f3n personal de la Tenencia de Catemu y la Subcomisar\u00eda I.A.T.<\/p>\n<p>Los antisociales continuaron su fuga por la Ruta 5 en direcci\u00f3n al sur, traslad\u00e1ndose a m\u00e1s de 140 kil\u00f3metros por hora, sin embargo al acercarse al peaje de Lampa, fueron identificados y detenidos dos de los antisociales por personal policial que se encontraba en el lugar. El operativo policial permiti\u00f3 la recuperaci\u00f3n de las especies que hab\u00edan sido sustra\u00eddas por los sujetos, aunque no se pudo dar con el paradero de las armas utilizadas, por lo que el personal especializado de la SIP contin\u00faa la investigaci\u00f3n para su ubicaci\u00f3n.<\/p>\n<p>Los sujetos fueron trasladados hasta la Segunda Comisar\u00eda de San Felipe y pasaron a Control de Detenci\u00f3n, al Juzgado de Garant\u00eda local.<\/p>\n<p><strong>DETENIDOS<\/strong><\/p>\n<p>Los antisociales fueron identificados como Abd\u00f3n Manuel Morales Arizt\u00eda, de 18 a\u00f1os de edad, con residencia en la ciudad de Vi\u00f1a del Mar y quien registra adem\u00e1s 18 \u00f3rdenes de detenci\u00f3n y una vigente.<\/p>\n<p>El segundo delincuente detenido fue identificado como P.S.M.G., de 17 a\u00f1os de edad, tambi\u00e9n con residencia en Vi\u00f1a del Mar y quien presenta cinco \u00f3rdenes de detenci\u00f3n y dos vigentes.<\/p>\n","protected":false},"excerpt":{"rendered":"<p>Sylvia Vergara &#8211; svergara@eltrabajo.cl Con bastante violencia y armados con un rev\u00f3lver y una escopeta, tres sujetos ingresaron a una vivienda de la comuna de Santa Mar\u00eda en busca de dinero, amenazaron&#8230;<\/p>\n","protected":false},"author":482,"featured_media":19868,"comment_status":"open","ping_status":"closed","sticky":false,"template":"","format":"standard","meta":{"advanced_seo_description":"","jetpack_seo_html_title":"","jetpack_seo_noindex":false,"_jetpack_memberships_contains_paid_content":false,"footnotes":""},"categories":[21],"tags":[],"class_list":["post-19867","post","type-post","status-publish","format-standard","has-post-thumbnail","hentry","category-policial"],"jetpack_featured_media_url":"https:\/\/i0.wp.com\/eltrabajo.cl\/portal\/wp-content\/uploads\/2012\/06\/mayor-Arancibia.jpg?fit=600%2C450&ssl=1","jetpack_sharing_enabled":true,"jetpack_likes_enabled":true,"jetpack-related-posts":[],"_links":{"self":[{"href":"https:\/\/eltrabajo.cl\/portal\/wp-json\/wp\/v2\/posts\/19867","targetHints":{"allow":["GET"]}}],"collection":[{"href":"https:\/\/eltrabajo.cl\/portal\/wp-json\/wp\/v2\/posts"}],"about":[{"href":"https:\/\/eltrabajo.cl\/portal\/wp-json\/wp\/v2\/types\/post"}],"author":[{"embeddable":true,"href":"https:\/\/eltrabajo.cl\/portal\/wp-json\/wp\/v2\/users\/482"}],"replies":[{"embeddable":true,"href":"https:\/\/eltrabajo.cl\/portal\/wp-json\/wp\/v2\/comments?post=19867"}],"version-history":[{"count":0,"href":"https:\/\/eltrabajo.cl\/portal\/wp-json\/wp\/v2\/posts\/19867\/revisions"}],"wp:featuredmedia":[{"embeddable":true,"href":"https:\/\/eltrabajo.cl\/portal\/wp-json\/wp\/v2\/media\/19868"}],"wp:attachment":[{"href":"https:\/\/eltrabajo.cl\/portal\/wp-json\/wp\/v2\/media?parent=19867"}],"wp:term":[{"taxonomy":"category","embeddable":true,"href":"https:\/\/eltrabajo.cl\/portal\/wp-json\/wp\/v2\/categories?post=19867"},{"taxonomy":"post_tag","embeddable":true,"href":"https:\/\/eltrabajo.cl\/portal\/wp-json\/wp\/v2\/tags?post=19867"}],"curies":[{"name":"wp","href":"https:\/\/api.w.org\/{rel}","templated":true}]}}