{"id":19872,"date":"2012-06-25T09:49:50","date_gmt":"2012-06-25T13:49:50","guid":{"rendered":"http:\/\/www.eltrabajo.cl\/portal\/?p=19872"},"modified":"2012-06-25T09:56:43","modified_gmt":"2012-06-25T13:56:43","slug":"roban-equipo-de-computo-en-oficina-provincial-en-que-opera-el-censo","status":"publish","type":"post","link":"https:\/\/eltrabajo.cl\/portal\/roban-equipo-de-computo-en-oficina-provincial-en-que-opera-el-censo\/","title":{"rendered":"Roban equipo de c\u00f3mputo en oficina provincial en que opera el Censo"},"content":{"rendered":"<figure id=\"attachment_19873\" aria-describedby=\"caption-attachment-19873\" style=\"width: 600px\" class=\"wp-caption alignnone\"><a href=\"http:\/\/www.eltrabajo.cl\/portal\/2012\/06\/roban-equipo-de-computo-en-oficina-provincial-en-que-opera-el-censo\/robo-censo-4\/\" rel=\"attachment wp-att-19873\"><img data-recalc-dims=\"1\" loading=\"lazy\" decoding=\"async\" class=\"size-full wp-image-19873\" title=\"robo censo (4)\" src=\"https:\/\/i0.wp.com\/www.eltrabajo.cl\/portal\/wp-content\/uploads\/2012\/06\/robo-censo-4.jpg?resize=600%2C450\" alt=\"\" width=\"600\" height=\"450\" srcset=\"https:\/\/i0.wp.com\/eltrabajo.cl\/portal\/wp-content\/uploads\/2012\/06\/robo-censo-4.jpg?w=600&amp;ssl=1 600w, https:\/\/i0.wp.com\/eltrabajo.cl\/portal\/wp-content\/uploads\/2012\/06\/robo-censo-4.jpg?resize=200%2C150&amp;ssl=1 200w, https:\/\/i0.wp.com\/eltrabajo.cl\/portal\/wp-content\/uploads\/2012\/06\/robo-censo-4.jpg?resize=300%2C225&amp;ssl=1 300w, https:\/\/i0.wp.com\/eltrabajo.cl\/portal\/wp-content\/uploads\/2012\/06\/robo-censo-4.jpg?resize=150%2C112&amp;ssl=1 150w, https:\/\/i0.wp.com\/eltrabajo.cl\/portal\/wp-content\/uploads\/2012\/06\/robo-censo-4.jpg?resize=400%2C300&amp;ssl=1 400w\" sizes=\"auto, (max-width: 600px) 100vw, 600px\" \/><\/a><figcaption id=\"caption-attachment-19873\" class=\"wp-caption-text\">La casa donde funcionaba el proceso de Censo en San Felipe no contaba con alarma.<\/figcaption><\/figure>\n<p>Sylvia Vegara &#8211; <a href=\"mailto:svergara@eltrabajo.cl\">svergara@eltrabajo.cl<\/a><\/p>\n<p>Tres computadores, impresoras y un tel\u00e9fono celular, fueron sustra\u00eddos desde la oficina donde se coordina el proceso del Censo a nivel provincial, ubicada en Villa El Carmen. El hecho qued\u00f3 al descubierto el viernes reci\u00e9n pasado, cuando la encargada comunal lleg\u00f3 a trabajar en horas de la ma\u00f1ana a la oficina y encontr\u00f3 el port\u00f3n abierto, lo que le llam\u00f3 la atenci\u00f3n, por lo que hizo un recorrido por la casa y se percat\u00f3 que la puerta que da a la cocina estaba abierta.<\/p>\n<p>De inmediato se comunicaron con Mar\u00eda de los \u00c1ngeles Gonz\u00e1lez, la Encargada Provincial, quien llam\u00f3 a Carabineros para informar la situaci\u00f3n.<\/p>\n<figure id=\"attachment_19874\" aria-describedby=\"caption-attachment-19874\" style=\"width: 300px\" class=\"wp-caption alignright\"><a href=\"http:\/\/www.eltrabajo.cl\/portal\/2012\/06\/roban-equipo-de-computo-en-oficina-provincial-en-que-opera-el-censo\/robo-censo\/\" rel=\"attachment wp-att-19874\"><img data-recalc-dims=\"1\" loading=\"lazy\" decoding=\"async\" class=\"size-medium wp-image-19874\" title=\"robo censo\" src=\"https:\/\/i0.wp.com\/www.eltrabajo.cl\/portal\/wp-content\/uploads\/2012\/06\/robo-censo-300x225.jpg?resize=300%2C225\" alt=\"\" width=\"300\" height=\"225\" srcset=\"https:\/\/i0.wp.com\/eltrabajo.cl\/portal\/wp-content\/uploads\/2012\/06\/robo-censo.jpg?resize=300%2C225&amp;ssl=1 300w, https:\/\/i0.wp.com\/eltrabajo.cl\/portal\/wp-content\/uploads\/2012\/06\/robo-censo.jpg?resize=200%2C150&amp;ssl=1 200w, https:\/\/i0.wp.com\/eltrabajo.cl\/portal\/wp-content\/uploads\/2012\/06\/robo-censo.jpg?resize=150%2C112&amp;ssl=1 150w, https:\/\/i0.wp.com\/eltrabajo.cl\/portal\/wp-content\/uploads\/2012\/06\/robo-censo.jpg?resize=400%2C300&amp;ssl=1 400w, https:\/\/i0.wp.com\/eltrabajo.cl\/portal\/wp-content\/uploads\/2012\/06\/robo-censo.jpg?w=600&amp;ssl=1 600w\" sizes=\"auto, (max-width: 300px) 100vw, 300px\" \/><\/a><figcaption id=\"caption-attachment-19874\" class=\"wp-caption-text\">Por este port\u00f3n pudieron haber ingresado los antisociales, el que fue encontrado abierto por Carabineros.<\/figcaption><\/figure>\n<p>Seg\u00fan se pudo establecer, los censistas se retiraron alrededor de las 18:30 horas del jueves a sus domicilios y pasadas las 23 horas, los vecinos del sector vieron luz en el domicilio, pero no informaron de la situaci\u00f3n a Carabineros, por lo que los antisociales habr\u00edan tenido el tiempo para recorrer las instalaciones y llevarse tres computadores y un tel\u00e9fono celular que pertenec\u00eda a la oficina.<\/p>\n<p>Cuando la encargada comunal lleg\u00f3 en la ma\u00f1ana del viernes a trabajar y realiz\u00f3 el recorrido para constatar la situaci\u00f3n, pudo apreciar que faltaban los computadores.<\/p>\n<p>\u201cTen\u00edamos tres computadores nuevos en esta oficina; mas las impresoras; mas los modems correspondientes y un tel\u00e9fono de la oficina\u201d, dijo la encargada provincial.<\/p>\n<p><strong>CONFIDENCIALIDAD DE DATOS PERMANECE<\/strong><\/p>\n<p>En horas de la ma\u00f1ana los encargados del Censo todav\u00eda no pod\u00edan ingresar a las dependencias, a la espera que la Polic\u00eda realizara el peritaje correspondiente, por lo que no pod\u00edan evaluar si los antisociales hab\u00edan sustra\u00eddo material censal, que pudiera afectar el proceso.<\/p>\n<p>\u201cComputadores s\u00ed ten\u00edan planillas de informaci\u00f3n del Censo, pero no a nivel de detalle, sino que efectivamente ten\u00edamos tantos portafolios, tantos sectores eran y tantas viviendas se encuestaron, pero no m\u00e1s de eso, no ten\u00edamos nombres, no hay direcciones, en ning\u00fan momento, porque nosotros no la recopilamos ah\u00ed, porque toda la informaci\u00f3n se sube a una plataforma INE, por temas de seguridad, no hay direcciones, poblaciones, no est\u00e1n los datos de las personas, en ese sentido la ciudadan\u00eda se tiene que quedar tranquila\u201d, dijo Gonz\u00e1lez.<\/p>\n<p>Sin embargo, la Encargada Provincial, esperaba que no hubieran tocado las cajas que conten\u00eda el material en papel, porque de esa manera podr\u00eda verse afectado el proceso y tener que repetirse las encuestas.<\/p>\n<p>La casa fue arrendada por la Municipalidad y no contaba con alarma.<\/p>\n<p>Los materiales sustra\u00eddos fueron avaluados en m\u00e1s de un mill\u00f3n de pesos, ya que se trataba de equipos nuevos, comprados por el municipio con recursos de la Subdere.<\/p>\n","protected":false},"excerpt":{"rendered":"<p>Sylvia Vegara &#8211; svergara@eltrabajo.cl Tres computadores, impresoras y un tel\u00e9fono celular, fueron sustra\u00eddos desde la oficina donde se coordina el proceso del Censo a nivel provincial, ubicada en Villa El Carmen. El&#8230;<\/p>\n","protected":false},"author":482,"featured_media":19873,"comment_status":"open","ping_status":"closed","sticky":false,"template":"","format":"standard","meta":{"advanced_seo_description":"","jetpack_seo_html_title":"","jetpack_seo_noindex":false,"_jetpack_memberships_contains_paid_content":false,"footnotes":""},"categories":[21],"tags":[],"class_list":["post-19872","post","type-post","status-publish","format-standard","has-post-thumbnail","hentry","category-policial"],"jetpack_featured_media_url":"https:\/\/i0.wp.com\/eltrabajo.cl\/portal\/wp-content\/uploads\/2012\/06\/robo-censo-4.jpg?fit=600%2C450&ssl=1","jetpack_sharing_enabled":true,"jetpack_likes_enabled":true,"jetpack-related-posts":[],"_links":{"self":[{"href":"https:\/\/eltrabajo.cl\/portal\/wp-json\/wp\/v2\/posts\/19872","targetHints":{"allow":["GET"]}}],"collection":[{"href":"https:\/\/eltrabajo.cl\/portal\/wp-json\/wp\/v2\/posts"}],"about":[{"href":"https:\/\/eltrabajo.cl\/portal\/wp-json\/wp\/v2\/types\/post"}],"author":[{"embeddable":true,"href":"https:\/\/eltrabajo.cl\/portal\/wp-json\/wp\/v2\/users\/482"}],"replies":[{"embeddable":true,"href":"https:\/\/eltrabajo.cl\/portal\/wp-json\/wp\/v2\/comments?post=19872"}],"version-history":[{"count":0,"href":"https:\/\/eltrabajo.cl\/portal\/wp-json\/wp\/v2\/posts\/19872\/revisions"}],"wp:featuredmedia":[{"embeddable":true,"href":"https:\/\/eltrabajo.cl\/portal\/wp-json\/wp\/v2\/media\/19873"}],"wp:attachment":[{"href":"https:\/\/eltrabajo.cl\/portal\/wp-json\/wp\/v2\/media?parent=19872"}],"wp:term":[{"taxonomy":"category","embeddable":true,"href":"https:\/\/eltrabajo.cl\/portal\/wp-json\/wp\/v2\/categories?post=19872"},{"taxonomy":"post_tag","embeddable":true,"href":"https:\/\/eltrabajo.cl\/portal\/wp-json\/wp\/v2\/tags?post=19872"}],"curies":[{"name":"wp","href":"https:\/\/api.w.org\/{rel}","templated":true}]}}