{"id":19890,"date":"2012-06-25T10:11:49","date_gmt":"2012-06-25T14:11:49","guid":{"rendered":"http:\/\/www.eltrabajo.cl\/portal\/?p=19890"},"modified":"2014-01-01T15:32:11","modified_gmt":"2014-01-01T18:32:11","slug":"nicolas-pido-perdon-a-las-familias-por-todo-el-dano-y-dolor-que-cause","status":"publish","type":"post","link":"https:\/\/eltrabajo.cl\/portal\/nicolas-pido-perdon-a-las-familias-por-todo-el-dano-y-dolor-que-cause\/","title":{"rendered":"Nicol\u00e1s: \u201cPido perd\u00f3n a las familias por todo el da\u00f1o y dolor que caus\u00e9\u201d"},"content":{"rendered":"<figure id=\"attachment_19891\" aria-describedby=\"caption-attachment-19891\" style=\"width: 300px\" class=\"wp-caption alignleft\"><a href=\"http:\/\/www.eltrabajo.cl\/portal\/2012\/06\/nicolas-%e2%80%9cpido-perdon-a-las-familias-por-todo-el-dano-y-dolor-que-cause%e2%80%9d\/juan-carlos-lepe-2\/\" rel=\"attachment wp-att-19891\"><img data-recalc-dims=\"1\" loading=\"lazy\" decoding=\"async\" class=\"size-medium wp-image-19891\" title=\"Juan Carlos Lepe\" src=\"https:\/\/i0.wp.com\/www.eltrabajo.cl\/portal\/wp-content\/uploads\/2012\/06\/Juan-Carlos-Lepe1-300x169.jpg?resize=300%2C169\" alt=\"\" width=\"300\" height=\"169\" srcset=\"https:\/\/i0.wp.com\/eltrabajo.cl\/portal\/wp-content\/uploads\/2012\/06\/Juan-Carlos-Lepe1.jpg?resize=300%2C169&amp;ssl=1 300w, https:\/\/i0.wp.com\/eltrabajo.cl\/portal\/wp-content\/uploads\/2012\/06\/Juan-Carlos-Lepe1.jpg?resize=200%2C112&amp;ssl=1 200w, https:\/\/i0.wp.com\/eltrabajo.cl\/portal\/wp-content\/uploads\/2012\/06\/Juan-Carlos-Lepe1.jpg?resize=150%2C84&amp;ssl=1 150w, https:\/\/i0.wp.com\/eltrabajo.cl\/portal\/wp-content\/uploads\/2012\/06\/Juan-Carlos-Lepe1.jpg?resize=400%2C225&amp;ssl=1 400w, https:\/\/i0.wp.com\/eltrabajo.cl\/portal\/wp-content\/uploads\/2012\/06\/Juan-Carlos-Lepe1.jpg?w=600&amp;ssl=1 600w\" sizes=\"auto, (max-width: 300px) 100vw, 300px\" \/><\/a><figcaption id=\"caption-attachment-19891\" class=\"wp-caption-text\">Juan Carlos Lepe espera que los jueces se pronuncien con la pena m\u00e1s alta por el asesinato de su hija.<\/figcaption><\/figure>\n<p>Pablo Salinas Sald\u00edas &#8211; <a href=\"mailto:psalinas@eltrabajo.cl\">psalinas@eltrabajo.cl<\/a><\/p>\n<p>\u00abEstoy muy arrepentido por lo que hice, quiero pedir perd\u00f3n tanto a la familia y conocidos de la Tamara como a mi familia y conocidos m\u00edos, por todo el da\u00f1o y dolor que he causado\u00bb, fueron las palabras que se le concedieron a Nicol\u00e1s Gonz\u00e1lez, tras culminar su Juicio Oral Tipificado como Homicidio Simple y Aborto Violento por el cual fue condenado por el Tribunal Oral de San Felipe el pasado viernes.<\/p>\n<p>Dicha situaci\u00f3n fue repudiada por los familiares y amigos de la v\u00edctima que tras la audiencia, demostraron su hondo pesar por esta decisi\u00f3n judicial tras la muerte de Tamara, quien fuera brutalmente golpeada reiteradamente de pies y pu\u00f1os, sufriendo m\u00faltiples lesiones graves esquel\u00e9tico visceral en diferentes partes de su cuerpo, especialmente cabeza, cuello y t\u00f3rax, falleciendo a su vez el beb\u00e9 de ocho meses que se encontraba dentro del vientre, hijo del victimario Nicol\u00e1s Gonz\u00e1lez.<\/p>\n<p>Conocida la condena; Marcela Vargas madre de Tamara, devastada y entre l\u00e1grimas, s\u00f3lo manifest\u00f3 su disconformidad por dicha condena expresando a viva voz ante los medios de prensa \u201cMi hija muri\u00f3 de la manera m\u00e1s cruel que puede morir un ser humano\u00bb.<\/p>\n<figure id=\"attachment_19892\" aria-describedby=\"caption-attachment-19892\" style=\"width: 300px\" class=\"wp-caption alignright\"><a href=\"http:\/\/www.eltrabajo.cl\/portal\/2012\/06\/nicolas-%e2%80%9cpido-perdon-a-las-familias-por-todo-el-dano-y-dolor-que-cause%e2%80%9d\/marcela-vargas\/\" rel=\"attachment wp-att-19892\"><img data-recalc-dims=\"1\" loading=\"lazy\" decoding=\"async\" class=\"size-medium wp-image-19892\" title=\"Marcela Vargas\" src=\"https:\/\/i0.wp.com\/www.eltrabajo.cl\/portal\/wp-content\/uploads\/2012\/06\/Marcela-Vargas-300x196.jpg?resize=300%2C196\" alt=\"\" width=\"300\" height=\"196\" srcset=\"https:\/\/i0.wp.com\/eltrabajo.cl\/portal\/wp-content\/uploads\/2012\/06\/Marcela-Vargas.jpg?resize=300%2C196&amp;ssl=1 300w, https:\/\/i0.wp.com\/eltrabajo.cl\/portal\/wp-content\/uploads\/2012\/06\/Marcela-Vargas.jpg?resize=200%2C131&amp;ssl=1 200w, https:\/\/i0.wp.com\/eltrabajo.cl\/portal\/wp-content\/uploads\/2012\/06\/Marcela-Vargas.jpg?resize=150%2C98&amp;ssl=1 150w, https:\/\/i0.wp.com\/eltrabajo.cl\/portal\/wp-content\/uploads\/2012\/06\/Marcela-Vargas.jpg?resize=400%2C262&amp;ssl=1 400w, https:\/\/i0.wp.com\/eltrabajo.cl\/portal\/wp-content\/uploads\/2012\/06\/Marcela-Vargas.jpg?w=600&amp;ssl=1 600w\" sizes=\"auto, (max-width: 300px) 100vw, 300px\" \/><\/a><figcaption id=\"caption-attachment-19892\" class=\"wp-caption-text\">Con una evidente tristeza; Marcel Vargas madre de Tamara, demostr\u00f3 su disconformidad por el Fallo del Tribunal.<\/figcaption><\/figure>\n<p>Por su parte el padre de la v\u00edctima, Juan Carlos Lepe, muy consternado espera que los jueces se pronuncien con la Pena m\u00e1s alta para el asesino de hija, haciendo hincapi\u00e9 que tras los sucesos vividos durante todo este tiempo, cuesta como humano aceptar el perd\u00f3n \u00abEstoy muy extra\u00f1ado, se ha cometido un acto no muy justo porque para m\u00ed y toda la sociedad, es un Homicidio Calificado y Aborto Violento que sufri\u00f3 mi hija Tamara Tatiana (&#8230;) Perd\u00f3n es muy grande la palabra, yo soy muy creyente en Dios, en este momento de mucho dolor para la familia en general es dif\u00edcil, Jesucristo acog\u00eda a todo aquel que le ped\u00eda perd\u00f3n, pero recuerden \u00c9l es Dios, nosotros somos humanos, somos hijos de \u00c9l y nos cuesta mucho a veces pedir perd\u00f3n o aceptar el perd\u00f3n, ha sido extremadamente duro para m\u00ed y mi familia, esperamos que sea la mayor pena cuando los jueces se pronuncien\u00bb, explic\u00f3 Lepe.<\/p>\n<figure id=\"attachment_19893\" aria-describedby=\"caption-attachment-19893\" style=\"width: 300px\" class=\"wp-caption alignleft\"><a href=\"http:\/\/www.eltrabajo.cl\/portal\/2012\/06\/nicolas-%e2%80%9cpido-perdon-a-las-familias-por-todo-el-dano-y-dolor-que-cause%e2%80%9d\/famili-nicolas\/\" rel=\"attachment wp-att-19893\"><img data-recalc-dims=\"1\" loading=\"lazy\" decoding=\"async\" class=\"size-medium wp-image-19893\" title=\"Famili Nicolas\" src=\"https:\/\/i0.wp.com\/www.eltrabajo.cl\/portal\/wp-content\/uploads\/2012\/06\/Famili-Nicolas-300x169.jpg?resize=300%2C169\" alt=\"\" width=\"300\" height=\"169\" srcset=\"https:\/\/i0.wp.com\/eltrabajo.cl\/portal\/wp-content\/uploads\/2012\/06\/Famili-Nicolas.jpg?resize=300%2C169&amp;ssl=1 300w, https:\/\/i0.wp.com\/eltrabajo.cl\/portal\/wp-content\/uploads\/2012\/06\/Famili-Nicolas.jpg?resize=200%2C112&amp;ssl=1 200w, https:\/\/i0.wp.com\/eltrabajo.cl\/portal\/wp-content\/uploads\/2012\/06\/Famili-Nicolas.jpg?resize=150%2C84&amp;ssl=1 150w, https:\/\/i0.wp.com\/eltrabajo.cl\/portal\/wp-content\/uploads\/2012\/06\/Famili-Nicolas.jpg?resize=400%2C225&amp;ssl=1 400w, https:\/\/i0.wp.com\/eltrabajo.cl\/portal\/wp-content\/uploads\/2012\/06\/Famili-Nicolas.jpg?w=600&amp;ssl=1 600w\" sizes=\"auto, (max-width: 300px) 100vw, 300px\" \/><\/a><figcaption id=\"caption-attachment-19893\" class=\"wp-caption-text\">La familia de Nicol\u00e1s Gonz\u00e1lez raudamente abandonan el Tribunal, para conversar con su Abogado Defensor.<\/figcaption><\/figure>\n<p>En representaci\u00f3n de la parte Querellante, las abogadas B\u00e1rbara Err\u00e1zuriz del Sernam San Felipe y Katherina Pe\u00f1afiel Sernam Valpara\u00edso, esta \u00faltima se refiri\u00f3 que tras conocerse la sentencia final del Imputado este mi\u00e9rcoles, no se descarta un eventual Recurso de Nulidad por el Fallo del Tribunal, si considerara una medida de cumplimiento alternativo de condena, \u00abEstamos en una etapa intermedia en la que a\u00fan no tenemos la decisi\u00f3n final del Tribunal, una vez que conozcamos cu\u00e1les fueron aquellas atenuantes que el Tribunal va a reconocer en su sentencia, solamente en ese momento se determina la pena concretamente ya determinada, la Ley establece la posibilidad de acuerdo a ciertos requisitos de optar a una medida de cumplimiento alternativo, como a\u00fan la desconocemos, no sabemos si el sentenciado va a tener esa opci\u00f3n, al conocer finalmente la sentencia podr\u00edamos evaluar una impugnaci\u00f3n o cu\u00e1l ser\u00edan las posibilidades de Cumplimento Efectivo o no de la condena\u00bb concluy\u00f3 la profesional.<\/p>\n","protected":false},"excerpt":{"rendered":"<p>Pablo Salinas Sald\u00edas &#8211; psalinas@eltrabajo.cl \u00abEstoy muy arrepentido por lo que hice, quiero pedir perd\u00f3n tanto a la familia y conocidos de la Tamara como a mi familia y conocidos m\u00edos, por&#8230;<\/p>\n","protected":false},"author":482,"featured_media":19891,"comment_status":"open","ping_status":"closed","sticky":false,"template":"","format":"standard","meta":{"advanced_seo_description":"","jetpack_seo_html_title":"","jetpack_seo_noindex":false,"_jetpack_memberships_contains_paid_content":false,"footnotes":""},"categories":[21],"tags":[],"class_list":["post-19890","post","type-post","status-publish","format-standard","has-post-thumbnail","hentry","category-policial"],"jetpack_featured_media_url":"https:\/\/i0.wp.com\/eltrabajo.cl\/portal\/wp-content\/uploads\/2012\/06\/Juan-Carlos-Lepe1.jpg?fit=600%2C338&ssl=1","jetpack_sharing_enabled":true,"jetpack_likes_enabled":true,"jetpack-related-posts":[],"_links":{"self":[{"href":"https:\/\/eltrabajo.cl\/portal\/wp-json\/wp\/v2\/posts\/19890","targetHints":{"allow":["GET"]}}],"collection":[{"href":"https:\/\/eltrabajo.cl\/portal\/wp-json\/wp\/v2\/posts"}],"about":[{"href":"https:\/\/eltrabajo.cl\/portal\/wp-json\/wp\/v2\/types\/post"}],"author":[{"embeddable":true,"href":"https:\/\/eltrabajo.cl\/portal\/wp-json\/wp\/v2\/users\/482"}],"replies":[{"embeddable":true,"href":"https:\/\/eltrabajo.cl\/portal\/wp-json\/wp\/v2\/comments?post=19890"}],"version-history":[{"count":0,"href":"https:\/\/eltrabajo.cl\/portal\/wp-json\/wp\/v2\/posts\/19890\/revisions"}],"wp:featuredmedia":[{"embeddable":true,"href":"https:\/\/eltrabajo.cl\/portal\/wp-json\/wp\/v2\/media\/19891"}],"wp:attachment":[{"href":"https:\/\/eltrabajo.cl\/portal\/wp-json\/wp\/v2\/media?parent=19890"}],"wp:term":[{"taxonomy":"category","embeddable":true,"href":"https:\/\/eltrabajo.cl\/portal\/wp-json\/wp\/v2\/categories?post=19890"},{"taxonomy":"post_tag","embeddable":true,"href":"https:\/\/eltrabajo.cl\/portal\/wp-json\/wp\/v2\/tags?post=19890"}],"curies":[{"name":"wp","href":"https:\/\/api.w.org\/{rel}","templated":true}]}}