{"id":19898,"date":"2012-06-25T10:14:18","date_gmt":"2012-06-25T14:14:18","guid":{"rendered":"http:\/\/www.eltrabajo.cl\/portal\/?p=19898"},"modified":"2014-01-01T15:32:11","modified_gmt":"2014-01-01T18:32:11","slug":"familiares-consternados-porque-asesino-de-tamara-lepe-podria-quedar-en-libertad","status":"publish","type":"post","link":"https:\/\/eltrabajo.cl\/portal\/familiares-consternados-porque-asesino-de-tamara-lepe-podria-quedar-en-libertad\/","title":{"rendered":"Familiares consternados porque asesino de Tamara Lepe podr\u00eda quedar en libertad"},"content":{"rendered":"<figure id=\"attachment_19899\" aria-describedby=\"caption-attachment-19899\" style=\"width: 300px\" class=\"wp-caption alignleft\"><a href=\"http:\/\/www.eltrabajo.cl\/portal\/2012\/06\/familiares-consternados-porque-asesino-de-tamara-lepe-podria-quedar-en-libertad\/defensor-julio-alvarez\/\" rel=\"attachment wp-att-19899\"><img data-recalc-dims=\"1\" loading=\"lazy\" decoding=\"async\" class=\"size-medium wp-image-19899\" title=\"Defensor Julio Alvarez\" src=\"https:\/\/i0.wp.com\/www.eltrabajo.cl\/portal\/wp-content\/uploads\/2012\/06\/Defensor-Julio-Alvarez-300x169.jpg?resize=300%2C169\" alt=\"\" width=\"300\" height=\"169\" srcset=\"https:\/\/i0.wp.com\/eltrabajo.cl\/portal\/wp-content\/uploads\/2012\/06\/Defensor-Julio-Alvarez.jpg?resize=300%2C169&amp;ssl=1 300w, https:\/\/i0.wp.com\/eltrabajo.cl\/portal\/wp-content\/uploads\/2012\/06\/Defensor-Julio-Alvarez.jpg?resize=200%2C112&amp;ssl=1 200w, https:\/\/i0.wp.com\/eltrabajo.cl\/portal\/wp-content\/uploads\/2012\/06\/Defensor-Julio-Alvarez.jpg?resize=150%2C84&amp;ssl=1 150w, https:\/\/i0.wp.com\/eltrabajo.cl\/portal\/wp-content\/uploads\/2012\/06\/Defensor-Julio-Alvarez.jpg?resize=400%2C225&amp;ssl=1 400w, https:\/\/i0.wp.com\/eltrabajo.cl\/portal\/wp-content\/uploads\/2012\/06\/Defensor-Julio-Alvarez.jpg?w=600&amp;ssl=1 600w\" sizes=\"auto, (max-width: 300px) 100vw, 300px\" \/><\/a><figcaption id=\"caption-attachment-19899\" class=\"wp-caption-text\">El Abogado Defensor Julio \u00c1lvarez, present\u00f3 todos los antecedentes ante el Tribunal para que Nicol\u00e1s Gonz\u00e1lez pudiese cumplir su condena bajo Libertad Vigilada.<\/figcaption><\/figure>\n<p>Pablo Salinas Sald\u00edas &#8211; <a href=\"mailto:psalinas@eltrabajo.cl\">psalinas@eltrabajo.cl<\/a><\/p>\n<p>Un inesperado giro en torno al Juicio Oral contra Nicol\u00e1s Gonz\u00e1lez abre la posibilidad que el homicida de Tamara Lepe pueda quedar en libertad si se cumplen algunos elementos contemplados por la Defensa.<\/p>\n<p>Esto tom\u00f3 fuerza cuando, por unanimidad, el Tribunal Oral en Lo Penal de San Felipe, conden\u00f3 a Nicol\u00e1s Gonz\u00e1lez por los delitos de Homicidio Simple y Aborto Violento, en perjuicio de Tamara Lepe Vargas, hecho que caus\u00f3 descontento y frustraci\u00f3n entre los familiares y amigos de la v\u00edctima, dado que no se estim\u00f3 las pruebas presentadas por el Ministerio P\u00fablico que daban cuenta de un Homicidio Calificado.<\/p>\n<p>De acuerdo a la decisi\u00f3n de la terna de jueces encabezada por la Magistrado Constanza Olsen, el crimen es constitutivo de un Homicidio Simple y Aborto Violento, acogiendo de esta forma el requerimiento presentado por la Defensa, esto quiere decir que existen probabilidades de que el sentenciado pudiese cumplir una pena bajo Libertad Vigilada, de acuerdo a una pericia psicol\u00f3gica presentada al Tribunal, donde se le suman las atenuantes de irreprochable conducta anterior y colaboraci\u00f3n sustancial de la investigaci\u00f3n, las que podr\u00edan ser consideradas en la sentencia final.<\/p>\n<figure id=\"attachment_19900\" aria-describedby=\"caption-attachment-19900\" style=\"width: 300px\" class=\"wp-caption alignright\"><a href=\"http:\/\/www.eltrabajo.cl\/portal\/2012\/06\/familiares-consternados-porque-asesino-de-tamara-lepe-podria-quedar-en-libertad\/fiscal-basso\/\" rel=\"attachment wp-att-19900\"><img data-recalc-dims=\"1\" loading=\"lazy\" decoding=\"async\" class=\"size-medium wp-image-19900\" title=\"Fiscal Basso\" src=\"https:\/\/i0.wp.com\/www.eltrabajo.cl\/portal\/wp-content\/uploads\/2012\/06\/Fiscal-Basso-300x169.jpg?resize=300%2C169\" alt=\"\" width=\"300\" height=\"169\" srcset=\"https:\/\/i0.wp.com\/eltrabajo.cl\/portal\/wp-content\/uploads\/2012\/06\/Fiscal-Basso.jpg?resize=300%2C169&amp;ssl=1 300w, https:\/\/i0.wp.com\/eltrabajo.cl\/portal\/wp-content\/uploads\/2012\/06\/Fiscal-Basso.jpg?resize=200%2C112&amp;ssl=1 200w, https:\/\/i0.wp.com\/eltrabajo.cl\/portal\/wp-content\/uploads\/2012\/06\/Fiscal-Basso.jpg?resize=150%2C84&amp;ssl=1 150w, https:\/\/i0.wp.com\/eltrabajo.cl\/portal\/wp-content\/uploads\/2012\/06\/Fiscal-Basso.jpg?resize=400%2C225&amp;ssl=1 400w, https:\/\/i0.wp.com\/eltrabajo.cl\/portal\/wp-content\/uploads\/2012\/06\/Fiscal-Basso.jpg?w=600&amp;ssl=1 600w\" sizes=\"auto, (max-width: 300px) 100vw, 300px\" \/><\/a><figcaption id=\"caption-attachment-19900\" class=\"wp-caption-text\">El Fiscal Osvaldo Basso espera que la condena sea de manera efectiva y pudiese optar a la m\u00e1s alta que parte de los diez a\u00f1os y un d\u00eda a 15 a\u00f1os de presidio.<\/figcaption><\/figure>\n<p><strong>CUMPLIR CONDENA EN LIBERTAD<\/strong><\/p>\n<p>Seg\u00fan expuso el Abogado Defensor Julio \u00c1lvarez, existe la posibilidad de que Nicol\u00e1s Gonz\u00e1lez cumpla su condena en libertad, destacando la decisi\u00f3n del Tribunal que haya tipificado el crimen como un Homicidio Simple, \u00abObtuvimos algunos avances, claramente esto no era un Femicidio ni un Homicidio Calificado por las circunstancias del ensa\u00f1amiento, as\u00ed que entendemos que se resolvi\u00f3 con respecto al homicidio, que es un Homicidio Simple y el Tribunal fall\u00f3 con forma de Derecho, queremos ver la fundamentaci\u00f3n de las agravantes que se le aplicaron, pero lo importante va a ser determinar la pena, es un avance importante para esta Defensa el hecho que se haya estimado el Homicidio Simple y no uno Calificado\u00bb puntualiz\u00f3 el profesional.<\/p>\n<p>Sin embargo, para el persecutor Fiscal Osvaldo Basso, \u00e9l conf\u00eda en que la condena no sea bajo un beneficio de libertad, esperando en que esta vez el Tribunal pondere la pena m\u00e1s alta \u00abLa pena del Homicidio en s\u00ed es alta, es una de las penas m\u00e1s altas en Chile, sea Simple o sea Calificada, la pena del Homicidio Simple parte de los cinco a\u00f1os y un d\u00eda y termina en 15 a\u00f1os. Con las agravantes que fueron acogidas y porque el Homicidio Simple en s\u00ed y en este caso, habiendo sido condenado por un Aborto Violento, la pena debiese partir en diez a\u00f1os y un d\u00eda a 15 a\u00f1os, no veo posibilidades ni a\u00fan con las atenuantes, que el Tribunal decida determinar la posibilidad de un cumplimiento en libertad\u00bb enfatiz\u00f3 el representante del Ministerio P\u00fablico.<\/p>\n<p>No obstante, la expectaci\u00f3n se mantendr\u00e1 hasta el pr\u00f3ximo mi\u00e9rcoles 27 de junio, cuando se de Lectura a la Sentencia.<\/p>\n","protected":false},"excerpt":{"rendered":"<p>Pablo Salinas Sald\u00edas &#8211; psalinas@eltrabajo.cl Un inesperado giro en torno al Juicio Oral contra Nicol\u00e1s Gonz\u00e1lez abre la posibilidad que el homicida de Tamara Lepe pueda quedar en libertad si se cumplen&#8230;<\/p>\n","protected":false},"author":482,"featured_media":19899,"comment_status":"open","ping_status":"closed","sticky":false,"template":"","format":"standard","meta":{"advanced_seo_description":"","jetpack_seo_html_title":"","jetpack_seo_noindex":false,"_jetpack_memberships_contains_paid_content":false,"footnotes":""},"categories":[21],"tags":[],"class_list":["post-19898","post","type-post","status-publish","format-standard","has-post-thumbnail","hentry","category-policial"],"jetpack_featured_media_url":"https:\/\/i0.wp.com\/eltrabajo.cl\/portal\/wp-content\/uploads\/2012\/06\/Defensor-Julio-Alvarez.jpg?fit=600%2C338&ssl=1","jetpack_sharing_enabled":true,"jetpack_likes_enabled":true,"jetpack-related-posts":[],"_links":{"self":[{"href":"https:\/\/eltrabajo.cl\/portal\/wp-json\/wp\/v2\/posts\/19898","targetHints":{"allow":["GET"]}}],"collection":[{"href":"https:\/\/eltrabajo.cl\/portal\/wp-json\/wp\/v2\/posts"}],"about":[{"href":"https:\/\/eltrabajo.cl\/portal\/wp-json\/wp\/v2\/types\/post"}],"author":[{"embeddable":true,"href":"https:\/\/eltrabajo.cl\/portal\/wp-json\/wp\/v2\/users\/482"}],"replies":[{"embeddable":true,"href":"https:\/\/eltrabajo.cl\/portal\/wp-json\/wp\/v2\/comments?post=19898"}],"version-history":[{"count":0,"href":"https:\/\/eltrabajo.cl\/portal\/wp-json\/wp\/v2\/posts\/19898\/revisions"}],"wp:featuredmedia":[{"embeddable":true,"href":"https:\/\/eltrabajo.cl\/portal\/wp-json\/wp\/v2\/media\/19899"}],"wp:attachment":[{"href":"https:\/\/eltrabajo.cl\/portal\/wp-json\/wp\/v2\/media?parent=19898"}],"wp:term":[{"taxonomy":"category","embeddable":true,"href":"https:\/\/eltrabajo.cl\/portal\/wp-json\/wp\/v2\/categories?post=19898"},{"taxonomy":"post_tag","embeddable":true,"href":"https:\/\/eltrabajo.cl\/portal\/wp-json\/wp\/v2\/tags?post=19898"}],"curies":[{"name":"wp","href":"https:\/\/api.w.org\/{rel}","templated":true}]}}