{"id":19910,"date":"2012-06-26T09:23:49","date_gmt":"2012-06-26T13:23:49","guid":{"rendered":"http:\/\/www.eltrabajo.cl\/portal\/?p=19910"},"modified":"2012-06-26T09:23:49","modified_gmt":"2012-06-26T13:23:49","slug":"conocidos-putaendinos-docentes-impartiran-el-taller-de-patrimonio-cultural","status":"publish","type":"post","link":"https:\/\/eltrabajo.cl\/portal\/conocidos-putaendinos-docentes-impartiran-el-taller-de-patrimonio-cultural\/","title":{"rendered":"Conocidos putaendinos docentes impartir\u00e1n el Taller de Patrimonio Cultural"},"content":{"rendered":"<figure id=\"attachment_19911\" aria-describedby=\"caption-attachment-19911\" style=\"width: 600px\" class=\"wp-caption alignnone\"><a href=\"http:\/\/www.eltrabajo.cl\/portal\/2012\/06\/conocidos-putaendinos-docentes-impartiran-el-taller-de-patrimonio-cultural\/profesores-putaendo\/\" rel=\"attachment wp-att-19911\"><img data-recalc-dims=\"1\" loading=\"lazy\" decoding=\"async\" class=\"size-full wp-image-19911\" title=\"Profesores Putaendo\" src=\"https:\/\/i0.wp.com\/www.eltrabajo.cl\/portal\/wp-content\/uploads\/2012\/06\/Profesores-Putaendo.jpg?resize=600%2C450\" alt=\"\" width=\"600\" height=\"450\" srcset=\"https:\/\/i0.wp.com\/eltrabajo.cl\/portal\/wp-content\/uploads\/2012\/06\/Profesores-Putaendo.jpg?w=600&amp;ssl=1 600w, https:\/\/i0.wp.com\/eltrabajo.cl\/portal\/wp-content\/uploads\/2012\/06\/Profesores-Putaendo.jpg?resize=200%2C150&amp;ssl=1 200w, https:\/\/i0.wp.com\/eltrabajo.cl\/portal\/wp-content\/uploads\/2012\/06\/Profesores-Putaendo.jpg?resize=300%2C225&amp;ssl=1 300w, https:\/\/i0.wp.com\/eltrabajo.cl\/portal\/wp-content\/uploads\/2012\/06\/Profesores-Putaendo.jpg?resize=150%2C112&amp;ssl=1 150w, https:\/\/i0.wp.com\/eltrabajo.cl\/portal\/wp-content\/uploads\/2012\/06\/Profesores-Putaendo.jpg?resize=400%2C300&amp;ssl=1 400w\" sizes=\"auto, (max-width: 600px) 100vw, 600px\" \/><\/a><figcaption id=\"caption-attachment-19911\" class=\"wp-caption-text\">Estos profesores est\u00e1n afinando los \u00faltimos detalles para dar inicio con el Taller \u2018Ampliando el horizonte de los saberes en el patrimonio cultural e identidad local de las comunidades de Putaendo\u2019.<\/figcaption><\/figure>\n<p><strong>PUTAENDO.-<\/strong> Tal como lo anunci\u00f3 tiempo atr\u00e1s nuestro medio, la pr\u00f3xima semana deber\u00eda comenzar el Taller de Patrimonio Cultural llamado \u2018Ampliando el horizonte de los saberes en el patrimonio cultural e identidad local de las comunidades de Putaendo\u2019. Dicho proyecto ser\u00e1 impartido por los ex profesores, Juanita Fuenzalida, Marta Meneses, Marta Fontecha, Mar\u00eda Urbina y Noel Fuentes, todos docentes con una reconocida trayectoria y muy conocedores de la identidad y riqueza patrimonial local, donde el objetivo principal es ampliar los conocimientos en el \u00e1mbito de la Identidad Patrimonial y Cultural local, cuyo proyecto fue aprobado por el Concejo Municipal, el que busc\u00f3 el correspondiente financiamiento que permitir\u00e1 que seis colegios, entre los que destacan dos particulares subvencionados como el Colegio Cervantino y el Marie Pousepin, reciban estos interesante talleres educativos que contempla tambi\u00e9n el trabajo con cinco organizaciones comunitarias, entre las que figuran la C\u00e1mara de Comercio entre otras.<\/p>\n<p>En estos momentos, s\u00f3lo se est\u00e1 a la espera de la firma del correspondiente decreto, que debiera estar listo durante los pr\u00f3ximos d\u00edas y as\u00ed poder comenzar los talleres a m\u00e1s tardar la pr\u00f3xima semana, una vez que los diferentes directores de colegios se organicen para acomodar los mencionados Talleres, mismos que tendr\u00e1n una duraci\u00f3n de aproximadamente cinco meses.<\/p>\n<p>El destacado profesor, historiador y poeta, Noel Fuentes, dijo que sent\u00edan un profundo sentimiento de alegr\u00eda y satisfacci\u00f3n por este proyecto que ven\u00edan preparando desde hace bastante tiempo y que se consolida en estos momentos, el mismo era una idea \u00fanica en Chile y que doblemente se sent\u00edan emocionados por tener la oportunidad de volver a estar en un aula llena de alumnos, lo que era muy gratificante en lo profesional y sobre todos en lo emocional.<\/p>\n<p><strong>Patricio Gallardo<\/strong><\/p>\n","protected":false},"excerpt":{"rendered":"<p>PUTAENDO.- Tal como lo anunci\u00f3 tiempo atr\u00e1s nuestro medio, la pr\u00f3xima semana deber\u00eda comenzar el Taller de Patrimonio Cultural llamado \u2018Ampliando el horizonte de los saberes en el patrimonio cultural e identidad&#8230;<\/p>\n","protected":false},"author":482,"featured_media":19911,"comment_status":"open","ping_status":"closed","sticky":false,"template":"","format":"standard","meta":{"advanced_seo_description":"","jetpack_seo_html_title":"","jetpack_seo_noindex":false,"_jetpack_memberships_contains_paid_content":false,"footnotes":""},"categories":[15],"tags":[],"class_list":["post-19910","post","type-post","status-publish","format-standard","has-post-thumbnail","hentry","category-comunidad"],"jetpack_featured_media_url":"https:\/\/i0.wp.com\/eltrabajo.cl\/portal\/wp-content\/uploads\/2012\/06\/Profesores-Putaendo.jpg?fit=600%2C450&ssl=1","jetpack_sharing_enabled":true,"jetpack_likes_enabled":true,"jetpack-related-posts":[],"_links":{"self":[{"href":"https:\/\/eltrabajo.cl\/portal\/wp-json\/wp\/v2\/posts\/19910","targetHints":{"allow":["GET"]}}],"collection":[{"href":"https:\/\/eltrabajo.cl\/portal\/wp-json\/wp\/v2\/posts"}],"about":[{"href":"https:\/\/eltrabajo.cl\/portal\/wp-json\/wp\/v2\/types\/post"}],"author":[{"embeddable":true,"href":"https:\/\/eltrabajo.cl\/portal\/wp-json\/wp\/v2\/users\/482"}],"replies":[{"embeddable":true,"href":"https:\/\/eltrabajo.cl\/portal\/wp-json\/wp\/v2\/comments?post=19910"}],"version-history":[{"count":0,"href":"https:\/\/eltrabajo.cl\/portal\/wp-json\/wp\/v2\/posts\/19910\/revisions"}],"wp:featuredmedia":[{"embeddable":true,"href":"https:\/\/eltrabajo.cl\/portal\/wp-json\/wp\/v2\/media\/19911"}],"wp:attachment":[{"href":"https:\/\/eltrabajo.cl\/portal\/wp-json\/wp\/v2\/media?parent=19910"}],"wp:term":[{"taxonomy":"category","embeddable":true,"href":"https:\/\/eltrabajo.cl\/portal\/wp-json\/wp\/v2\/categories?post=19910"},{"taxonomy":"post_tag","embeddable":true,"href":"https:\/\/eltrabajo.cl\/portal\/wp-json\/wp\/v2\/tags?post=19910"}],"curies":[{"name":"wp","href":"https:\/\/api.w.org\/{rel}","templated":true}]}}