{"id":19914,"date":"2012-06-26T09:37:38","date_gmt":"2012-06-26T13:37:38","guid":{"rendered":"http:\/\/www.eltrabajo.cl\/portal\/?p=19914"},"modified":"2012-06-26T10:18:30","modified_gmt":"2012-06-26T14:18:30","slug":"actores-y-musicos-haran-de-las-suyas-en-el-teatro-municipal-de-san-felipe","status":"publish","type":"post","link":"https:\/\/eltrabajo.cl\/portal\/actores-y-musicos-haran-de-las-suyas-en-el-teatro-municipal-de-san-felipe\/","title":{"rendered":"Actores y m\u00fasicos har\u00e1n de las suyas en el Teatro Municipal de San Felipe"},"content":{"rendered":"<p>&nbsp;<\/p>\n<figure id=\"attachment_19915\" aria-describedby=\"caption-attachment-19915\" style=\"width: 300px\" class=\"wp-caption alignleft\"><a href=\"http:\/\/www.eltrabajo.cl\/portal\/2012\/06\/actores-y-musicos-haran-de-las-suyas-en-el-teatro-municipal-de-san-felipe\/francisco-alarcon-2-2\/\" rel=\"attachment wp-att-19915\"><img data-recalc-dims=\"1\" loading=\"lazy\" decoding=\"async\" class=\"size-medium wp-image-19915\" title=\"francisco alarcon (2)\" src=\"https:\/\/i0.wp.com\/www.eltrabajo.cl\/portal\/wp-content\/uploads\/2012\/06\/francisco-alarcon-2-300x225.jpg?resize=300%2C225\" alt=\"\" width=\"300\" height=\"225\" srcset=\"https:\/\/i0.wp.com\/eltrabajo.cl\/portal\/wp-content\/uploads\/2012\/06\/francisco-alarcon-2.jpg?resize=300%2C225&amp;ssl=1 300w, https:\/\/i0.wp.com\/eltrabajo.cl\/portal\/wp-content\/uploads\/2012\/06\/francisco-alarcon-2.jpg?resize=200%2C150&amp;ssl=1 200w, https:\/\/i0.wp.com\/eltrabajo.cl\/portal\/wp-content\/uploads\/2012\/06\/francisco-alarcon-2.jpg?resize=150%2C112&amp;ssl=1 150w, https:\/\/i0.wp.com\/eltrabajo.cl\/portal\/wp-content\/uploads\/2012\/06\/francisco-alarcon-2.jpg?resize=400%2C300&amp;ssl=1 400w, https:\/\/i0.wp.com\/eltrabajo.cl\/portal\/wp-content\/uploads\/2012\/06\/francisco-alarcon-2.jpg?w=600&amp;ssl=1 600w\" sizes=\"auto, (max-width: 300px) 100vw, 300px\" \/><\/a><figcaption id=\"caption-attachment-19915\" class=\"wp-caption-text\">Francisco Alarc\u00f3n, Director<\/figcaption><\/figure>\n<p>Este martes y por un cambio de fecha, que correspond\u00eda al viernes pasado, se presentar\u00e1 el grupo de m\u00fasica latinoamericano Arakpacha, los que presentar\u00e1n destacados temas del folklore andino. El mi\u00e9rcoles se presenta la Academia de M\u00fasica Increscendo, con un programa bastante interesante, ya que es la primera presentaci\u00f3n que realizan con estudiantes y profesores.<\/p>\n<p>Durante el a\u00f1o hacen dos en el primer semestre y la actuaci\u00f3n del mi\u00e9rcoles corresponde a esa actividad. El jueves en tanto, subir\u00e1 al escenario del Municipal, un destacado pianista nacional, que viene llegando hace poco de Europa. Mario Cervantes gan\u00f3 hace poco el concurso Claudio Arrau, por lo que los amantes de la m\u00fasica de c\u00e1mara podr\u00e1n disfrutar de un concierto imperdible.<\/p>\n<p>El viernes las actividades contin\u00faan con rock. \u2018Caso Cl\u00ednico\u2019, un grupo de dilatada trayectoria en el Valle de Aconcagua y avecindados en la comuna de Llay-Llay, para terminar el s\u00e1bado el programa de esta semana con el tradicional teatro infantil, \u2018Uno contra todos y todos contra uno\u2019.<\/p>\n<p>\u201cEs un teatro infantil bien interesante, porque habla acerca del bulling, as\u00ed que yo les hago la invitaci\u00f3n cordial a toda la gente a que vengan en familia con los ni\u00f1os, a las doce medio d\u00eda y todas las actividades son con entrada liberada\u201d, dijo el Director del teatro, Francisco Alarc\u00f3n.<\/p>\n","protected":false},"excerpt":{"rendered":"<p>&nbsp; Este martes y por un cambio de fecha, que correspond\u00eda al viernes pasado, se presentar\u00e1 el grupo de m\u00fasica latinoamericano Arakpacha, los que presentar\u00e1n destacados temas del folklore andino. El mi\u00e9rcoles&#8230;<\/p>\n","protected":false},"author":482,"featured_media":19915,"comment_status":"open","ping_status":"closed","sticky":false,"template":"","format":"standard","meta":{"advanced_seo_description":"","jetpack_seo_html_title":"","jetpack_seo_noindex":false,"_jetpack_memberships_contains_paid_content":false,"footnotes":""},"categories":[1],"tags":[],"class_list":["post-19914","post","type-post","status-publish","format-standard","has-post-thumbnail","hentry","category-cronica"],"jetpack_featured_media_url":"https:\/\/i0.wp.com\/eltrabajo.cl\/portal\/wp-content\/uploads\/2012\/06\/francisco-alarcon-2.jpg?fit=600%2C450&ssl=1","jetpack_sharing_enabled":true,"jetpack_likes_enabled":true,"jetpack-related-posts":[],"_links":{"self":[{"href":"https:\/\/eltrabajo.cl\/portal\/wp-json\/wp\/v2\/posts\/19914","targetHints":{"allow":["GET"]}}],"collection":[{"href":"https:\/\/eltrabajo.cl\/portal\/wp-json\/wp\/v2\/posts"}],"about":[{"href":"https:\/\/eltrabajo.cl\/portal\/wp-json\/wp\/v2\/types\/post"}],"author":[{"embeddable":true,"href":"https:\/\/eltrabajo.cl\/portal\/wp-json\/wp\/v2\/users\/482"}],"replies":[{"embeddable":true,"href":"https:\/\/eltrabajo.cl\/portal\/wp-json\/wp\/v2\/comments?post=19914"}],"version-history":[{"count":0,"href":"https:\/\/eltrabajo.cl\/portal\/wp-json\/wp\/v2\/posts\/19914\/revisions"}],"wp:featuredmedia":[{"embeddable":true,"href":"https:\/\/eltrabajo.cl\/portal\/wp-json\/wp\/v2\/media\/19915"}],"wp:attachment":[{"href":"https:\/\/eltrabajo.cl\/portal\/wp-json\/wp\/v2\/media?parent=19914"}],"wp:term":[{"taxonomy":"category","embeddable":true,"href":"https:\/\/eltrabajo.cl\/portal\/wp-json\/wp\/v2\/categories?post=19914"},{"taxonomy":"post_tag","embeddable":true,"href":"https:\/\/eltrabajo.cl\/portal\/wp-json\/wp\/v2\/tags?post=19914"}],"curies":[{"name":"wp","href":"https:\/\/api.w.org\/{rel}","templated":true}]}}