{"id":19918,"date":"2012-06-26T09:39:11","date_gmt":"2012-06-26T13:39:11","guid":{"rendered":"http:\/\/www.eltrabajo.cl\/portal\/?p=19918"},"modified":"2012-06-26T09:39:11","modified_gmt":"2012-06-26T13:39:11","slug":"habilitan-modulo-de-informacion-sobre-locales-de-votacion-para-las-elecciones","status":"publish","type":"post","link":"https:\/\/eltrabajo.cl\/portal\/habilitan-modulo-de-informacion-sobre-locales-de-votacion-para-las-elecciones\/","title":{"rendered":"Habilitan m\u00f3dulo de informaci\u00f3n sobre locales de votaci\u00f3n para las elecciones"},"content":{"rendered":"<figure id=\"attachment_19919\" aria-describedby=\"caption-attachment-19919\" style=\"width: 600px\" class=\"wp-caption alignnone\"><a href=\"http:\/\/www.eltrabajo.cl\/portal\/2012\/06\/habilitan-modulo-de-informacion-sobre-locales-de-votacion-para-las-elecciones\/modulo-electoral\/\" rel=\"attachment wp-att-19919\"><img data-recalc-dims=\"1\" loading=\"lazy\" decoding=\"async\" class=\"size-full wp-image-19919\" title=\"modulo electoral\" src=\"https:\/\/i0.wp.com\/www.eltrabajo.cl\/portal\/wp-content\/uploads\/2012\/06\/modulo-electoral.jpg?resize=600%2C449\" alt=\"\" width=\"600\" height=\"449\" srcset=\"https:\/\/i0.wp.com\/eltrabajo.cl\/portal\/wp-content\/uploads\/2012\/06\/modulo-electoral.jpg?w=600&amp;ssl=1 600w, https:\/\/i0.wp.com\/eltrabajo.cl\/portal\/wp-content\/uploads\/2012\/06\/modulo-electoral.jpg?resize=200%2C150&amp;ssl=1 200w, https:\/\/i0.wp.com\/eltrabajo.cl\/portal\/wp-content\/uploads\/2012\/06\/modulo-electoral.jpg?resize=300%2C224&amp;ssl=1 300w, https:\/\/i0.wp.com\/eltrabajo.cl\/portal\/wp-content\/uploads\/2012\/06\/modulo-electoral.jpg?resize=150%2C112&amp;ssl=1 150w, https:\/\/i0.wp.com\/eltrabajo.cl\/portal\/wp-content\/uploads\/2012\/06\/modulo-electoral.jpg?resize=400%2C299&amp;ssl=1 400w\" sizes=\"auto, (max-width: 600px) 100vw, 600px\" \/><\/a><figcaption id=\"caption-attachment-19919\" class=\"wp-caption-text\">Preliminarmente, el m\u00f3dulo deber\u00eda permanecer abierto hasta el d\u00eda de hoy, aunque dependiendo del n\u00famero de consultas se podr\u00eda extender su funcionamiento.<\/figcaption><\/figure>\n<p>Hasta el d\u00eda de hoy, aunque con posibilidades de extenderse dependiendo el n\u00famero de consultas, estar\u00e1 funcionando en la plaza c\u00edvica de San Felipe, un m\u00f3dulo de atenci\u00f3n de p\u00fablico con el fin de entregar a la comunidad informaci\u00f3n b\u00e1sica referente a la inscripci\u00f3n de las personas y su lugar de votaci\u00f3n.<\/p>\n<p>As\u00ed lo destac\u00f3 la Gobernadora Patricia Boffa, quien record\u00f3 que de acuerdo a la nueva ley, se inscribir\u00e1 a los chilenos mayores de 17 a\u00f1os que no lo han hecho voluntariamente, manteni\u00e9ndose la edad de votaci\u00f3n desde los 18 a\u00f1os. Las personas quedan inscritas en la circunscripci\u00f3n electoral que corresponda al \u00faltimo domicilio que se haya declarado en el Registro Civil e Identificaci\u00f3n.<\/p>\n<p>Los nuevos inscritos se asignar\u00e1n a las mesas actualmente vigentes de la circunscripci\u00f3n electoral que corresponda, hasta completar los 350 electores por mesas. Ahora si en alguna circunscripci\u00f3n electoral faltan mesas de votaci\u00f3n, se crear\u00e1n nuevas.<\/p>\n<p>Agreg\u00f3 la Gobernadora Boffa, que los electores que se encontraban inscritos al 31 de enero del 2012, mantendr\u00e1n su misma mesa de votaci\u00f3n, excepto que modifiquen su domicilio electoral.<\/p>\n<p>La ley 20.568, establece que el voto es voluntario para todas las personas inscritas en el registro electoral y para todas las elecciones o plebiscitos.<\/p>\n<p>\u201cComo gobernaci\u00f3n provincial hemos determinado hacer este operativo c\u00edvico en la plaza de nuestra comuna, con el \u00fanico fin de poder informar a la comunidad d\u00f3nde debe votar y el n\u00famero de su inscripci\u00f3n.<\/p>\n<p>\u201cAhora en el caso de los electores ya inscritos, ellos mantienen su residencia y su n\u00famero de inscripci\u00f3n, salvo que hayan hecho cambios en la Junta Electoral. En el caso de las personas que han cumplido los 18 a\u00f1os, la inscripci\u00f3n es autom\u00e1tica y se tomar\u00e1 como base la \u00faltima residencia registrada en el servicio de Registro Civil e Identificaci\u00f3n\u201d.<\/p>\n<p>El plazo para hacer cualquier modificaci\u00f3n a su lugar de residencia, vence impostergablemente el s\u00e1bado 30 de junio a las 13:00 horas.<\/p>\n","protected":false},"excerpt":{"rendered":"<p>Hasta el d\u00eda de hoy, aunque con posibilidades de extenderse dependiendo el n\u00famero de consultas, estar\u00e1 funcionando en la plaza c\u00edvica de San Felipe, un m\u00f3dulo de atenci\u00f3n de p\u00fablico con el&#8230;<\/p>\n","protected":false},"author":482,"featured_media":19919,"comment_status":"open","ping_status":"closed","sticky":false,"template":"","format":"standard","meta":{"advanced_seo_description":"","jetpack_seo_html_title":"","jetpack_seo_noindex":false,"_jetpack_memberships_contains_paid_content":false,"footnotes":""},"categories":[1],"tags":[],"class_list":["post-19918","post","type-post","status-publish","format-standard","has-post-thumbnail","hentry","category-cronica"],"jetpack_featured_media_url":"https:\/\/i0.wp.com\/eltrabajo.cl\/portal\/wp-content\/uploads\/2012\/06\/modulo-electoral.jpg?fit=600%2C449&ssl=1","jetpack_sharing_enabled":true,"jetpack_likes_enabled":true,"jetpack-related-posts":[],"_links":{"self":[{"href":"https:\/\/eltrabajo.cl\/portal\/wp-json\/wp\/v2\/posts\/19918","targetHints":{"allow":["GET"]}}],"collection":[{"href":"https:\/\/eltrabajo.cl\/portal\/wp-json\/wp\/v2\/posts"}],"about":[{"href":"https:\/\/eltrabajo.cl\/portal\/wp-json\/wp\/v2\/types\/post"}],"author":[{"embeddable":true,"href":"https:\/\/eltrabajo.cl\/portal\/wp-json\/wp\/v2\/users\/482"}],"replies":[{"embeddable":true,"href":"https:\/\/eltrabajo.cl\/portal\/wp-json\/wp\/v2\/comments?post=19918"}],"version-history":[{"count":0,"href":"https:\/\/eltrabajo.cl\/portal\/wp-json\/wp\/v2\/posts\/19918\/revisions"}],"wp:featuredmedia":[{"embeddable":true,"href":"https:\/\/eltrabajo.cl\/portal\/wp-json\/wp\/v2\/media\/19919"}],"wp:attachment":[{"href":"https:\/\/eltrabajo.cl\/portal\/wp-json\/wp\/v2\/media?parent=19918"}],"wp:term":[{"taxonomy":"category","embeddable":true,"href":"https:\/\/eltrabajo.cl\/portal\/wp-json\/wp\/v2\/categories?post=19918"},{"taxonomy":"post_tag","embeddable":true,"href":"https:\/\/eltrabajo.cl\/portal\/wp-json\/wp\/v2\/tags?post=19918"}],"curies":[{"name":"wp","href":"https:\/\/api.w.org\/{rel}","templated":true}]}}