{"id":19927,"date":"2012-06-26T09:42:52","date_gmt":"2012-06-26T13:42:52","guid":{"rendered":"http:\/\/www.eltrabajo.cl\/portal\/?p=19927"},"modified":"2012-06-26T09:42:52","modified_gmt":"2012-06-26T13:42:52","slug":"fundacion-prodemu-organiza-para-este-miercoles-seminario-destinado-a-informar-a-las-mujeres-sobre-distintos-beneficios","status":"publish","type":"post","link":"https:\/\/eltrabajo.cl\/portal\/fundacion-prodemu-organiza-para-este-miercoles-seminario-destinado-a-informar-a-las-mujeres-sobre-distintos-beneficios\/","title":{"rendered":"Fundaci\u00f3n Prodemu organiza para este mi\u00e9rcoles seminario destinado a informar a las mujeres sobre distintos beneficios"},"content":{"rendered":"<figure id=\"attachment_19928\" aria-describedby=\"caption-attachment-19928\" style=\"width: 300px\" class=\"wp-caption alignleft\"><a href=\"http:\/\/www.eltrabajo.cl\/portal\/2012\/06\/fundacion-prodemu-organiza-para-este-miercoles-seminario-destinado-a-informar-a-las-mujeres-sobre-distintos-beneficios\/heidi-serrat-2\/\" rel=\"attachment wp-att-19928\"><img data-recalc-dims=\"1\" loading=\"lazy\" decoding=\"async\" class=\"size-medium wp-image-19928\" title=\"heidi serrat (2)\" src=\"https:\/\/i0.wp.com\/www.eltrabajo.cl\/portal\/wp-content\/uploads\/2012\/06\/heidi-serrat-2-300x225.jpg?resize=300%2C225\" alt=\"\" width=\"300\" height=\"225\" srcset=\"https:\/\/i0.wp.com\/eltrabajo.cl\/portal\/wp-content\/uploads\/2012\/06\/heidi-serrat-2.jpg?resize=300%2C225&amp;ssl=1 300w, https:\/\/i0.wp.com\/eltrabajo.cl\/portal\/wp-content\/uploads\/2012\/06\/heidi-serrat-2.jpg?resize=200%2C150&amp;ssl=1 200w, https:\/\/i0.wp.com\/eltrabajo.cl\/portal\/wp-content\/uploads\/2012\/06\/heidi-serrat-2.jpg?resize=150%2C112&amp;ssl=1 150w, https:\/\/i0.wp.com\/eltrabajo.cl\/portal\/wp-content\/uploads\/2012\/06\/heidi-serrat-2.jpg?resize=400%2C300&amp;ssl=1 400w, https:\/\/i0.wp.com\/eltrabajo.cl\/portal\/wp-content\/uploads\/2012\/06\/heidi-serrat-2.jpg?w=600&amp;ssl=1 600w\" sizes=\"auto, (max-width: 300px) 100vw, 300px\" \/><\/a><figcaption id=\"caption-attachment-19928\" class=\"wp-caption-text\">La directora provincial de Prodemu, Heidi Serrat espera que al seminario asistan unas 50 mujeres de la provincia.<\/figcaption><\/figure>\n<p>Para este mi\u00e9rcoles, la fundaci\u00f3n Prodemu a nivel provincial est\u00e1 organizando un seminario para las mujeres, con ficha de protecci\u00f3n social aplicada.<\/p>\n<p>La actividad est\u00e1 enfocada a las mujeres de la provincia que cuenten con la ficha de protecci\u00f3n social, no importando su puntaje. La idea es informar sobre beneficios sociales para trabajadores, entre lo que se cuentan los beneficios previsionales y el programa Chile Atiende, entre otros aspectos.<\/p>\n<p>Adem\u00e1s ese d\u00eda las mujeres recibir\u00e1n capacitaci\u00f3n sobre el ingreso \u00e9tico familiar, tomando en cuenta que en este tema existe poca informaci\u00f3n todav\u00eda.<\/p>\n<p>\u201cEstamos tratando que llegue toda esa informaci\u00f3n a la mayor cantidad de personas posibles, el seminario lo vamos a realizar este mi\u00e9rcoles desde las 9:30 de la ma\u00f1ana hasta la 1 y media de la tarde, tenemos un cafecito preparado tambi\u00e9n y es abierto, las mujeres que quieran ir, van y se inscriben y pueden llegar al seminario sin ning\u00fan problema\u201d, dijo Heidi Serrat, directora provincial de Prodemu.<\/p>\n<p>El requisito para las mujeres que quieran participar es contar con la ficha de protecci\u00f3n social aplicada, y a todas aquellas que se encuentren interesadas en saber m\u00e1s sobre el ingreso \u00e9tico familiar y la previsi\u00f3n social, o que necesiten esa informaci\u00f3n para recibir los beneficios.<\/p>\n<p>\u201cQueremos que a toda persona que le pueda servir, pueda llegar al seminario, va a ser en nuestras oficinas de fundaci\u00f3n Prodemu\u201d.<\/p>\n<p>La encargada provincial espera que asistan como m\u00ednimo unas 50 mujeres para esta iniciativa que est\u00e1 destinada a mejorar las condiciones de vida de las mujeres.<\/p>\n","protected":false},"excerpt":{"rendered":"<p>Para este mi\u00e9rcoles, la fundaci\u00f3n Prodemu a nivel provincial est\u00e1 organizando un seminario para las mujeres, con ficha de protecci\u00f3n social aplicada. La actividad est\u00e1 enfocada a las mujeres de la provincia&#8230;<\/p>\n","protected":false},"author":482,"featured_media":19928,"comment_status":"open","ping_status":"closed","sticky":false,"template":"","format":"standard","meta":{"advanced_seo_description":"","jetpack_seo_html_title":"","jetpack_seo_noindex":false,"_jetpack_memberships_contains_paid_content":false,"footnotes":""},"categories":[1],"tags":[],"class_list":["post-19927","post","type-post","status-publish","format-standard","has-post-thumbnail","hentry","category-cronica"],"jetpack_featured_media_url":"https:\/\/i0.wp.com\/eltrabajo.cl\/portal\/wp-content\/uploads\/2012\/06\/heidi-serrat-2.jpg?fit=600%2C450&ssl=1","jetpack_sharing_enabled":true,"jetpack_likes_enabled":true,"jetpack-related-posts":[],"_links":{"self":[{"href":"https:\/\/eltrabajo.cl\/portal\/wp-json\/wp\/v2\/posts\/19927","targetHints":{"allow":["GET"]}}],"collection":[{"href":"https:\/\/eltrabajo.cl\/portal\/wp-json\/wp\/v2\/posts"}],"about":[{"href":"https:\/\/eltrabajo.cl\/portal\/wp-json\/wp\/v2\/types\/post"}],"author":[{"embeddable":true,"href":"https:\/\/eltrabajo.cl\/portal\/wp-json\/wp\/v2\/users\/482"}],"replies":[{"embeddable":true,"href":"https:\/\/eltrabajo.cl\/portal\/wp-json\/wp\/v2\/comments?post=19927"}],"version-history":[{"count":0,"href":"https:\/\/eltrabajo.cl\/portal\/wp-json\/wp\/v2\/posts\/19927\/revisions"}],"wp:featuredmedia":[{"embeddable":true,"href":"https:\/\/eltrabajo.cl\/portal\/wp-json\/wp\/v2\/media\/19928"}],"wp:attachment":[{"href":"https:\/\/eltrabajo.cl\/portal\/wp-json\/wp\/v2\/media?parent=19927"}],"wp:term":[{"taxonomy":"category","embeddable":true,"href":"https:\/\/eltrabajo.cl\/portal\/wp-json\/wp\/v2\/categories?post=19927"},{"taxonomy":"post_tag","embeddable":true,"href":"https:\/\/eltrabajo.cl\/portal\/wp-json\/wp\/v2\/tags?post=19927"}],"curies":[{"name":"wp","href":"https:\/\/api.w.org\/{rel}","templated":true}]}}