{"id":19931,"date":"2012-06-26T09:44:27","date_gmt":"2012-06-26T13:44:27","guid":{"rendered":"http:\/\/www.eltrabajo.cl\/portal\/?p=19931"},"modified":"2012-06-26T09:44:27","modified_gmt":"2012-06-26T13:44:27","slug":"senda-previene-realiza-hoy-feria-preventiva-con-trabajo-que-se-realiza-en-la-comuna","status":"publish","type":"post","link":"https:\/\/eltrabajo.cl\/portal\/senda-previene-realiza-hoy-feria-preventiva-con-trabajo-que-se-realiza-en-la-comuna\/","title":{"rendered":"Senda-Previene realiza hoy feria preventiva con trabajo que se realiza en la comuna"},"content":{"rendered":"<figure id=\"attachment_19932\" aria-describedby=\"caption-attachment-19932\" style=\"width: 300px\" class=\"wp-caption alignleft\"><a href=\"http:\/\/www.eltrabajo.cl\/portal\/2012\/06\/senda-previene-realiza-hoy-feria-preventiva-con-trabajo-que-se-realiza-en-la-comuna\/albert-lobos-2\/\" rel=\"attachment wp-att-19932\"><img data-recalc-dims=\"1\" loading=\"lazy\" decoding=\"async\" class=\"size-medium wp-image-19932\" title=\"albert lobos (2)\" src=\"https:\/\/i0.wp.com\/www.eltrabajo.cl\/portal\/wp-content\/uploads\/2012\/06\/albert-lobos-2-300x225.jpg?resize=300%2C225\" alt=\"\" width=\"300\" height=\"225\" srcset=\"https:\/\/i0.wp.com\/eltrabajo.cl\/portal\/wp-content\/uploads\/2012\/06\/albert-lobos-2.jpg?resize=300%2C225&amp;ssl=1 300w, https:\/\/i0.wp.com\/eltrabajo.cl\/portal\/wp-content\/uploads\/2012\/06\/albert-lobos-2.jpg?resize=200%2C150&amp;ssl=1 200w, https:\/\/i0.wp.com\/eltrabajo.cl\/portal\/wp-content\/uploads\/2012\/06\/albert-lobos-2.jpg?resize=150%2C112&amp;ssl=1 150w, https:\/\/i0.wp.com\/eltrabajo.cl\/portal\/wp-content\/uploads\/2012\/06\/albert-lobos-2.jpg?resize=400%2C300&amp;ssl=1 400w, https:\/\/i0.wp.com\/eltrabajo.cl\/portal\/wp-content\/uploads\/2012\/06\/albert-lobos-2.jpg?w=600&amp;ssl=1 600w\" sizes=\"auto, (max-width: 300px) 100vw, 300px\" \/><\/a><figcaption id=\"caption-attachment-19932\" class=\"wp-caption-text\">Albert Lobos se\u00f1al\u00f3 que esta feria tiene como objetivo mostrar el trabajo que se viene realizando en San Felipe y los centros de tratamiento que se han habilitado.<\/figcaption><\/figure>\n<p>En el marco del D\u00eda Nacional de la Prevenci\u00f3n, que en nuestro pa\u00eds se celebra el 26 de junio, este martes en San Felipe, Senda-Previene realizar\u00e1 una denominada feria preventiva.<\/p>\n<p>La idea, seg\u00fan explic\u00f3 el coordinador Previene San Felipe, Albert Lobos, es mostrar a la comunidad el trabajo que realizan los centros de tratamiento y de dar a conocer los establecimientos con que trabaja el Previene en la comuna, adem\u00e1s de informar sobre la mesa de tratamiento que se ha conformado en San Felipe.<\/p>\n<p>Durante este a\u00f1o, la entidad ha trabajado principalmente en la implementaci\u00f3n del nuevo material, denominado Actitud y en la mesa de tratamiento, la cual tiene como objetivo hacer un trabajo m\u00e1s sistem\u00e1tico durante el a\u00f1o.<\/p>\n<p>Adem\u00e1s durante la feria que se realizar\u00e1 este martes, se dar\u00e1 a conocer un concurso que realizaron en conjunto con los establecimientos escolares, donde los ni\u00f1os de los colegios confeccionaron distintos dibujos enfocados en tem\u00e1ticas de prevenci\u00f3n.<\/p>\n<p>\u201cLa particularidad de este concurso tiene que ver con c\u00f3mo lo hicieron ellos, donde presentaron los factores protectores y las iniciativas que ellos tienen con la prevenci\u00f3n\u201d, dijo Lobos.<\/p>\n<p>Seg\u00fan se\u00f1al\u00f3 el coordinador, se trat\u00f3 de un trabajo muy positivo, que dej\u00f3 sorprendidos a los profesionales de Previene por la cantidad de dibujos que presentaron los peque\u00f1os, trabajos que inclu\u00edan incluso escritos, material que ser\u00e1 mostrado y resaltado en esta feria.<\/p>\n<p>Respecto de los \u00edndices de consumo de droga, Lobos dijo que en este tiempo se est\u00e1 realizando un diagn\u00f3stico, el cual se espera terminar para fines del mes de julio, fecha en que ese trabajo ser\u00e1 presentado a la comunidad.<\/p>\n<p>En ese estudio se mostrar\u00e1 la realidad que se presenta del consumo de droga desde el a\u00f1o 2001, \u201cqueremos hacer una comparaci\u00f3n desde el 2001 hasta el 2012\u201d, dijo el coordinador.<\/p>\n","protected":false},"excerpt":{"rendered":"<p>En el marco del D\u00eda Nacional de la Prevenci\u00f3n, que en nuestro pa\u00eds se celebra el 26 de junio, este martes en San Felipe, Senda-Previene realizar\u00e1 una denominada feria preventiva. La idea,&#8230;<\/p>\n","protected":false},"author":482,"featured_media":19932,"comment_status":"open","ping_status":"closed","sticky":false,"template":"","format":"standard","meta":{"advanced_seo_description":"","jetpack_seo_html_title":"","jetpack_seo_noindex":false,"_jetpack_memberships_contains_paid_content":false,"footnotes":""},"categories":[1],"tags":[],"class_list":["post-19931","post","type-post","status-publish","format-standard","has-post-thumbnail","hentry","category-cronica"],"jetpack_featured_media_url":"https:\/\/i0.wp.com\/eltrabajo.cl\/portal\/wp-content\/uploads\/2012\/06\/albert-lobos-2.jpg?fit=600%2C451&ssl=1","jetpack_sharing_enabled":true,"jetpack_likes_enabled":true,"jetpack-related-posts":[],"_links":{"self":[{"href":"https:\/\/eltrabajo.cl\/portal\/wp-json\/wp\/v2\/posts\/19931","targetHints":{"allow":["GET"]}}],"collection":[{"href":"https:\/\/eltrabajo.cl\/portal\/wp-json\/wp\/v2\/posts"}],"about":[{"href":"https:\/\/eltrabajo.cl\/portal\/wp-json\/wp\/v2\/types\/post"}],"author":[{"embeddable":true,"href":"https:\/\/eltrabajo.cl\/portal\/wp-json\/wp\/v2\/users\/482"}],"replies":[{"embeddable":true,"href":"https:\/\/eltrabajo.cl\/portal\/wp-json\/wp\/v2\/comments?post=19931"}],"version-history":[{"count":0,"href":"https:\/\/eltrabajo.cl\/portal\/wp-json\/wp\/v2\/posts\/19931\/revisions"}],"wp:featuredmedia":[{"embeddable":true,"href":"https:\/\/eltrabajo.cl\/portal\/wp-json\/wp\/v2\/media\/19932"}],"wp:attachment":[{"href":"https:\/\/eltrabajo.cl\/portal\/wp-json\/wp\/v2\/media?parent=19931"}],"wp:term":[{"taxonomy":"category","embeddable":true,"href":"https:\/\/eltrabajo.cl\/portal\/wp-json\/wp\/v2\/categories?post=19931"},{"taxonomy":"post_tag","embeddable":true,"href":"https:\/\/eltrabajo.cl\/portal\/wp-json\/wp\/v2\/tags?post=19931"}],"curies":[{"name":"wp","href":"https:\/\/api.w.org\/{rel}","templated":true}]}}