{"id":19938,"date":"2012-06-26T09:51:30","date_gmt":"2012-06-26T13:51:30","guid":{"rendered":"http:\/\/www.eltrabajo.cl\/portal\/?p=19938"},"modified":"2012-06-26T10:10:02","modified_gmt":"2012-06-26T14:10:02","slug":"servicio-de-salud-pdi-y-uac-lanzan-2%c2%ba-seminario-de-prevencion-del-suicidio","status":"publish","type":"post","link":"https:\/\/eltrabajo.cl\/portal\/servicio-de-salud-pdi-y-uac-lanzan-2%c2%ba-seminario-de-prevencion-del-suicidio\/","title":{"rendered":"Servicio de Salud, PDI y UAC lanzan 2\u00ba Seminario de Prevenci\u00f3n del Suicidio"},"content":{"rendered":"<ul>\n<li>\n<div class=\"mceTemp\">\n<dl id=\"attachment_19939\" class=\"wp-caption alignleft\" style=\"width: 310px;\">\n<dt class=\"wp-caption-dt\"><a href=\"http:\/\/www.eltrabajo.cl\/portal\/2012\/06\/servicio-de-salud-pdi-y-uac-lanzan-2%c2%ba-seminario-de-prevencion-del-suicidio\/seminario-suicidio-1\/\" rel=\"attachment wp-att-19939\"><img data-recalc-dims=\"1\" loading=\"lazy\" decoding=\"async\" class=\"size-medium wp-image-19939\" title=\"seminario suicidio (1)\" src=\"https:\/\/i0.wp.com\/www.eltrabajo.cl\/portal\/wp-content\/uploads\/2012\/06\/seminario-suicidio-1-300x209.jpg?resize=300%2C209\" alt=\"\" width=\"300\" height=\"209\" srcset=\"https:\/\/i0.wp.com\/eltrabajo.cl\/portal\/wp-content\/uploads\/2012\/06\/seminario-suicidio-1.jpg?resize=300%2C209&amp;ssl=1 300w, https:\/\/i0.wp.com\/eltrabajo.cl\/portal\/wp-content\/uploads\/2012\/06\/seminario-suicidio-1.jpg?resize=200%2C139&amp;ssl=1 200w, https:\/\/i0.wp.com\/eltrabajo.cl\/portal\/wp-content\/uploads\/2012\/06\/seminario-suicidio-1.jpg?resize=150%2C104&amp;ssl=1 150w, https:\/\/i0.wp.com\/eltrabajo.cl\/portal\/wp-content\/uploads\/2012\/06\/seminario-suicidio-1.jpg?resize=400%2C278&amp;ssl=1 400w, https:\/\/i0.wp.com\/eltrabajo.cl\/portal\/wp-content\/uploads\/2012\/06\/seminario-suicidio-1.jpg?w=600&amp;ssl=1 600w\" sizes=\"auto, (max-width: 300px) 100vw, 300px\" \/><\/a><\/dt>\n<dd class=\"wp-caption-dd\">Con la presencia del Director de Salud, Rodrigo Infante, y del Sub Prefecto de la PDI Iv\u00e1n L\u00f3pez, se lanz\u00f3 oficialmente el Segundo Seminario sobre Prevenci\u00f3n del Suicidio.<\/dd>\n<\/dl>\n<p><strong>El evento se desarrollar\u00e1 los d\u00edas 28 y 29 de Junio en el Hospital Philippe Pinel de Putaendo y contar\u00e1 con expositores que abordar\u00e1n diversas tem\u00e1ticas relacionadas con esta situaci\u00f3n, enfoc\u00e1ndose en el rol que la comunidad tiene y puede adquirir para evitar el crecimiento de este fen\u00f3meno.<\/strong><\/div>\n<\/li>\n<\/ul>\n<p>En el Hospital Psiqui\u00e1trico Philippe Pinel de Putaendo, entre el 28 y 29 de junio, se estar\u00e1 desarrollando el Segundo Seminario sobre Prevenci\u00f3n del Suicidio.<\/p>\n<p>As\u00ed lo informaron en conferencia de prensa, el Director del Servicio de Salud Aconcagua, Rodrigo Infante, y el Sub Prefecto de la PDI, Iv\u00e1n L\u00f3pez, quienes manifestaron que este esfuerzo apunta fundamentalmente a poner en conocimiento de la comunidad diferentes situaciones que permiten abordar de mejor manera la prevenci\u00f3n de este fen\u00f3meno, ya que una de las acciones que permite anticiparse a esta situaci\u00f3n es una adecuada difusi\u00f3n a las organizaciones sociales.<\/p>\n<p>\u201cEl suicidio es una realidad que tenemos en nuestro Valle de Aconcagua, pero para prevenirlo y anticiparnos, es prioritario asumir que la prevenci\u00f3n del suicidio es un trabajo intersectorial, que sobrepasa las acciones que desde el sector salud pueden realizarse, ya sea por el trabajo de los equipos o por las campa\u00f1as. Su disminuci\u00f3n debe comprometer el trabajo conjunto de diversos sectores, incorporando la visi\u00f3n de los determinantes sociales de la salud. Por ello es que estamos trabajando en conjunto con la PDI y la Universidad de Aconcagua para ampliar la visi\u00f3n\u201d, manifest\u00f3 el Director del Servicio de Salud Aconcagua, Rodrigo Infante.<\/p>\n<p>Por su parte, el representante de la PDI, Sub Prefecto Iv\u00e1n L\u00f3pez, destac\u00f3 el hecho de trabajar en conjunto con diversas organizaciones y de replicar nuevamente esta iniciativa, que en su primera versi\u00f3n se desarroll\u00f3 el a\u00f1o 2009, coincidiendo esta vez con el mes aniversario de la organizaci\u00f3n. \u201cEste trabajo apunta a que abordemos este tema de manera conjunta y que formemos v\u00ednculos efectivos con la comunidad que nos ayuden a prevenir este tipo de conductas y que tambi\u00e9n las personas sepan que existen redes de apoyo\u201d, sentenci\u00f3 L\u00f3pez.<\/p>\n<p>Finalmente, las autoridades manifestaron que existen cupos disponibles para la comunidad que desee participar. \u201cHemos invitado a los Codelo de nuestros establecimientos, a profesionales de las redes de salud y educaci\u00f3n y tambi\u00e9n queremos hacer la invitaci\u00f3n a las personas y organizaciones que deseen participar\u201d, manifest\u00f3 Rodrigo Infante, quien expres\u00f3 que los interesados pueden contactarse telef\u00f3nicamente a la Direcci\u00f3n del Servicio de Salud con el fin de asegurar su participaci\u00f3n.<\/p>\n","protected":false},"excerpt":{"rendered":"<p>Con la presencia del Director de Salud, Rodrigo Infante, y del Sub Prefecto de la PDI Iv\u00e1n L\u00f3pez, se lanz\u00f3 oficialmente el Segundo Seminario sobre Prevenci\u00f3n del Suicidio. El evento se desarrollar\u00e1&#8230;<\/p>\n","protected":false},"author":482,"featured_media":19939,"comment_status":"open","ping_status":"closed","sticky":false,"template":"","format":"standard","meta":{"advanced_seo_description":"","jetpack_seo_html_title":"","jetpack_seo_noindex":false,"_jetpack_memberships_contains_paid_content":false,"footnotes":""},"categories":[1],"tags":[],"class_list":["post-19938","post","type-post","status-publish","format-standard","has-post-thumbnail","hentry","category-cronica"],"jetpack_featured_media_url":"https:\/\/i0.wp.com\/eltrabajo.cl\/portal\/wp-content\/uploads\/2012\/06\/seminario-suicidio-1.jpg?fit=600%2C418&ssl=1","jetpack_sharing_enabled":true,"jetpack_likes_enabled":true,"jetpack-related-posts":[],"_links":{"self":[{"href":"https:\/\/eltrabajo.cl\/portal\/wp-json\/wp\/v2\/posts\/19938","targetHints":{"allow":["GET"]}}],"collection":[{"href":"https:\/\/eltrabajo.cl\/portal\/wp-json\/wp\/v2\/posts"}],"about":[{"href":"https:\/\/eltrabajo.cl\/portal\/wp-json\/wp\/v2\/types\/post"}],"author":[{"embeddable":true,"href":"https:\/\/eltrabajo.cl\/portal\/wp-json\/wp\/v2\/users\/482"}],"replies":[{"embeddable":true,"href":"https:\/\/eltrabajo.cl\/portal\/wp-json\/wp\/v2\/comments?post=19938"}],"version-history":[{"count":0,"href":"https:\/\/eltrabajo.cl\/portal\/wp-json\/wp\/v2\/posts\/19938\/revisions"}],"wp:featuredmedia":[{"embeddable":true,"href":"https:\/\/eltrabajo.cl\/portal\/wp-json\/wp\/v2\/media\/19939"}],"wp:attachment":[{"href":"https:\/\/eltrabajo.cl\/portal\/wp-json\/wp\/v2\/media?parent=19938"}],"wp:term":[{"taxonomy":"category","embeddable":true,"href":"https:\/\/eltrabajo.cl\/portal\/wp-json\/wp\/v2\/categories?post=19938"},{"taxonomy":"post_tag","embeddable":true,"href":"https:\/\/eltrabajo.cl\/portal\/wp-json\/wp\/v2\/tags?post=19938"}],"curies":[{"name":"wp","href":"https:\/\/api.w.org\/{rel}","templated":true}]}}