{"id":19942,"date":"2012-06-26T09:54:52","date_gmt":"2012-06-26T13:54:52","guid":{"rendered":"http:\/\/www.eltrabajo.cl\/portal\/?p=19942"},"modified":"2012-06-26T09:54:52","modified_gmt":"2012-06-26T13:54:52","slug":"cuerpo-de-bomberos-realiza-tradicional-bautizo-de-nuevos-voluntarios","status":"publish","type":"post","link":"https:\/\/eltrabajo.cl\/portal\/cuerpo-de-bomberos-realiza-tradicional-bautizo-de-nuevos-voluntarios\/","title":{"rendered":"Cuerpo de Bomberos realiza tradicional bautizo de nuevos voluntarios"},"content":{"rendered":"<figure id=\"attachment_19943\" aria-describedby=\"caption-attachment-19943\" style=\"width: 600px\" class=\"wp-caption alignnone\"><a href=\"http:\/\/www.eltrabajo.cl\/portal\/2012\/06\/cuerpo-de-bomberos-realiza-tradicional-bautizo-de-nuevos-voluntarios\/juramento-bomberos\/\" rel=\"attachment wp-att-19943\"><img data-recalc-dims=\"1\" loading=\"lazy\" decoding=\"async\" class=\"size-full wp-image-19943\" title=\"juramento bomberos\" src=\"https:\/\/i0.wp.com\/www.eltrabajo.cl\/portal\/wp-content\/uploads\/2012\/06\/juramento-bomberos.jpg?resize=600%2C400\" alt=\"\" width=\"600\" height=\"400\" srcset=\"https:\/\/i0.wp.com\/eltrabajo.cl\/portal\/wp-content\/uploads\/2012\/06\/juramento-bomberos.jpg?w=600&amp;ssl=1 600w, https:\/\/i0.wp.com\/eltrabajo.cl\/portal\/wp-content\/uploads\/2012\/06\/juramento-bomberos.jpg?resize=200%2C133&amp;ssl=1 200w, https:\/\/i0.wp.com\/eltrabajo.cl\/portal\/wp-content\/uploads\/2012\/06\/juramento-bomberos.jpg?resize=300%2C200&amp;ssl=1 300w, https:\/\/i0.wp.com\/eltrabajo.cl\/portal\/wp-content\/uploads\/2012\/06\/juramento-bomberos.jpg?resize=150%2C100&amp;ssl=1 150w, https:\/\/i0.wp.com\/eltrabajo.cl\/portal\/wp-content\/uploads\/2012\/06\/juramento-bomberos.jpg?resize=400%2C266&amp;ssl=1 400w\" sizes=\"auto, (max-width: 600px) 100vw, 600px\" \/><\/a><figcaption id=\"caption-attachment-19943\" class=\"wp-caption-text\">Frente a sus oficiales y familiares, 29 bomberos y bomberas juraron solemnemente por su honor servir a la comunidad sin esperar recompensa y hasta \u2018dar la vida si fuese necesario\u2019. (Foto Fdo D\u00edaz, Servicios Audiovisuales Mundonet).<\/figcaption><\/figure>\n<p>Este domingo se realiz\u00f3 el tradicional\u00a0 Bautizo de nuevos Voluntarios del Cuerpo de Bomberos de San Felipe, actividad que estuvo a cargo de la comandancia y que, como es tradicional, se realiz\u00f3 en la plaza de armas.<\/p>\n<p>Este proceso de \u2018iniciaci\u00f3n bomberil\u2019 tiene como prop\u00f3sito que los nuevos efectivos \u2018juren por su honor\u2019 servir a la comunidad sin esperar recompensa y reconocimiento alguno y hasta \u2018dar la vida si fuese necesario\u2019.<\/p>\n<figure id=\"attachment_19944\" aria-describedby=\"caption-attachment-19944\" style=\"width: 300px\" class=\"wp-caption alignright\"><a href=\"http:\/\/www.eltrabajo.cl\/portal\/2012\/06\/cuerpo-de-bomberos-realiza-tradicional-bautizo-de-nuevos-voluntarios\/bautizo-bomberil\/\" rel=\"attachment wp-att-19944\"><img data-recalc-dims=\"1\" loading=\"lazy\" decoding=\"async\" class=\"size-medium wp-image-19944\" title=\"bautizo bomberil\" src=\"https:\/\/i0.wp.com\/www.eltrabajo.cl\/portal\/wp-content\/uploads\/2012\/06\/bautizo-bomberil-300x225.jpg?resize=300%2C225\" alt=\"\" width=\"300\" height=\"225\" srcset=\"https:\/\/i0.wp.com\/eltrabajo.cl\/portal\/wp-content\/uploads\/2012\/06\/bautizo-bomberil.jpg?resize=300%2C225&amp;ssl=1 300w, https:\/\/i0.wp.com\/eltrabajo.cl\/portal\/wp-content\/uploads\/2012\/06\/bautizo-bomberil.jpg?resize=200%2C150&amp;ssl=1 200w, https:\/\/i0.wp.com\/eltrabajo.cl\/portal\/wp-content\/uploads\/2012\/06\/bautizo-bomberil.jpg?resize=150%2C112&amp;ssl=1 150w, https:\/\/i0.wp.com\/eltrabajo.cl\/portal\/wp-content\/uploads\/2012\/06\/bautizo-bomberil.jpg?resize=400%2C300&amp;ssl=1 400w, https:\/\/i0.wp.com\/eltrabajo.cl\/portal\/wp-content\/uploads\/2012\/06\/bautizo-bomberil.jpg?w=600&amp;ssl=1 600w\" sizes=\"auto, (max-width: 300px) 100vw, 300px\" \/><\/a><figcaption id=\"caption-attachment-19944\" class=\"wp-caption-text\">El Bautizo consisti\u00f3 en que cada voluntario ten\u00eda que pasar por un puente de escalas cubierto de agua lanzada por 7 chorros que representan a las compa\u00f1\u00edas del cuerpo.<\/figcaption><\/figure>\n<p>El Bautizo consisti\u00f3 en que cada voluntario ten\u00eda que pasar por un puente de escalas cubierto de agua lanzada por 7 chorros que representan a las compa\u00f1\u00edas del cuerpo.<\/p>\n<p>En total 29 bomberos y bomberas frente a sus oficiales y familiares juraron solemnemente.<\/p>\n<p>Paralelo a lo anterior, una serie de charlas informativas ha dictado el Superintendente del Cuerpo de Bomberos, Julio Hardoy, a juntas de vecinos y agrupaciones en el marco del proceso de formaci\u00f3n de dirigentes sociales impulsado por el municipio: \u201cEsta es una muy buena oportunidad que nos da el se\u00f1or Alcalde Amar de llegar con nuestro mensaje institucional a los vecinos\u201d, sostuvo Hardoy.<\/p>\n","protected":false},"excerpt":{"rendered":"<p>Este domingo se realiz\u00f3 el tradicional\u00a0 Bautizo de nuevos Voluntarios del Cuerpo de Bomberos de San Felipe, actividad que estuvo a cargo de la comandancia y que, como es tradicional, se realiz\u00f3&#8230;<\/p>\n","protected":false},"author":482,"featured_media":19943,"comment_status":"open","ping_status":"closed","sticky":false,"template":"","format":"standard","meta":{"advanced_seo_description":"","jetpack_seo_html_title":"","jetpack_seo_noindex":false,"_jetpack_memberships_contains_paid_content":false,"footnotes":""},"categories":[15],"tags":[],"class_list":["post-19942","post","type-post","status-publish","format-standard","has-post-thumbnail","hentry","category-comunidad"],"jetpack_featured_media_url":"https:\/\/i0.wp.com\/eltrabajo.cl\/portal\/wp-content\/uploads\/2012\/06\/juramento-bomberos.jpg?fit=600%2C400&ssl=1","jetpack_sharing_enabled":true,"jetpack_likes_enabled":true,"jetpack-related-posts":[],"_links":{"self":[{"href":"https:\/\/eltrabajo.cl\/portal\/wp-json\/wp\/v2\/posts\/19942","targetHints":{"allow":["GET"]}}],"collection":[{"href":"https:\/\/eltrabajo.cl\/portal\/wp-json\/wp\/v2\/posts"}],"about":[{"href":"https:\/\/eltrabajo.cl\/portal\/wp-json\/wp\/v2\/types\/post"}],"author":[{"embeddable":true,"href":"https:\/\/eltrabajo.cl\/portal\/wp-json\/wp\/v2\/users\/482"}],"replies":[{"embeddable":true,"href":"https:\/\/eltrabajo.cl\/portal\/wp-json\/wp\/v2\/comments?post=19942"}],"version-history":[{"count":0,"href":"https:\/\/eltrabajo.cl\/portal\/wp-json\/wp\/v2\/posts\/19942\/revisions"}],"wp:featuredmedia":[{"embeddable":true,"href":"https:\/\/eltrabajo.cl\/portal\/wp-json\/wp\/v2\/media\/19943"}],"wp:attachment":[{"href":"https:\/\/eltrabajo.cl\/portal\/wp-json\/wp\/v2\/media?parent=19942"}],"wp:term":[{"taxonomy":"category","embeddable":true,"href":"https:\/\/eltrabajo.cl\/portal\/wp-json\/wp\/v2\/categories?post=19942"},{"taxonomy":"post_tag","embeddable":true,"href":"https:\/\/eltrabajo.cl\/portal\/wp-json\/wp\/v2\/tags?post=19942"}],"curies":[{"name":"wp","href":"https:\/\/api.w.org\/{rel}","templated":true}]}}