{"id":19947,"date":"2012-06-26T09:57:50","date_gmt":"2012-06-26T13:57:50","guid":{"rendered":"http:\/\/www.eltrabajo.cl\/portal\/?p=19947"},"modified":"2012-06-26T09:57:50","modified_gmt":"2012-06-26T13:57:50","slug":"con-artesanias-y-artistas-de-renombre-realizaran-1%c2%aa-feria-del-olivo-2012","status":"publish","type":"post","link":"https:\/\/eltrabajo.cl\/portal\/con-artesanias-y-artistas-de-renombre-realizaran-1%c2%aa-feria-del-olivo-2012\/","title":{"rendered":"Con artesan\u00edas y artistas de renombre realizar\u00e1n 1\u00aa Feria del Olivo 2012"},"content":{"rendered":"<figure id=\"attachment_19948\" aria-describedby=\"caption-attachment-19948\" style=\"width: 600px\" class=\"wp-caption alignnone\"><a href=\"http:\/\/www.eltrabajo.cl\/portal\/2012\/06\/con-artesanias-y-artistas-de-renombre-realizaran-1%c2%aa-feria-del-olivo-2012\/artesanos3\/\" rel=\"attachment wp-att-19948\"><img data-recalc-dims=\"1\" loading=\"lazy\" decoding=\"async\" class=\"size-full wp-image-19948\" title=\"Artesanos3\" src=\"https:\/\/i0.wp.com\/www.eltrabajo.cl\/portal\/wp-content\/uploads\/2012\/06\/Artesanos3.jpg?resize=600%2C420\" alt=\"\" width=\"600\" height=\"420\" srcset=\"https:\/\/i0.wp.com\/eltrabajo.cl\/portal\/wp-content\/uploads\/2012\/06\/Artesanos3.jpg?w=600&amp;ssl=1 600w, https:\/\/i0.wp.com\/eltrabajo.cl\/portal\/wp-content\/uploads\/2012\/06\/Artesanos3.jpg?resize=200%2C140&amp;ssl=1 200w, https:\/\/i0.wp.com\/eltrabajo.cl\/portal\/wp-content\/uploads\/2012\/06\/Artesanos3.jpg?resize=300%2C210&amp;ssl=1 300w, https:\/\/i0.wp.com\/eltrabajo.cl\/portal\/wp-content\/uploads\/2012\/06\/Artesanos3.jpg?resize=150%2C105&amp;ssl=1 150w, https:\/\/i0.wp.com\/eltrabajo.cl\/portal\/wp-content\/uploads\/2012\/06\/Artesanos3.jpg?resize=400%2C280&amp;ssl=1 400w\" sizes=\"auto, (max-width: 600px) 100vw, 600px\" \/><\/a><figcaption id=\"caption-attachment-19948\" class=\"wp-caption-text\">Artesan\u00edas grandes y peque\u00f1as ser\u00e1n puestas al alcance de quienes visiten esta Feria del Olivo.<\/figcaption><\/figure>\n<p>Roberto Gonz\u00e1lez Short &#8211; <a href=\"mailto:rgonzalez@eltrabajo.cl\">rgonzalez@eltrabajo.cl<\/a><\/p>\n<p>Luego de semanas de meticulosa planificaci\u00f3n y log\u00edstica por parte de personeros del Servicio Nacional de Turismo (Sernatur), la ma\u00f1ana de este lunes fueron anunciados a Diario El Trabajo, la fecha y horarios en que se realizar\u00e1 la 1\u00aa Feria Costumbrista del Olivo 2012 en Santa Filomena de Santa Mar\u00eda, a realizarse el 30 de junio y 1\u00ba de julio.<\/p>\n<p>Esta actividad contar\u00e1 con el funcionamiento de 45 stands con productos artesanales propios de la zona.<\/p>\n<figure id=\"attachment_19949\" aria-describedby=\"caption-attachment-19949\" style=\"width: 300px\" class=\"wp-caption alignright\"><a href=\"http:\/\/www.eltrabajo.cl\/portal\/2012\/06\/con-artesanias-y-artistas-de-renombre-realizaran-1%c2%aa-feria-del-olivo-2012\/cabalgata1-3\/\" rel=\"attachment wp-att-19949\"><img data-recalc-dims=\"1\" loading=\"lazy\" decoding=\"async\" class=\"size-medium wp-image-19949\" title=\"Cabalgata1\" src=\"https:\/\/i0.wp.com\/www.eltrabajo.cl\/portal\/wp-content\/uploads\/2012\/06\/Cabalgata1-300x210.jpg?resize=300%2C210\" alt=\"\" width=\"300\" height=\"210\" srcset=\"https:\/\/i0.wp.com\/eltrabajo.cl\/portal\/wp-content\/uploads\/2012\/06\/Cabalgata1.jpg?resize=300%2C210&amp;ssl=1 300w, https:\/\/i0.wp.com\/eltrabajo.cl\/portal\/wp-content\/uploads\/2012\/06\/Cabalgata1.jpg?resize=200%2C140&amp;ssl=1 200w, https:\/\/i0.wp.com\/eltrabajo.cl\/portal\/wp-content\/uploads\/2012\/06\/Cabalgata1.jpg?resize=150%2C105&amp;ssl=1 150w, https:\/\/i0.wp.com\/eltrabajo.cl\/portal\/wp-content\/uploads\/2012\/06\/Cabalgata1.jpg?resize=400%2C280&amp;ssl=1 400w, https:\/\/i0.wp.com\/eltrabajo.cl\/portal\/wp-content\/uploads\/2012\/06\/Cabalgata1.jpg?w=600&amp;ssl=1 600w\" sizes=\"auto, (max-width: 300px) 100vw, 300px\" \/><\/a><figcaption id=\"caption-attachment-19949\" class=\"wp-caption-text\">Al menos unos ocho caballos estar\u00e1n saliendo cada hora desde el lugar ferial hasta sectores de gran valor hist\u00f3rico y tur\u00edstico.<\/figcaption><\/figure>\n<p>\u201cEs gratificante para nosotros como Sernac, poder anunciar que durante los dos d\u00edas habr\u00e1 a disposici\u00f3n del p\u00fablico, miles de productos hechos por artesanos de Santa Mar\u00eda y poblaciones vecinas\u201d, explic\u00f3 a nuestro medio, Odette Illan\u00e9s, Jefe T\u00e9cnico de la Oficina Prodesal Norte.<\/p>\n<p>Seg\u00fan lo explicado por Illan\u00e9s, al menos unos 20 millones de pesos habr\u00edan sido inyectados para este proyecto por parte del Gobierno Regional.<\/p>\n<p>\u201cLos Consejeros Regionales, Eduardo Le\u00f3n y Nelson Contador, han estado muy pendientes de cada detalle de esta Feria (\u2026) En lo relacionado a lo que se podr\u00e1 encontrar en esos d\u00edas, estoy hablando de licores y aceite de aceituna, art\u00edculos en cuero, papel, miel, llaveros, madera, barro, cer\u00e1mica, frutos secos y otras t\u00e9cnicas artesanales\u201d, agreg\u00f3 la funcionaria de Sernatur.<\/p>\n<p><strong>Y ARTISTAS TAMBI\u00c9N\u2026<\/strong><\/p>\n<p>Pero esta Feria Costumbrista del Olivo no se limita \u00fanicamente a la promoci\u00f3n y venta de art\u00edculos artesanales, ya que varios artistas estar\u00e1n d\u00e1ndole al evento ese \u2018toque\u2019 especial a fin de entretener a chicos y grandes. Se trata de Eduardo Gatti, Caballito Blanco, Bailes Chinos, Ensamble Latinoamericano y Quinta Estaci\u00f3n, entre otros, ser\u00eda apenas parte del repertorio que har\u00e1n de las suyas en la entrada principal de la Iglesia de Santa Filomena.<\/p>\n<p>\u201cTambi\u00e9n habr\u00e1n cabalgatas cada hora hacia los sectores m\u00e1s emblem\u00e1ticos de la regi\u00f3n, El Zaino, Jahuelito y El Caj\u00f3n\u201d, detall\u00f3 Odette.<\/p>\n","protected":false},"excerpt":{"rendered":"<p>Roberto Gonz\u00e1lez Short &#8211; rgonzalez@eltrabajo.cl Luego de semanas de meticulosa planificaci\u00f3n y log\u00edstica por parte de personeros del Servicio Nacional de Turismo (Sernatur), la ma\u00f1ana de este lunes fueron anunciados a Diario&#8230;<\/p>\n","protected":false},"author":482,"featured_media":19948,"comment_status":"open","ping_status":"closed","sticky":false,"template":"","format":"standard","meta":{"advanced_seo_description":"","jetpack_seo_html_title":"","jetpack_seo_noindex":false,"_jetpack_memberships_contains_paid_content":false,"footnotes":""},"categories":[15],"tags":[],"class_list":["post-19947","post","type-post","status-publish","format-standard","has-post-thumbnail","hentry","category-comunidad"],"jetpack_featured_media_url":"https:\/\/i0.wp.com\/eltrabajo.cl\/portal\/wp-content\/uploads\/2012\/06\/Artesanos3.jpg?fit=600%2C420&ssl=1","jetpack_sharing_enabled":true,"jetpack_likes_enabled":true,"jetpack-related-posts":[],"_links":{"self":[{"href":"https:\/\/eltrabajo.cl\/portal\/wp-json\/wp\/v2\/posts\/19947","targetHints":{"allow":["GET"]}}],"collection":[{"href":"https:\/\/eltrabajo.cl\/portal\/wp-json\/wp\/v2\/posts"}],"about":[{"href":"https:\/\/eltrabajo.cl\/portal\/wp-json\/wp\/v2\/types\/post"}],"author":[{"embeddable":true,"href":"https:\/\/eltrabajo.cl\/portal\/wp-json\/wp\/v2\/users\/482"}],"replies":[{"embeddable":true,"href":"https:\/\/eltrabajo.cl\/portal\/wp-json\/wp\/v2\/comments?post=19947"}],"version-history":[{"count":0,"href":"https:\/\/eltrabajo.cl\/portal\/wp-json\/wp\/v2\/posts\/19947\/revisions"}],"wp:featuredmedia":[{"embeddable":true,"href":"https:\/\/eltrabajo.cl\/portal\/wp-json\/wp\/v2\/media\/19948"}],"wp:attachment":[{"href":"https:\/\/eltrabajo.cl\/portal\/wp-json\/wp\/v2\/media?parent=19947"}],"wp:term":[{"taxonomy":"category","embeddable":true,"href":"https:\/\/eltrabajo.cl\/portal\/wp-json\/wp\/v2\/categories?post=19947"},{"taxonomy":"post_tag","embeddable":true,"href":"https:\/\/eltrabajo.cl\/portal\/wp-json\/wp\/v2\/tags?post=19947"}],"curies":[{"name":"wp","href":"https:\/\/api.w.org\/{rel}","templated":true}]}}