{"id":19952,"date":"2012-06-26T10:00:42","date_gmt":"2012-06-26T14:00:42","guid":{"rendered":"http:\/\/www.eltrabajo.cl\/portal\/?p=19952"},"modified":"2012-06-26T10:00:44","modified_gmt":"2012-06-26T14:00:44","slug":"violento-incendio-consume-totalmente-sede-social-de-la-villa-departamental","status":"publish","type":"post","link":"https:\/\/eltrabajo.cl\/portal\/violento-incendio-consume-totalmente-sede-social-de-la-villa-departamental\/","title":{"rendered":"Violento incendio consume totalmente sede social de la Villa Departamental"},"content":{"rendered":"<figure id=\"attachment_19953\" aria-describedby=\"caption-attachment-19953\" style=\"width: 600px\" class=\"wp-caption alignnone\"><a href=\"http:\/\/www.eltrabajo.cl\/portal\/2012\/06\/violento-incendio-consume-totalmente-sede-social-de-la-villa-departamental\/sede-destruida\/\" rel=\"attachment wp-att-19953\"><img data-recalc-dims=\"1\" loading=\"lazy\" decoding=\"async\" class=\"size-full wp-image-19953\" title=\"sede destruida\" src=\"https:\/\/i0.wp.com\/www.eltrabajo.cl\/portal\/wp-content\/uploads\/2012\/06\/sede-destruida.jpg?resize=600%2C400\" alt=\"\" width=\"600\" height=\"400\" srcset=\"https:\/\/i0.wp.com\/eltrabajo.cl\/portal\/wp-content\/uploads\/2012\/06\/sede-destruida.jpg?w=600&amp;ssl=1 600w, https:\/\/i0.wp.com\/eltrabajo.cl\/portal\/wp-content\/uploads\/2012\/06\/sede-destruida.jpg?resize=200%2C133&amp;ssl=1 200w, https:\/\/i0.wp.com\/eltrabajo.cl\/portal\/wp-content\/uploads\/2012\/06\/sede-destruida.jpg?resize=300%2C200&amp;ssl=1 300w, https:\/\/i0.wp.com\/eltrabajo.cl\/portal\/wp-content\/uploads\/2012\/06\/sede-destruida.jpg?resize=150%2C100&amp;ssl=1 150w, https:\/\/i0.wp.com\/eltrabajo.cl\/portal\/wp-content\/uploads\/2012\/06\/sede-destruida.jpg?resize=400%2C266&amp;ssl=1 400w\" sizes=\"auto, (max-width: 600px) 100vw, 600px\" \/><\/a><figcaption id=\"caption-attachment-19953\" class=\"wp-caption-text\">Esta vez el fuego destruy\u00f3 pr\u00e1cticamente por completo la sede social. (Foto Fdo D\u00edaz, Servicios Audiovisuales Mundonet).<\/figcaption><\/figure>\n<ul>\n<li><strong>Personas que pernoctaban en el lugar habr\u00edan hecho fuego al interior de la sede de madera, el que se propag\u00f3 por el techo y consumi\u00f3 totalmente la estructura.<\/strong><\/li>\n<\/ul>\n<p>Totalmente consumida por las llamas result\u00f3 la sede social de la villa Departamental, luego que se declarara un incendio en horas de la madrugada de este lunes.<\/p>\n<p>El llamado de emergencia fue recibido por Bomberos a la 1:30 de la ma\u00f1ana de este lunes, donde se informaba que en la sede social, que se ubica en la villa Departamental, se registraban llamas, las que pod\u00edan ser vistas desde la calle Diego de Almagro.<\/p>\n<p>De inmediato los voluntarios se trasladaron al lugar, trabajando en la emergencia 15 bomberos m\u00e1s dos carros, los que al llegar al lugar se encontraron con el incendio declarado y la estructura ardiendo violentamente, ya que se trataba de una construcci\u00f3n de madera.<\/p>\n<figure id=\"attachment_19954\" aria-describedby=\"caption-attachment-19954\" style=\"width: 300px\" class=\"wp-caption alignright\"><a href=\"http:\/\/www.eltrabajo.cl\/portal\/2012\/06\/violento-incendio-consume-totalmente-sede-social-de-la-villa-departamental\/incendio-sede-departamental\/\" rel=\"attachment wp-att-19954\"><img data-recalc-dims=\"1\" loading=\"lazy\" decoding=\"async\" class=\"size-medium wp-image-19954\" title=\"incendio sede departamental\" src=\"https:\/\/i0.wp.com\/www.eltrabajo.cl\/portal\/wp-content\/uploads\/2012\/06\/incendio-sede-departamental-300x200.jpg?resize=300%2C200\" alt=\"\" width=\"300\" height=\"200\" srcset=\"https:\/\/i0.wp.com\/eltrabajo.cl\/portal\/wp-content\/uploads\/2012\/06\/incendio-sede-departamental.jpg?resize=300%2C200&amp;ssl=1 300w, https:\/\/i0.wp.com\/eltrabajo.cl\/portal\/wp-content\/uploads\/2012\/06\/incendio-sede-departamental.jpg?resize=200%2C133&amp;ssl=1 200w, https:\/\/i0.wp.com\/eltrabajo.cl\/portal\/wp-content\/uploads\/2012\/06\/incendio-sede-departamental.jpg?resize=150%2C100&amp;ssl=1 150w, https:\/\/i0.wp.com\/eltrabajo.cl\/portal\/wp-content\/uploads\/2012\/06\/incendio-sede-departamental.jpg?resize=400%2C266&amp;ssl=1 400w, https:\/\/i0.wp.com\/eltrabajo.cl\/portal\/wp-content\/uploads\/2012\/06\/incendio-sede-departamental.jpg?w=600&amp;ssl=1 600w\" sizes=\"auto, (max-width: 300px) 100vw, 300px\" \/><\/a><figcaption id=\"caption-attachment-19954\" class=\"wp-caption-text\">La causa de incendio podr\u00eda ser el fuego hecho por algunas personas que se encontraban al interior de la sede, el que se propag\u00f3 por el techo y consumi\u00f3 totalmente la estructura de madera. (Foto Fdo D\u00edaz, Servicios Audiovisuales Mundonet).<\/figcaption><\/figure>\n<p>Al ver ese panorama los voluntarios se enfocaron en evitar que las llamas se propagaran a las casas vecinas, ya que una de las viviendas se encuentra a escasos metros de distancia.<\/p>\n<p>Los voluntarios trabajaron por m\u00e1s de media hora, controlando la situaci\u00f3n alrededor de las 2 de la ma\u00f1ana, cuando lograron apagar el fuego que se propag\u00f3 por el techo y que consumi\u00f3 totalmente la estructura.<\/p>\n<p><strong>CAUSAS DEL INCENDIO<\/strong><\/p>\n<p>Consultado el comandante de Bomberos Juan Carlos Herrera, por las causas que habr\u00edan producido el siniestro, se\u00f1al\u00f3 que en el interior de la sede se habr\u00edan encontrado algunas personas, que aprovechan de ocupar el lugar para pernoctar, y debido a las bajas temperaturas habr\u00edan hecho fuego al interior de la sede.<\/p>\n<p>Al tratarse de una estructura de madera, el fuego se propag\u00f3 a las murallas y subi\u00f3 al techo, haciendo imposible controlar la situaci\u00f3n.<\/p>\n<p><strong>YA HAB\u00cdA SIDO AFECTADA<\/strong><\/p>\n<p>La sede ya hab\u00eda sufrido un incendio hace unos meses, donde result\u00f3 afectado el techo de la estructura. En esa oportunidad se habr\u00eda producido fuego en un costado de la sede, por el exterior, el que se propag\u00f3 hacia el techo y dej\u00f3 bastante afectada la estructura.<\/p>\n","protected":false},"excerpt":{"rendered":"<p>Personas que pernoctaban en el lugar habr\u00edan hecho fuego al interior de la sede de madera, el que se propag\u00f3 por el techo y consumi\u00f3 totalmente la estructura. Totalmente consumida por las&#8230;<\/p>\n","protected":false},"author":482,"featured_media":19953,"comment_status":"open","ping_status":"closed","sticky":false,"template":"","format":"standard","meta":{"advanced_seo_description":"","jetpack_seo_html_title":"","jetpack_seo_noindex":false,"_jetpack_memberships_contains_paid_content":false,"footnotes":""},"categories":[21],"tags":[],"class_list":["post-19952","post","type-post","status-publish","format-standard","has-post-thumbnail","hentry","category-policial"],"jetpack_featured_media_url":"https:\/\/i0.wp.com\/eltrabajo.cl\/portal\/wp-content\/uploads\/2012\/06\/sede-destruida.jpg?fit=600%2C400&ssl=1","jetpack_sharing_enabled":true,"jetpack_likes_enabled":true,"jetpack-related-posts":[],"_links":{"self":[{"href":"https:\/\/eltrabajo.cl\/portal\/wp-json\/wp\/v2\/posts\/19952","targetHints":{"allow":["GET"]}}],"collection":[{"href":"https:\/\/eltrabajo.cl\/portal\/wp-json\/wp\/v2\/posts"}],"about":[{"href":"https:\/\/eltrabajo.cl\/portal\/wp-json\/wp\/v2\/types\/post"}],"author":[{"embeddable":true,"href":"https:\/\/eltrabajo.cl\/portal\/wp-json\/wp\/v2\/users\/482"}],"replies":[{"embeddable":true,"href":"https:\/\/eltrabajo.cl\/portal\/wp-json\/wp\/v2\/comments?post=19952"}],"version-history":[{"count":0,"href":"https:\/\/eltrabajo.cl\/portal\/wp-json\/wp\/v2\/posts\/19952\/revisions"}],"wp:featuredmedia":[{"embeddable":true,"href":"https:\/\/eltrabajo.cl\/portal\/wp-json\/wp\/v2\/media\/19953"}],"wp:attachment":[{"href":"https:\/\/eltrabajo.cl\/portal\/wp-json\/wp\/v2\/media?parent=19952"}],"wp:term":[{"taxonomy":"category","embeddable":true,"href":"https:\/\/eltrabajo.cl\/portal\/wp-json\/wp\/v2\/categories?post=19952"},{"taxonomy":"post_tag","embeddable":true,"href":"https:\/\/eltrabajo.cl\/portal\/wp-json\/wp\/v2\/tags?post=19952"}],"curies":[{"name":"wp","href":"https:\/\/api.w.org\/{rel}","templated":true}]}}