{"id":19957,"date":"2012-06-26T10:03:04","date_gmt":"2012-06-26T14:03:04","guid":{"rendered":"http:\/\/www.eltrabajo.cl\/portal\/?p=19957"},"modified":"2012-06-26T10:03:04","modified_gmt":"2012-06-26T14:03:04","slug":"en-quintero-detienen-al-%e2%80%98chaucha%e2%80%99-acusado-de-abuso-sexual-el-14-de-mayo","status":"publish","type":"post","link":"https:\/\/eltrabajo.cl\/portal\/en-quintero-detienen-al-%e2%80%98chaucha%e2%80%99-acusado-de-abuso-sexual-el-14-de-mayo\/","title":{"rendered":"En Quintero detienen al \u2018Chaucha\u2019 acusado de abuso sexual el 14 de mayo"},"content":{"rendered":"<figure id=\"attachment_19958\" aria-describedby=\"caption-attachment-19958\" style=\"width: 300px\" class=\"wp-caption alignleft\"><a href=\"http:\/\/www.eltrabajo.cl\/portal\/2012\/06\/en-quintero-detienen-al-%e2%80%98chaucha%e2%80%99-acusado-de-abuso-sexual-el-14-de-mayo\/fiscal-osvaldo-basso-7\/\" rel=\"attachment wp-att-19958\"><img data-recalc-dims=\"1\" loading=\"lazy\" decoding=\"async\" class=\"size-medium wp-image-19958\" title=\"Fiscal Osvaldo Basso\" src=\"https:\/\/i0.wp.com\/www.eltrabajo.cl\/portal\/wp-content\/uploads\/2012\/06\/Fiscal-Osvaldo-Basso-300x225.jpg?resize=300%2C225\" alt=\"\" width=\"300\" height=\"225\" srcset=\"https:\/\/i0.wp.com\/eltrabajo.cl\/portal\/wp-content\/uploads\/2012\/06\/Fiscal-Osvaldo-Basso.jpg?resize=300%2C225&amp;ssl=1 300w, https:\/\/i0.wp.com\/eltrabajo.cl\/portal\/wp-content\/uploads\/2012\/06\/Fiscal-Osvaldo-Basso.jpg?resize=200%2C150&amp;ssl=1 200w, https:\/\/i0.wp.com\/eltrabajo.cl\/portal\/wp-content\/uploads\/2012\/06\/Fiscal-Osvaldo-Basso.jpg?resize=150%2C112&amp;ssl=1 150w, https:\/\/i0.wp.com\/eltrabajo.cl\/portal\/wp-content\/uploads\/2012\/06\/Fiscal-Osvaldo-Basso.jpg?resize=400%2C300&amp;ssl=1 400w, https:\/\/i0.wp.com\/eltrabajo.cl\/portal\/wp-content\/uploads\/2012\/06\/Fiscal-Osvaldo-Basso.jpg?w=600&amp;ssl=1 600w\" sizes=\"auto, (max-width: 300px) 100vw, 300px\" \/><\/a><figcaption id=\"caption-attachment-19958\" class=\"wp-caption-text\">El Fiscal Jefe Osvaldo Basso se\u00f1al\u00f3 que el imputado ser\u00e1 formalizado el d\u00eda de hoy ante el Juzgado de Garant\u00eda de San Felipe, tras encontrarse pr\u00f3fugo de la Justicia.<\/figcaption><\/figure>\n<p>Pablo Salinas Sald\u00edas &#8211; <a href=\"mailto:psalinas@eltrabajo.cl\">psalinas@eltrabajo.cl<\/a><\/p>\n<p>En horas de la ma\u00f1ana de ayer lunes fue detenido el delincuente habitual que se encontraba pr\u00f3fugo de la Justicia, apodado el \u2018Chaucha\u2019, identificado con las iniciales A.A.V.G. de 22 a\u00f1os, luego de ser sorprendido en la v\u00eda p\u00fablica por personal de la PDI de Quintero, el cual ser\u00e1 formalizado el d\u00eda de hoy por dos delitos de robo con intimidaci\u00f3n y abuso sexual.<\/p>\n<p>Seg\u00fan la investigaci\u00f3n abordada por el Ministerio P\u00fablico, el imputado es requerido para ser formalizado por dos delitos de robo con intimidaci\u00f3n donde resultaron afectadazas tres v\u00edctimas el pasado mes de mayo de este a\u00f1o.<\/p>\n<p>Adem\u00e1s el pasado 14 de mayo, un grupo de vecinos de las villas Renacer, 250 A\u00f1os, Industrial y Sol Naciente denunciaron ser v\u00edctimas de un grupo de delincuentes liderados por el \u2018Chaucha\u2019, donde abordaban a mujeres para sustraerles especies y abusar sexualmente de ellas.<\/p>\n<p>De acuerdo a los relatos de los afectados, indican que los robos fueron realizados con armas de fuego y armas blancas en distintos lugares de esas villas antes mencionadas de San Felipe. A esto se le suma el relato de una muchacha de 20 a\u00f1os que fue abordada por el imputado que, armado con un cuchillo, la hizo desnudarse para realizarle tocaciones de tipo sexual y comprobar si manten\u00eda dinero para sustraerle.<\/p>\n<p>Otra de las v\u00edctimas se\u00f1ala que cuando caminaba junto a su pololo por detr\u00e1s del Supermercado Tottus, fue abordada de la misma forma por el imputado junto a otro sujeto apodado el \u2018Cara de Tuto\u2019, quienes armados con un cuchillo los amenazaron de muerte y que de igual forma la mujer fue objeto de abuso sexual.<\/p>\n<p><strong>RI\u00d1A POR DENUNCIA<\/strong><\/p>\n<p>Tras las denuncias emitidas p\u00fablicamente ante la prensa, el caso caus\u00f3 bastante pol\u00e9mica m\u00e1s a\u00fan cuando posteriormente se desat\u00f3 una ri\u00f1a entre los denunciantes y los padres del imputado, quienes agredieron con golpes de pu\u00f1o a Mar\u00eda Irma Fern\u00e1ndez y su esposo Juan Ib\u00e1\u00f1ez, residentes de la Calle Uno de la Villa Renacer, ello porque el matrimonio encabezaba las denuncias que en su oportunidad se hicieron p\u00fablicas por la prensa y que fueron interpuestas adem\u00e1s ante la Gobernaci\u00f3n, Carabineros y la Fiscal\u00eda de San Felipe.<\/p>\n<p>Ahora, tras la intensa b\u00fasqueda por las Polic\u00edas, el sujeto ser\u00e1 formalizado ante el Juzgado de Garant\u00eda de San Felipe por los delitos pendientes que investigar\u00e1 el Ministerio P\u00fablico, seg\u00fan se\u00f1al\u00f3 el Fiscal Jefe Osvaldo Basso: \u201cRecib\u00ed la informaci\u00f3n de parte de la PDI de Quintero de que el imputado hab\u00eda sido detenido en virtud de dos \u00f3rdenes de detenci\u00f3n judicial emanadas del Juzgado de Garant\u00eda de San Felipe, dicha Instituci\u00f3n procedi\u00f3 a su detenci\u00f3n el d\u00eda de hoy (ayer) en horas de la ma\u00f1ana, entendemos que fue en la v\u00eda p\u00fablica para ser puesto a disposici\u00f3n del Tribunal donde ser\u00e1 formalizado en horas de la ma\u00f1ana\u201d, puntualiz\u00f3 el Fiscal.<\/p>\n","protected":false},"excerpt":{"rendered":"<p>Pablo Salinas Sald\u00edas &#8211; psalinas@eltrabajo.cl En horas de la ma\u00f1ana de ayer lunes fue detenido el delincuente habitual que se encontraba pr\u00f3fugo de la Justicia, apodado el \u2018Chaucha\u2019, identificado con las iniciales&#8230;<\/p>\n","protected":false},"author":482,"featured_media":19958,"comment_status":"open","ping_status":"closed","sticky":false,"template":"","format":"standard","meta":{"advanced_seo_description":"","jetpack_seo_html_title":"","jetpack_seo_noindex":false,"_jetpack_memberships_contains_paid_content":false,"footnotes":""},"categories":[21],"tags":[],"class_list":["post-19957","post","type-post","status-publish","format-standard","has-post-thumbnail","hentry","category-policial"],"jetpack_featured_media_url":"https:\/\/i0.wp.com\/eltrabajo.cl\/portal\/wp-content\/uploads\/2012\/06\/Fiscal-Osvaldo-Basso.jpg?fit=600%2C451&ssl=1","jetpack_sharing_enabled":true,"jetpack_likes_enabled":true,"jetpack-related-posts":[],"_links":{"self":[{"href":"https:\/\/eltrabajo.cl\/portal\/wp-json\/wp\/v2\/posts\/19957","targetHints":{"allow":["GET"]}}],"collection":[{"href":"https:\/\/eltrabajo.cl\/portal\/wp-json\/wp\/v2\/posts"}],"about":[{"href":"https:\/\/eltrabajo.cl\/portal\/wp-json\/wp\/v2\/types\/post"}],"author":[{"embeddable":true,"href":"https:\/\/eltrabajo.cl\/portal\/wp-json\/wp\/v2\/users\/482"}],"replies":[{"embeddable":true,"href":"https:\/\/eltrabajo.cl\/portal\/wp-json\/wp\/v2\/comments?post=19957"}],"version-history":[{"count":0,"href":"https:\/\/eltrabajo.cl\/portal\/wp-json\/wp\/v2\/posts\/19957\/revisions"}],"wp:featuredmedia":[{"embeddable":true,"href":"https:\/\/eltrabajo.cl\/portal\/wp-json\/wp\/v2\/media\/19958"}],"wp:attachment":[{"href":"https:\/\/eltrabajo.cl\/portal\/wp-json\/wp\/v2\/media?parent=19957"}],"wp:term":[{"taxonomy":"category","embeddable":true,"href":"https:\/\/eltrabajo.cl\/portal\/wp-json\/wp\/v2\/categories?post=19957"},{"taxonomy":"post_tag","embeddable":true,"href":"https:\/\/eltrabajo.cl\/portal\/wp-json\/wp\/v2\/tags?post=19957"}],"curies":[{"name":"wp","href":"https:\/\/api.w.org\/{rel}","templated":true}]}}