{"id":19973,"date":"2012-06-27T09:35:22","date_gmt":"2012-06-27T13:35:22","guid":{"rendered":"http:\/\/www.eltrabajo.cl\/portal\/?p=19973"},"modified":"2012-06-27T09:35:22","modified_gmt":"2012-06-27T13:35:22","slug":"pdi-realiza-charla-preventiva-en-la-escuela-maria-espinola-de-san-fernando","status":"publish","type":"post","link":"https:\/\/eltrabajo.cl\/portal\/pdi-realiza-charla-preventiva-en-la-escuela-maria-espinola-de-san-fernando\/","title":{"rendered":"PDI realiza charla preventiva en la Escuela Mar\u00eda Esp\u00ednola de San Fernando"},"content":{"rendered":"<figure id=\"attachment_19974\" aria-describedby=\"caption-attachment-19974\" style=\"width: 600px\" class=\"wp-caption alignnone\"><a href=\"http:\/\/www.eltrabajo.cl\/portal\/2012\/06\/pdi-realiza-charla-preventiva-en-la-escuela-maria-espinola-de-san-fernando\/pdi-santamaria\/\" rel=\"attachment wp-att-19974\"><img data-recalc-dims=\"1\" loading=\"lazy\" decoding=\"async\" class=\"size-full wp-image-19974\" title=\"pdi santamaria\" src=\"https:\/\/i0.wp.com\/www.eltrabajo.cl\/portal\/wp-content\/uploads\/2012\/06\/pdi-santamaria.jpg?resize=600%2C318\" alt=\"\" width=\"600\" height=\"318\" srcset=\"https:\/\/i0.wp.com\/eltrabajo.cl\/portal\/wp-content\/uploads\/2012\/06\/pdi-santamaria.jpg?w=600&amp;ssl=1 600w, https:\/\/i0.wp.com\/eltrabajo.cl\/portal\/wp-content\/uploads\/2012\/06\/pdi-santamaria.jpg?resize=200%2C106&amp;ssl=1 200w, https:\/\/i0.wp.com\/eltrabajo.cl\/portal\/wp-content\/uploads\/2012\/06\/pdi-santamaria.jpg?resize=300%2C159&amp;ssl=1 300w, https:\/\/i0.wp.com\/eltrabajo.cl\/portal\/wp-content\/uploads\/2012\/06\/pdi-santamaria.jpg?resize=150%2C79&amp;ssl=1 150w, https:\/\/i0.wp.com\/eltrabajo.cl\/portal\/wp-content\/uploads\/2012\/06\/pdi-santamaria.jpg?resize=400%2C212&amp;ssl=1 400w\" sizes=\"auto, (max-width: 600px) 100vw, 600px\" \/><\/a><figcaption id=\"caption-attachment-19974\" class=\"wp-caption-text\">Alumnos y profesores de la Escuela Mar\u00eda Esp\u00ednola de San Fernando, junto a personal de la PDI que dict\u00f3 la charla.<\/figcaption><\/figure>\n<p><strong>SANTA MAR\u00cdA.-<\/strong> En la Escuela \u2018Mar\u00eda Esp\u00ednola\u2019 de San Fernando se realiz\u00f3 una charla preventiva dictada por la Polic\u00eda de Investigaciones de San Felipe, dirigida a los alumnos y alumnas del establecimiento. En dicha ocasi\u00f3n se dio a conocer los efectos perjudiciales del consumo de drogas il\u00edcitas en el organismo de los ni\u00f1os y ni\u00f1as, adem\u00e1s de mostrar el trabajo que realiza la Polic\u00eda de Investigaciones.<\/p>\n<p>La actividad cont\u00f3 con el apoyo de la Oficina Senda Previene del Servicio Nacional para la Prevenci\u00f3n y Rehabilitaci\u00f3n del Consumo de Drogas y Alcohol.<\/p>\n<p>Se abordaron distintos temas de inter\u00e9s, destacando el de la responsabilidad juvenil y las consecuencias f\u00edsicas, psicol\u00f3gicas y sociales al verse involucrados en el transporte o microtr\u00e1fico de drogas. La Charla estuvo a cargo de dos funcionarios de la Polic\u00eda de Investigaciones de San Felipe, contando con un marco de p\u00fablico de aproximadamente 30 alumnos de quinto a octavo a\u00f1o b\u00e1sico y seis profesores. Tambi\u00e9n estuvieron presentes la Directora de la Escuela Mar\u00eda Esp\u00ednola de San Fernando, M\u00f3nica Moyano Aceituno, y las profesionales de la oficina Senda Previene de Santa Mar\u00eda.<\/p>\n<p>Es importante destacar que la exposici\u00f3n fue acogida con mucho inter\u00e9s y entusiasmo por parte de los presentes, resolviendo las dudas que involucra dicha tem\u00e1tica y enmarc\u00e1ndose en los lineamientos institucionales actuales que tienen como fin el de ense\u00f1ar a la comunidad escolar c\u00f3mo prevenir oportunamente los delitos que conlleva el consumo de drogas y qu\u00e9 pasos debemos seguir al encontrarnos en presencia de un il\u00edcito cometido, ya sea por consumo o tr\u00e1fico de drogas, al interior de un establecimiento educativo.<\/p>\n","protected":false},"excerpt":{"rendered":"<p>SANTA MAR\u00cdA.- En la Escuela \u2018Mar\u00eda Esp\u00ednola\u2019 de San Fernando se realiz\u00f3 una charla preventiva dictada por la Polic\u00eda de Investigaciones de San Felipe, dirigida a los alumnos y alumnas del establecimiento&#8230;.<\/p>\n","protected":false},"author":482,"featured_media":19974,"comment_status":"open","ping_status":"closed","sticky":false,"template":"","format":"standard","meta":{"advanced_seo_description":"","jetpack_seo_html_title":"","jetpack_seo_noindex":false,"_jetpack_memberships_contains_paid_content":false,"footnotes":""},"categories":[1],"tags":[],"class_list":["post-19973","post","type-post","status-publish","format-standard","has-post-thumbnail","hentry","category-cronica"],"jetpack_featured_media_url":"https:\/\/i0.wp.com\/eltrabajo.cl\/portal\/wp-content\/uploads\/2012\/06\/pdi-santamaria.jpg?fit=600%2C318&ssl=1","jetpack_sharing_enabled":true,"jetpack_likes_enabled":true,"jetpack-related-posts":[],"_links":{"self":[{"href":"https:\/\/eltrabajo.cl\/portal\/wp-json\/wp\/v2\/posts\/19973","targetHints":{"allow":["GET"]}}],"collection":[{"href":"https:\/\/eltrabajo.cl\/portal\/wp-json\/wp\/v2\/posts"}],"about":[{"href":"https:\/\/eltrabajo.cl\/portal\/wp-json\/wp\/v2\/types\/post"}],"author":[{"embeddable":true,"href":"https:\/\/eltrabajo.cl\/portal\/wp-json\/wp\/v2\/users\/482"}],"replies":[{"embeddable":true,"href":"https:\/\/eltrabajo.cl\/portal\/wp-json\/wp\/v2\/comments?post=19973"}],"version-history":[{"count":0,"href":"https:\/\/eltrabajo.cl\/portal\/wp-json\/wp\/v2\/posts\/19973\/revisions"}],"wp:featuredmedia":[{"embeddable":true,"href":"https:\/\/eltrabajo.cl\/portal\/wp-json\/wp\/v2\/media\/19974"}],"wp:attachment":[{"href":"https:\/\/eltrabajo.cl\/portal\/wp-json\/wp\/v2\/media?parent=19973"}],"wp:term":[{"taxonomy":"category","embeddable":true,"href":"https:\/\/eltrabajo.cl\/portal\/wp-json\/wp\/v2\/categories?post=19973"},{"taxonomy":"post_tag","embeddable":true,"href":"https:\/\/eltrabajo.cl\/portal\/wp-json\/wp\/v2\/tags?post=19973"}],"curies":[{"name":"wp","href":"https:\/\/api.w.org\/{rel}","templated":true}]}}