{"id":19981,"date":"2012-06-27T09:39:15","date_gmt":"2012-06-27T13:39:15","guid":{"rendered":"http:\/\/www.eltrabajo.cl\/portal\/?p=19981"},"modified":"2012-06-27T09:39:15","modified_gmt":"2012-06-27T13:39:15","slug":"diputado-gaspar-rivas-partidario-de-fijar-sueldo-minimo-en-200-mil-pesos","status":"publish","type":"post","link":"https:\/\/eltrabajo.cl\/portal\/diputado-gaspar-rivas-partidario-de-fijar-sueldo-minimo-en-200-mil-pesos\/","title":{"rendered":"Diputado Gaspar Rivas partidario de fijar sueldo m\u00ednimo en 200 mil pesos"},"content":{"rendered":"<figure id=\"attachment_19982\" aria-describedby=\"caption-attachment-19982\" style=\"width: 300px\" class=\"wp-caption alignleft\"><a href=\"http:\/\/www.eltrabajo.cl\/portal\/2012\/06\/diputado-gaspar-rivas-partidario-de-fijar-sueldo-minimo-en-200-mil-pesos\/gaspar-rivas-3\/\" rel=\"attachment wp-att-19982\"><img data-recalc-dims=\"1\" loading=\"lazy\" decoding=\"async\" class=\"size-medium wp-image-19982\" title=\"gaspar rivas\" src=\"https:\/\/i0.wp.com\/www.eltrabajo.cl\/portal\/wp-content\/uploads\/2012\/06\/gaspar-rivas1-300x225.jpg?resize=300%2C225\" alt=\"\" width=\"300\" height=\"225\" srcset=\"https:\/\/i0.wp.com\/eltrabajo.cl\/portal\/wp-content\/uploads\/2012\/06\/gaspar-rivas1.jpg?resize=300%2C225&amp;ssl=1 300w, https:\/\/i0.wp.com\/eltrabajo.cl\/portal\/wp-content\/uploads\/2012\/06\/gaspar-rivas1.jpg?resize=200%2C150&amp;ssl=1 200w, https:\/\/i0.wp.com\/eltrabajo.cl\/portal\/wp-content\/uploads\/2012\/06\/gaspar-rivas1.jpg?resize=150%2C112&amp;ssl=1 150w, https:\/\/i0.wp.com\/eltrabajo.cl\/portal\/wp-content\/uploads\/2012\/06\/gaspar-rivas1.jpg?resize=400%2C300&amp;ssl=1 400w, https:\/\/i0.wp.com\/eltrabajo.cl\/portal\/wp-content\/uploads\/2012\/06\/gaspar-rivas1.jpg?w=600&amp;ssl=1 600w\" sizes=\"auto, (max-width: 300px) 100vw, 300px\" \/><\/a><figcaption id=\"caption-attachment-19982\" class=\"wp-caption-text\">El Diputado Gaspar Rivas sostuvo que el Gobierno debe hacer un esfuerzo para llegar a sueldo m\u00ednimo de 200 mil pesos.<\/figcaption><\/figure>\n<p>Ante la discusi\u00f3n por el sueldo m\u00ednimo, el Diputado Gaspar Rivas sostuvo p\u00fablicamente que el Gobierno debe hacer un esfuerzo para llegar a los 200 mil pesos que propone Renovaci\u00f3n Nacional, por lo que espera que proyecto cuando sea reingresado al Senado por el Ejecutivo, considere un aumento pensando en una remuneraci\u00f3n m\u00ednima digna.<\/p>\n<p>El parlamentario indic\u00f3 que en la discusi\u00f3n existente en el Congreso, su posici\u00f3n ha sido muy clara: \u201cVot\u00e9 por la idea de legislar, pero que iba a rechazar el guarismo, la cantidad de 193 mil pesos que ofrec\u00eda el Gobierno. Desgraciadamente la Concertaci\u00f3n vot\u00f3 en contra y ech\u00f3 por tierra la idea de legislar y el proyecto tendr\u00e1 que ser reingresado al Senado por parte del Ejecutivo\u201d.<\/p>\n<p>En el marco de dicha discusi\u00f3n, el Diputado por Aconcagua se\u00f1al\u00f3 enf\u00e1ticamente que considera que la cifra de 193 mil pesos ofrecida por el Gobierno es absolutamente insuficiente: \u201cCreo que nosotros podemos llegar a una cifra redonda de 200 mil pesos, pienso que es una cantidad que se acerca un poco a un sueldo m\u00ednimo medianamente digno y creo que a eso deber\u00eda tratar de llegar el Gobierno\u201d.<\/p>\n<p>El parlamentario sostuvo que las posturas sobre el tema est\u00e1n en la mesa y por ello espera que el Ejecutivo, cuando ingrese nuevamente el proyecto al Senado, haya mejorado la propuesta; \u201cy que cuando salga de la C\u00e1mara Alta nos llegue con una cantidad dentro de lo que aspiramos, porque la verdad es que la cifra actual de 193 mil pesos, es absolutamente insuficiente\u201d.<\/p>\n<p>Rivas asever\u00f3 que el pa\u00eds est\u00e1 preparado para hacer un esfuerzo; \u201ccreo que nuestra econom\u00eda est\u00e1 lo suficientemente fortalecida como para llegar a una cifra de 200 mil pesos, sin que se ponga necesariamente en peligro la capacidad de empleabilidad, la capacidad de generar empleos por parte de la peque\u00f1a y mediana empresa de nuestro pa\u00eds, que son las que normalmente pagan los sueldos m\u00ednimos, porque se supone que las grandes empresas se supone que pagan sueldos un poco superiores al m\u00ednimo\u201d.<\/p>\n<p>En ese contexto el Diputado Gaspar Rivas llam\u00f3 al Ejecutivo a elaborar una propuesta digna para quienes actualmente viven del sueldo m\u00ednimo; \u201cespecialmente al Ministro de Hacienda Felipe Larra\u00edn, para que con una mano en el coraz\u00f3n comprenda que la cifra que est\u00e1 ofreciendo es un poco exigua y podemos hacer un esfuerzo en conjunto y llegar a los 200 mil pesos\u201d.<\/p>\n<p>Asimismo dijo que esta es una gran oportunidad para el Gobierno del Presidente Sebasti\u00e1n Pi\u00f1era de dar una se\u00f1al en el tema social; \u201ces el momento oportuno para poder manifestar a la ciudadan\u00eda que este es un Gobierno que se atreve, que no tiene complejos a la hora de ejercer los derechos de los trabajadores\u201d.<\/p>\n","protected":false},"excerpt":{"rendered":"<p>Ante la discusi\u00f3n por el sueldo m\u00ednimo, el Diputado Gaspar Rivas sostuvo p\u00fablicamente que el Gobierno debe hacer un esfuerzo para llegar a los 200 mil pesos que propone Renovaci\u00f3n Nacional, por&#8230;<\/p>\n","protected":false},"author":482,"featured_media":19982,"comment_status":"open","ping_status":"closed","sticky":false,"template":"","format":"standard","meta":{"advanced_seo_description":"","jetpack_seo_html_title":"","jetpack_seo_noindex":false,"_jetpack_memberships_contains_paid_content":false,"footnotes":""},"categories":[16],"tags":[],"class_list":["post-19981","post","type-post","status-publish","format-standard","has-post-thumbnail","hentry","category-politica"],"jetpack_featured_media_url":"https:\/\/i0.wp.com\/eltrabajo.cl\/portal\/wp-content\/uploads\/2012\/06\/gaspar-rivas1.jpg?fit=600%2C451&ssl=1","jetpack_sharing_enabled":true,"jetpack_likes_enabled":true,"jetpack-related-posts":[],"_links":{"self":[{"href":"https:\/\/eltrabajo.cl\/portal\/wp-json\/wp\/v2\/posts\/19981","targetHints":{"allow":["GET"]}}],"collection":[{"href":"https:\/\/eltrabajo.cl\/portal\/wp-json\/wp\/v2\/posts"}],"about":[{"href":"https:\/\/eltrabajo.cl\/portal\/wp-json\/wp\/v2\/types\/post"}],"author":[{"embeddable":true,"href":"https:\/\/eltrabajo.cl\/portal\/wp-json\/wp\/v2\/users\/482"}],"replies":[{"embeddable":true,"href":"https:\/\/eltrabajo.cl\/portal\/wp-json\/wp\/v2\/comments?post=19981"}],"version-history":[{"count":0,"href":"https:\/\/eltrabajo.cl\/portal\/wp-json\/wp\/v2\/posts\/19981\/revisions"}],"wp:featuredmedia":[{"embeddable":true,"href":"https:\/\/eltrabajo.cl\/portal\/wp-json\/wp\/v2\/media\/19982"}],"wp:attachment":[{"href":"https:\/\/eltrabajo.cl\/portal\/wp-json\/wp\/v2\/media?parent=19981"}],"wp:term":[{"taxonomy":"category","embeddable":true,"href":"https:\/\/eltrabajo.cl\/portal\/wp-json\/wp\/v2\/categories?post=19981"},{"taxonomy":"post_tag","embeddable":true,"href":"https:\/\/eltrabajo.cl\/portal\/wp-json\/wp\/v2\/tags?post=19981"}],"curies":[{"name":"wp","href":"https:\/\/api.w.org\/{rel}","templated":true}]}}